{"id":319238,"date":"2026-08-11T13:15:16","date_gmt":"2026-08-11T13:15:16","guid":{"rendered":"https:\/\/www.europesays.com\/no\/319238\/"},"modified":"2026-08-11T13:15:16","modified_gmt":"2026-08-11T13:15:16","slug":"kbk-fotball-far-draktnummer-11","status":"publish","type":"post","link":"https:\/\/www.europesays.com\/no\/319238\/","title":{"rendered":"KBK, Fotball | F\u00e5r draktnummer 11"},"content":{"rendered":"\n<p>\u2013 Det f\u00f8les veldig fint, og jeg gleder meg til \u00e5 komme i gang. Det er en fin gjeng her i Kristiansund med masse potensial, og jeg har stor tro p\u00e5 at dette blir bra, sier Zymer Bytyqi til KBK i en pressemelding.<\/p>\n<p>KBK bekrefter i pressemeldingen at kantspilleren ikke lenger er klubbl\u00f8s. Han har signert en kontrakt med KBK som strekker seg ut 2027-sesongen. Bytyqi skal spille med 11 p\u00e5 ryggen.<\/p>\n<p>Dette meldte TK allerede mandag.<\/p>\n<p>  <a href=\"https:\/\/www.tk.no\/5-51-1895652\" class=\"related-teaser has-image article--c-MkAkR\" rel=\"nofollow noopener\" target=\"_blank\"><\/p>\n<p>    <img decoding=\"async\" width=\"155\"  loading=\"lazy\"  src=\"https:\/\/www.europesays.com\/no\/wp-content\/uploads\/2026\/08\/1786454115_843_DSC_1032.JPG\" alt=\"\" class=\"brick-c-cFOWSL\" style=\"\"\/><\/p>\n<p>\n            Les ogs\u00e5<\/p>\n<p>            Bytyqi enig med KBK\n        <\/p>\n<p>  <\/a><br \/>\n  Fint med f\u00f8lelser<\/p>\n<p>Bytyqi fulgte kampen mot Molde fra tribunen p\u00e5 Nordm\u00f8re stadion, etter \u00e5 ha trent med sine nye medspillere i en uke.<\/p>\n<p>\u2013 Det var en viktig seier for oss, og det var fint \u00e5 se at det var s\u00e5 mye f\u00f8lelser involvert, sier Bytyqi.<\/p>\n<p>N\u00e5 ser han fram til \u00e5 v\u00e6re p\u00e5 banen for KBK selv:<\/p>\n<p>\u2013 Forh\u00e5pentlig skal jeg bidra med m\u00e5l, assists og kanskje noe show. Det kommer til \u00e5 bli en fin h\u00f8st, der vi skal jakte trepoengere samtidig som vi skal utvikle oss.<\/p>\n<p>  <a href=\"https:\/\/www.tk.no\/5-51-1896065\" class=\"related-teaser has-image article--c-MkAkR\" rel=\"nofollow noopener\" target=\"_blank\"><\/p>\n<p>    <img decoding=\"async\" width=\"155\"  loading=\"lazy\"  src=\"https:\/\/www.europesays.com\/no\/wp-content\/uploads\/2026\/08\/NTB_Pzu5NDJ9IWc.jpg\" alt=\"\" class=\"brick-c-cFOWSL\" style=\"\"\/><\/p>\n<p>\n            Les ogs\u00e5<\/p>\n<p>            Slo Molde igjen: \u2013 Det er s\u00e5 vakkert, s\u00e5 vakkert!\n        <\/p>\n<p>  <\/a><br \/>\n  26 landskamper<\/p>\n<p>Zymer Bytyqi har spilt for klubber som Viking, RB Salzburg, Olympiakos og CSKA Sofia. Bytyqi har 26 kamper p\u00e5 seniorniv\u00e5 for Kosovos landslag.<\/p>\n<p>N\u00e5 er kantspilleren tilbake i norsk fotball.<\/p>\n<p>\u2013 Det blir g\u00f8y. Jeg har kjent p\u00e5 at jeg aller helst vil v\u00e6re i Eliteserien, og det er fint at jeg kan gj\u00f8re det her i KBK, sier Bytyqi.<\/p>\n<p>  <a href=\"https:\/\/www.tk.no\/5-51-1896258\" class=\"related-teaser has-image article--c-MkAkR\" rel=\"nofollow noopener\" target=\"_blank\"><\/p>\n<p>    <img decoding=\"async\" width=\"155\"  loading=\"lazy\"  src=\"https:\/\/www.europesays.com\/no\/wp-content\/uploads\/2026\/08\/_DSC5033.jpg\" alt=\"\" class=\"brick-c-cFOWSL\" style=\"\"\/><\/p>\n<p>\n            Les ogs\u00e5<\/p>\n<p>            Ber KBK handle f\u00f8r skuta synker\n        <\/p>\n<p>  <\/a><\/p>\n<p><a class=\"brick-c-hOTghF\" href=\"#skip-\">Hopp over karusellen.<\/a><\/p>\n<p data-static=\"\" class=\"brick-c-fgNmNC\" id=\"carousel-title-\">Innholdskarusell med 20 artikler.<\/p>\n<ul data-static=\"\" aria-label=\"Navigasjon for innholdskarusell\" class=\"carousel-nav\">\n<li>\n<\/li>\n<li>\n<\/li>\n<\/ul>\n","protected":false},"excerpt":{"rendered":"\u2013 Det f\u00f8les veldig fint, og jeg gleder meg til \u00e5 komme i gang. Det er en fin&hellip;\n","protected":false},"author":2,"featured_media":319239,"comment_status":"","ping_status":"","sticky":false,"template":"","format":"standard","meta":{"footnotes":"","_share_on_mastodon":"0"},"categories":[59],"tags":[36,92,3219,30,28,29,927,83,82,1510],"class_list":["post-319238","post","type-post","status-publish","format-standard","has-post-thumbnail","category-sport","tag-art","tag-fotball","tag-kbk","tag-no","tag-norge","tag-norway","tag-silly-season","tag-sport","tag-sports","tag-story"],"share_on_mastodon":{"url":"https:\/\/pubeurope.com\/@no\/117077064593730924","error":""},"_links":{"self":[{"href":"https:\/\/www.europesays.com\/no\/wp-json\/wp\/v2\/posts\/319238","targetHints":{"allow":["GET"]}}],"collection":[{"href":"https:\/\/www.europesays.com\/no\/wp-json\/wp\/v2\/posts"}],"about":[{"href":"https:\/\/www.europesays.com\/no\/wp-json\/wp\/v2\/types\/post"}],"author":[{"embeddable":true,"href":"https:\/\/www.europesays.com\/no\/wp-json\/wp\/v2\/users\/2"}],"replies":[{"embeddable":true,"href":"https:\/\/www.europesays.com\/no\/wp-json\/wp\/v2\/comments?post=319238"}],"version-history":[{"count":0,"href":"https:\/\/www.europesays.com\/no\/wp-json\/wp\/v2\/posts\/319238\/revisions"}],"wp:featuredmedia":[{"embeddable":true,"href":"https:\/\/www.europesays.com\/no\/wp-json\/wp\/v2\/media\/319239"}],"wp:attachment":[{"href":"https:\/\/www.europesays.com\/no\/wp-json\/wp\/v2\/media?parent=319238"}],"wp:term":[{"taxonomy":"category","embeddable":true,"href":"https:\/\/www.europesays.com\/no\/wp-json\/wp\/v2\/categories?post=319238"},{"taxonomy":"post_tag","embeddable":true,"href":"https:\/\/www.europesays.com\/no\/wp-json\/wp\/v2\/tags?post=319238"}],"curies":[{"name":"wp","href":"https:\/\/api.w.org\/{rel}","templated":true}]}}