{"id":31936,"date":"2025-09-10T18:40:18","date_gmt":"2025-09-10T18:40:18","guid":{"rendered":"https:\/\/www.europesays.com\/no\/31936\/"},"modified":"2025-09-10T18:40:18","modified_gmt":"2025-09-10T18:40:18","slug":"gatekamper-i-flere-franske-byer-naer-300-pagrepet","status":"publish","type":"post","link":"https:\/\/www.europesays.com\/no\/31936\/","title":{"rendered":"Gatekamper i flere franske byer \u2013 n\u00e6r 300 p\u00e5grepet"},"content":{"rendered":"\n<p class=\"_lead_ew2ao_2 _lead_xtcu6_50 layout-component text-serif-m layout-normal text-serif-l layout-component layout-wide layout-padded _wide_17hqh_1 layout-padded\">Rasende demonstranter fylte onsdag gatene i byer over hele Frankrike i regi av protestbevegelsen \u00abLa oss blokkere alt\u00bb. Nesten 300 er p\u00e5grepet p\u00e5 landsbasis.<\/p>\n<p><img alt=\" Foto: Stephane Mahe \/ Reuters \/ NTB\" class=\"_image_qp4xg_65 layout-component layout-wide\" data-fullscreen- data-track-element-type=\"Article image fullscreen\" data-track-name=\"ImageFullscreen\" fetchpriority=\"high\" decoding=\"sync\" loading=\"eager\" height=\"3870\" itemprop=\"image\"  src=\"https:\/\/www.europesays.com\/no\/wp-content\/uploads\/2025\/09\/e2680334-6fd6-4d6d-a2b9-4a42907354b9\"  style=\"object-position:0% 0%\" width=\"5807\"\/> Foto: Stephane Mahe \/ Reuters \/ NTB<\/p>\n<ul aria-hidden=\"true\" class=\"_images_1y6fe_106\">\n<li><a class=\"_link_1y6fe_111\" href=\"https:\/\/www.vg.no\/forfatter\/ntb\" style=\"z-index:1\" title=\"NTB\" rel=\"nofollow noopener\" target=\"_blank\"><img alt=\"Bilde av NTB\" class=\"_image_1y6fe_88\" fetchpriority=\"low\" loading=\"lazy\" decoding=\"async\" itemprop=\"image\"  src=\"https:\/\/www.europesays.com\/no\/wp-content\/uploads\/2025\/09\/1757529615_332_c33980b0-5d07-4027-84a1-813f90a7c8d6\"  width=\"480\"\/><\/a><\/li>\n<\/ul>\n<p> Oppdatert onsdag 10. september kl. 18:26     <\/p>\n<p class=\"_paragraph_ew2ao_4 _paragraph_xtcu6_10 layout-component text-serif-m layout-normal text-serif-m layout-padded\">I Paris br\u00f8t det ut gatekamper mellom demonstranter og politiet, og det ble tidlig meldt at minst 75 personer var p\u00e5grepet.<\/p>\n<p class=\"_paragraph_ew2ao_4 _paragraph_xtcu6_10 layout-component text-serif-m layout-normal text-serif-m layout-padded\">I en rekke byer har demonstranter blokkert veier og satt fyr p\u00e5 gjenstander, mens politiet har svart med t\u00e5regass.<\/p>\n<p class=\"_paragraph_ew2ao_4 _paragraph_xtcu6_10 layout-component text-serif-m layout-normal text-serif-m layout-padded\">Protestbevegelsen \u00abLa oss blokkere alt\u00bb er nettbasert og uten noen sentral ledelse. <\/p>\n<ul class=\"_gallery_1qa3s_23\" tabindex=\"0\">\n<li class=\"_item_1qa3s_37\" data-index=\"0\"><img decoding=\"async\" class=\"_image_foru8_23 _articleGallery_foru8_39\" data-fullscreen- width=\"8192\" height=\"5464\" itemprop=\"image\" loading=\"lazy\"  src=\"https:\/\/www.europesays.com\/no\/wp-content\/uploads\/2025\/09\/eaa35364-d8be-4a44-b2cc-0764005f5e1e\"  style=\"object-position:50% 50%;aspect-ratio:var(--gallery-aspect-ratio, 16 \/ 9)\"\/>Foto: YOAN VALAT \/ EPA \/ NTB<\/li>\n<li class=\"_item_1qa3s_37\" data-index=\"1\"><img decoding=\"async\" class=\"_image_foru8_23 _articleGallery_foru8_39\" data-fullscreen- width=\"6000\" height=\"4000\" itemprop=\"image\" loading=\"lazy\"  src=\"https:\/\/www.europesays.com\/no\/wp-content\/uploads\/2025\/09\/11ae4b23-053d-492e-a70d-87b936f7ef75\"  style=\"object-position:50% 50%;aspect-ratio:var(--gallery-aspect-ratio, 16 \/ 9)\"\/>Foto: Jean-Francois Badias \/ AP \/ NTB<\/li>\n<li class=\"_item_1qa3s_37\" data-index=\"2\"><img decoding=\"async\" class=\"_image_foru8_23 _articleGallery_foru8_39\" data-fullscreen- width=\"3096\" height=\"2064\" itemprop=\"image\" loading=\"lazy\"  src=\"https:\/\/www.europesays.com\/no\/wp-content\/uploads\/2025\/09\/cc4a4257-0c3b-4c91-8a36-9f026c8e8010\"  style=\"object-position:50% 50%;aspect-ratio:var(--gallery-aspect-ratio, 16 \/ 9)\"\/>Foto: Abdul Saboor \/ Reuters \/ NTB<\/li>\n<li class=\"_item_1qa3s_37\" data-index=\"3\"><img decoding=\"async\" class=\"_image_foru8_23 _articleGallery_foru8_39\" data-fullscreen- width=\"8192\" height=\"5464\" itemprop=\"image\" loading=\"lazy\"  src=\"https:\/\/www.europesays.com\/no\/wp-content\/uploads\/2025\/09\/48212d67-ddf5-4f4d-8e76-5b4a1a88995c\"  style=\"object-position:50% 50%;aspect-ratio:var(--gallery-aspect-ratio, 16 \/ 9)\"\/>Demonstranter blokkerer inngangen til en skole i Roubaix nord i Frankrike.  Foto: Jean-Fran\u00e7ois Badias \/ AP \/ NTB<\/li>\n<\/ul>\n<p>Foto: YOAN VALAT \/ EPA \/ NTB<\/p>\n<p class=\"_paragraph_ew2ao_4 _paragraph_xtcu6_10 layout-component text-serif-m layout-normal text-serif-m layout-padded\">Den dukket opp i h\u00f8yreorienterte nettforum i v\u00e5res, men er etter hvert blitt overtatt av venstrefl\u00f8yen.<\/p>\n<p class=\"_paragraph_ew2ao_4 _paragraph_xtcu6_10 layout-component text-serif-m layout-normal text-serif-m layout-padded\">Ogs\u00e5 fagbevegelsen har gitt sin st\u00f8tte til protestene.<\/p>\n<p class=\"_paragraph_ew2ao_4 _paragraph_xtcu6_10 layout-component text-serif-m layout-normal text-serif-m layout-padded\">N\u00e6r 300 demonstranter har blitt p\u00e5grepet p\u00e5 landsbasis, og rundt 200 av disse ble p\u00e5grepet i Paris. Mange av demonstrasjonene var imidlertid fredelige.<\/p>\n<p>   Vil stanse trafikken<\/p>\n<p class=\"_paragraph_ew2ao_4 _paragraph_xtcu6_10 layout-component text-serif-m layout-normal text-serif-m layout-padded\">I Bordeaux fors\u00f8kte rundt 50 hettekledde mennesker \u00e5 sperre trafikken i morgentimene, opplyser innenriksminister Bruno Retailleau.<\/p>\n<p class=\"_paragraph_ew2ao_4 _paragraph_xtcu6_10 layout-component text-serif-m layout-normal text-serif-m layout-padded\">Det er ogs\u00e5 meldt om aksjoner i Marseille, Montpellier, Nantes og Lyon.<\/p>\n<p><img alt=\"En politimann foran veltede s\u00f8ppelbokser i Paris. Han er en av flere tusen politifolk som skal fors\u00f8ke \u00e5 hindre protestaksjoner i regi av bevegelsen \u00abLa oss blokkere alt\u00bb.   Foto: Thibault Camus \/ AP \/ NTB\" class=\"_image_qp4xg_65 layout-component layout-normal\" data-fullscreen- data-track-element-type=\"Article image fullscreen\" data-track-name=\"ImageFullscreen\" decoding=\"async\" loading=\"lazy\" height=\"5760\" itemprop=\"image\"  src=\"https:\/\/www.europesays.com\/no\/wp-content\/uploads\/2025\/09\/84d3f454-164d-4901-9d39-306b4af5330b\"  style=\"object-position:0% 0%\" width=\"8640\"\/>En politimann foran veltede s\u00f8ppelbokser i Paris. Han er en av flere tusen politifolk som skal fors\u00f8ke \u00e5 hindre protestaksjoner i regi av bevegelsen \u00abLa oss blokkere alt\u00bb.   Foto: Thibault Camus \/ AP \/ NTB<\/p>\n<p class=\"_paragraph_ew2ao_4 _paragraph_xtcu6_10 layout-component text-serif-m layout-normal text-serif-m layout-padded\">If\u00f8lge franske medier var det ventet rundt 100.000 demonstranter i franske gater.<\/p>\n<p class=\"_paragraph_ew2ao_4 _paragraph_xtcu6_10 layout-component text-serif-m layout-normal text-serif-m layout-padded\">Myndighetene har p\u00e5 sin side utplassert 80.000 politifolk for \u00e5 demme opp for aksjonene.<\/p>\n<p><img alt=\"Fransk politi avfyrer t\u00e5regass mot demonstranter i Marseille.   Foto: Philippe Magoni \/ AP \/ NTB\" class=\"_image_qp4xg_65 layout-component layout-normal\" data-fullscreen- data-track-element-type=\"Article image fullscreen\" data-track-name=\"ImageFullscreen\" decoding=\"async\" loading=\"lazy\" height=\"2303\" itemprop=\"image\"  src=\"https:\/\/www.europesays.com\/no\/wp-content\/uploads\/2025\/09\/1c1c4f6e-651b-4bca-a876-ffbe59623258\"  style=\"object-position:0% 0%\" width=\"3881\"\/>Fransk politi avfyrer t\u00e5regass mot demonstranter i Marseille.   Foto: Philippe Magoni \/ AP \/ NTB<\/p>\n<p class=\"_paragraph_ew2ao_4 _paragraph_xtcu6_10 layout-component text-serif-m layout-normal text-serif-m layout-padded\">Protestene er rettet spesielt mot president Emmanuel Macron og budsjettkuttene som regjeringen har foresl\u00e5tt for \u00e5 f\u00e5 kontroll p\u00e5 <a href=\"https:\/\/www.vg.no\/tag\/frankrike?utm_source=vg-article&amp;utm_medium=auto-tagger&amp;utm_campaign=almap2\" class=\"_link_ew2ao_39\" rel=\"nofollow noopener\" target=\"_blank\">Frankrikes<\/a> statsgjeld. <\/p>\n<p>Stor frustrasjon<\/p>\n<p class=\"_paragraph_ew2ao_4 _paragraph_xtcu6_10 layout-component text-serif-m layout-normal text-serif-m layout-padded\">Mange er frustrert over hele det politiske systemet og manglende endring etter venstresidens valgseier i fjor\u00e5rets valg p\u00e5 ny nasjonalforsamling. <\/p>\n<p class=\"_paragraph_ew2ao_4 _paragraph_xtcu6_10 layout-component text-serif-m layout-normal text-serif-m layout-padded\">\u2013 Jeg er ekstremt sint p\u00e5 det politiske systemet i Frankrike, som favoriserer store selskaper, som favoriserer styrtrike milliard\u00e6rer, og som undergraver rettighetene til vanlige franske borgere \u2013 nettopp de som holder landet i gang, sier en av aksjonistene, Mathieu Jaguelin til Reuters.<\/p>\n<p class=\"_paragraph_ew2ao_4 _paragraph_xtcu6_10 layout-component text-serif-m layout-normal text-serif-m layout-padded\">Den 43 \u00e5r gamle mannen jobber som turguide s\u00f8rvest i Frankrike og deltar i flere av bevegelsens forum p\u00e5 den sosiale plattformen Telegram. <\/p>\n<p><img alt=\"Demonstranter passerer en skulptur der noen har skrevet \u00abG\u00e5 av, Macron!\u00bb i Marseille.   Foto: Philippe Magoni \/ AP \/ NTB\" class=\"_image_qp4xg_65 layout-component layout-normal\" data-fullscreen- data-track-element-type=\"Article image fullscreen\" data-track-name=\"ImageFullscreen\" decoding=\"async\" loading=\"lazy\" height=\"2902\" itemprop=\"image\"  src=\"https:\/\/www.europesays.com\/no\/wp-content\/uploads\/2025\/09\/503bf2d5-bdf6-4d2b-ab3e-1ba4cf381ea8\"  style=\"object-position:0% 0%\" width=\"4493\"\/>Demonstranter passerer en skulptur der noen har skrevet \u00abG\u00e5 av, Macron!\u00bb i Marseille.   Foto: Philippe Magoni \/ AP \/ NTB<\/p>\n<p class=\"_paragraph_ew2ao_4 _paragraph_xtcu6_10 layout-component text-serif-m layout-normal text-serif-m layout-padded\">Tirsdag utnevnte Macron sin femte statsminister p\u00e5 mindre enn to \u00e5r. Valget falt p\u00e5 forsvarsminister S\u00e9bastien Lecornu etter at den forrige, Fran\u00e7ois Bayrou, ble felt i et tillitsvotum i nasjonalforsamlingen mandag.<\/p>\n<p class=\"_paragraph_ew2ao_4 _paragraph_xtcu6_10 layout-component text-serif-m layout-normal text-serif-m layout-padded\">Verken ytre h\u00f8yre eller venstrefl\u00f8yen ville godta Bayrous budsjettforslag, som innebar store velferdskutt for \u00e5 f\u00e5 ned Frankrikes statsgjeld.<\/p>\n","protected":false},"excerpt":{"rendered":"Rasende demonstranter fylte onsdag gatene i byer over hele Frankrike i regi av protestbevegelsen \u00abLa oss blokkere alt\u00bb.&hellip;\n","protected":false},"author":2,"featured_media":31937,"comment_status":"","ping_status":"","sticky":false,"template":"","format":"standard","meta":{"footnotes":""},"categories":[12],"tags":[20,21,1241,24,25,1244,15,22,23,13,30,28,29,14,16,26,27,42,43,44,45],"class_list":{"0":"post-31936","1":"post","2":"type-post","3":"status-publish","4":"format-standard","5":"has-post-thumbnail","7":"category-verden","8":"tag-breaking-news","9":"tag-breakingnews","10":"tag-emmanuel-macron","11":"tag-featured-news","12":"tag-featurednews","13":"tag-frankrike","14":"tag-headlines","15":"tag-latest-news","16":"tag-latestnews","17":"tag-news","18":"tag-no","19":"tag-norge","20":"tag-norway","21":"tag-nyheter","22":"tag-overskrifter","23":"tag-top-stories","24":"tag-topstories","25":"tag-verden","26":"tag-world","27":"tag-world-news","28":"tag-worldnews"},"share_on_mastodon":{"url":"","error":""},"_links":{"self":[{"href":"https:\/\/www.europesays.com\/no\/wp-json\/wp\/v2\/posts\/31936","targetHints":{"allow":["GET"]}}],"collection":[{"href":"https:\/\/www.europesays.com\/no\/wp-json\/wp\/v2\/posts"}],"about":[{"href":"https:\/\/www.europesays.com\/no\/wp-json\/wp\/v2\/types\/post"}],"author":[{"embeddable":true,"href":"https:\/\/www.europesays.com\/no\/wp-json\/wp\/v2\/users\/2"}],"replies":[{"embeddable":true,"href":"https:\/\/www.europesays.com\/no\/wp-json\/wp\/v2\/comments?post=31936"}],"version-history":[{"count":0,"href":"https:\/\/www.europesays.com\/no\/wp-json\/wp\/v2\/posts\/31936\/revisions"}],"wp:featuredmedia":[{"embeddable":true,"href":"https:\/\/www.europesays.com\/no\/wp-json\/wp\/v2\/media\/31937"}],"wp:attachment":[{"href":"https:\/\/www.europesays.com\/no\/wp-json\/wp\/v2\/media?parent=31936"}],"wp:term":[{"taxonomy":"category","embeddable":true,"href":"https:\/\/www.europesays.com\/no\/wp-json\/wp\/v2\/categories?post=31936"},{"taxonomy":"post_tag","embeddable":true,"href":"https:\/\/www.europesays.com\/no\/wp-json\/wp\/v2\/tags?post=31936"}],"curies":[{"name":"wp","href":"https:\/\/api.w.org\/{rel}","templated":true}]}}