{"id":319488,"date":"2026-08-11T17:09:15","date_gmt":"2026-08-11T17:09:15","guid":{"rendered":"https:\/\/www.europesays.com\/no\/319488\/"},"modified":"2026-08-11T17:09:15","modified_gmt":"2026-08-11T17:09:15","slug":"ulykker-trafikk-ulykke-pa-e6-to-sendt-til-sykehus","status":"publish","type":"post","link":"https:\/\/www.europesays.com\/no\/319488\/","title":{"rendered":"Ulykker, Trafikk | Ulykke p\u00e5 E6: \u2013 To sendt til sykehus"},"content":{"rendered":"\n<p>\u2013 Ikke meldt om alvorlig personskade, opplyser operasjonsleder May Wenche Hansen.<\/p>\n<p><b>Totalt tre personer skal v\u00e6re involvert i ulykken. <\/b><\/p>\n<p>\u2013 Framst\u00e5r som \u00e5rsaken til ulykken er p\u00e5kj\u00f8rsel bakfra, heter det videre fra operasjonslederen.\u00a0<\/p>\n<p>Innsatsleder Jostein R\u00f8rvik i politiet forteller at to personer er sendt til sykehus med lettere skader. Et vitne skal ogs\u00e5 avh\u00f8res.<\/p>\n<p>   <img decoding=\"async\" width=\"5712\" height=\"4284\" fetchpriority=\"low\"  loading=\"lazy\"  src=\"https:\/\/www.europesays.com\/no\/wp-content\/uploads\/2026\/08\/jostein r\u00f8rvik innsatsleder politiet.jpg\" alt=\"\" class=\"brick-c-cFOWSL\" style=\"--brick-image-ratio: 5712 \/ 4284;\"\/><\/p>\n<p>      Innsatsleder Jostein R\u00f8rvik i politiet.<br \/>\n      Foto: Synne Svendsen\n    <\/p>\n<p>R\u00f8rvik bekrefter ogs\u00e5 at det er snakk om en p\u00e5kj\u00f8rsel bakfra.<\/p>\n<p>\u2013 Ett kj\u00f8ret\u00f8y skulle kj\u00f8re av E6, og s\u00e5 ble det et sammentreff bakfra. De personene som var i den midterste bilen fikk den hardeste trykken, forteller han.<\/p>\n<p>De jobber n\u00e5 med avh\u00f8r og unders\u00f8kelser p\u00e5 stedet.\u00a0<\/p>\n<p>Tre biler involvert<\/p>\n<p>To personbiler og en lastebil var involvert i ulykken. Lastebilen blir det berging av ved 18-tiden tirsdag, opplyser innsatslederen.<\/p>\n<p>E6 var i forbindelse med ulykken stengt mellom en halvtime og 45 minutter, forteller \u00d8vervik.<\/p>\n<p>   <img decoding=\"async\" width=\"5712\" height=\"4284\" fetchpriority=\"low\"  loading=\"lazy\"  src=\"https:\/\/www.europesays.com\/no\/wp-content\/uploads\/2026\/08\/ulykke laksforsen4.jpg\" alt=\"\" class=\"brick-c-cFOWSL\" style=\"--brick-image-ratio: 5712 \/ 4284;\"\/><\/p>\n<p>      KRASJ: Tre biler var involvert i ulykken som skjedde langs E6 Laksforsen.<br \/>\n      Foto: Synne Svendsen\n    <\/p>\n<p>Operasjonsleder May Wenche Hansen oppdaterer kl. 16.37 at det ikke er mistanke om rusp\u00e5virket kj\u00f8ring hos noen av f\u00f8rerne.\u00a0<\/p>\n<p>\u2013 Bilberger er p\u00e5 stedet, skriver hun, og f\u00f8lger opp:<\/p>\n<p>\u2013 Jobbes p\u00e5 stedet for \u00e5 f\u00e5 \u00e5pnet veien for fri ferdsel.<\/p>\n<p>Litt etter kl. 17 opplyser operasjonslederen at det blir opprettet sak.\u00a0<\/p>\n<p>Ett felt \u00e5pent<\/p>\n<p>Kort tid etter ulykken opplyste Vegtrafikksentralen at ett kj\u00f8refelt var stengt, men at det er mulig \u00e5 passere p\u00e5 ulykkesstedet.<\/p>\n<p>Ulykken skjedde like ved rasteplassen ved innkj\u00f8ringen mot Laksforsen, melder Helgelendingens reporter p\u00e5 stedet.<\/p>\n<p>\n          Stopp video<\/p>\n<p>          <video data-standalone=\"false\" preload=\"none\" muted=\"\" loop=\"\" playsinline=\"\" autoplay=\"\"><\/p>\n<p>          <\/video>\n        <\/p>\n<p>        Her st\u00e5r trafikken langs E6 tirsdag ettermiddag.<\/p>\n<p>Vegtrafikksentralen ved Stine \u00d8ksendal har f\u00e5tt oppgitt at det skal v\u00e6re tre personbiler involvert, men if\u00f8lge et vitne som tok kontakt med Helgelendingen rett etter ulykken skal det ha v\u00e6rt to personbiler og en trailer.\u00a0<\/p>\n<p><b>Vegtrafikksentralen sa i 16-tiden at de ikke vurderte at det var behov for omkj\u00f8ring.<\/b><\/p>\n<p>\u2013 Det er mulig \u00e5 komme seg forbi i det ene feltet, selv om det kanskje kan bli litt k\u00f8, sier \u00d8ksendal.\u00a0<\/p>\n<p><b>Helgelendingens reporter p\u00e5 stedet meldte ved 16-tiden at det var lang k\u00f8 begge retninger. Trafikken sto bom fast, men ble dirigert. <\/b><\/p>\n<p><b>Rett etter kl. 16 passerte to ambulanser i retning nordover. Kort tid etter begynte ogs\u00e5 trafikken \u00e5 bevege seg sakte framover.<\/b><\/p>\n<p>   <img decoding=\"async\" width=\"4032\" height=\"3024\" fetchpriority=\"low\"  loading=\"lazy\"  src=\"https:\/\/www.europesays.com\/no\/wp-content\/uploads\/2026\/08\/trofors.jpg\" alt=\"\" class=\"brick-c-cFOWSL\" style=\"--brick-image-ratio: 4032 \/ 3024;\"\/><\/p>\n<p>      K\u00d8: Det er sv\u00e6rt lang k\u00f8 p\u00e5 stedet.<br \/>\n      Foto: Synne Svendsen\n    <\/p>\n","protected":false},"excerpt":{"rendered":"\u2013 Ikke meldt om alvorlig personskade, opplyser operasjonsleder May Wenche Hansen. Totalt tre personer skal v\u00e6re involvert i&hellip;\n","protected":false},"author":2,"featured_media":319489,"comment_status":"","ping_status":"","sticky":false,"template":"","format":"standard","meta":{"footnotes":"","_share_on_mastodon":"0"},"categories":[10],"tags":[36,20,21,24,25,2450,15,22,23,13,30,28,29,14,16,223,1510,26,27,224,1204],"class_list":["post-319488","post","type-post","status-publish","format-standard","has-post-thumbnail","category-norge","tag-art","tag-breaking-news","tag-breakingnews","tag-featured-news","tag-featurednews","tag-grane","tag-headlines","tag-latest-news","tag-latestnews","tag-news","tag-no","tag-norge","tag-norway","tag-nyheter","tag-overskrifter","tag-samferdsel","tag-story","tag-top-stories","tag-topstories","tag-trafikk","tag-ulykker"],"share_on_mastodon":{"url":"https:\/\/pubeurope.com\/@no\/117077984431392197","error":""},"_links":{"self":[{"href":"https:\/\/www.europesays.com\/no\/wp-json\/wp\/v2\/posts\/319488","targetHints":{"allow":["GET"]}}],"collection":[{"href":"https:\/\/www.europesays.com\/no\/wp-json\/wp\/v2\/posts"}],"about":[{"href":"https:\/\/www.europesays.com\/no\/wp-json\/wp\/v2\/types\/post"}],"author":[{"embeddable":true,"href":"https:\/\/www.europesays.com\/no\/wp-json\/wp\/v2\/users\/2"}],"replies":[{"embeddable":true,"href":"https:\/\/www.europesays.com\/no\/wp-json\/wp\/v2\/comments?post=319488"}],"version-history":[{"count":0,"href":"https:\/\/www.europesays.com\/no\/wp-json\/wp\/v2\/posts\/319488\/revisions"}],"wp:featuredmedia":[{"embeddable":true,"href":"https:\/\/www.europesays.com\/no\/wp-json\/wp\/v2\/media\/319489"}],"wp:attachment":[{"href":"https:\/\/www.europesays.com\/no\/wp-json\/wp\/v2\/media?parent=319488"}],"wp:term":[{"taxonomy":"category","embeddable":true,"href":"https:\/\/www.europesays.com\/no\/wp-json\/wp\/v2\/categories?post=319488"},{"taxonomy":"post_tag","embeddable":true,"href":"https:\/\/www.europesays.com\/no\/wp-json\/wp\/v2\/tags?post=319488"}],"curies":[{"name":"wp","href":"https:\/\/api.w.org\/{rel}","templated":true}]}}