{"id":31958,"date":"2025-09-10T19:08:09","date_gmt":"2025-09-10T19:08:09","guid":{"rendered":"https:\/\/www.europesays.com\/no\/31958\/"},"modified":"2025-09-10T19:08:09","modified_gmt":"2025-09-10T19:08:09","slug":"podkaster-charlie-kirk-skutt-i-utah-i-usa","status":"publish","type":"post","link":"https:\/\/www.europesays.com\/no\/31958\/","title":{"rendered":"Podkaster Charlie Kirk skutt i Utah i USA"},"content":{"rendered":"\n<p class=\"_lead_ew2ao_2 _lead_xtcu6_50 layout-component text-serif-m layout-normal text-serif-l layout-component layout-wide layout-padded _wide_17hqh_1 layout-padded\">Den konservative aktivisten ble skutt p\u00e5 et arrangement p\u00e5 et universitet.<\/p>\n<p><img alt=\" Foto: OLIVIER TOURON \/ AFP \/ NTB\" class=\"_image_qp4xg_65 layout-component layout-wide\" data-fullscreen- data-track-element-type=\"Article image fullscreen\" data-track-name=\"ImageFullscreen\" fetchpriority=\"high\" decoding=\"sync\" loading=\"eager\" height=\"3333\" itemprop=\"image\"  src=\"https:\/\/www.europesays.com\/no\/wp-content\/uploads\/2025\/09\/874d17be-66ff-4517-aac4-6cf5cc96da41\"  style=\"object-position:0% 0%\" width=\"5000\"\/> Foto: OLIVIER TOURON \/ AFP \/ NTB Oppdatert onsdag 10. september kl. 21:07    <\/p>\n<ul class=\"_list_ew2ao_3 _list_64s2r_85 _unordered_ew2ao_99 text-sans-m\">\n<li class=\"_item_ew2ao_30\">Den konservative aktivisten Charlie Kirk ble skutt under et arrangement p\u00e5 Valley University i Utah.<\/li>\n<li class=\"_item_ew2ao_30\">Hendelsen skjedde mens Kirk snakket til en folkemengde.<\/li>\n<li class=\"_item_ew2ao_30\">Kirk ble fraktet til sykehus, og en eldre mann er p\u00e5grepet av politiet.<\/li>\n<li class=\"_item_ew2ao_30\">FBI etterforsker hendelsen, og president Trump har bedt folk be for Kirk.<\/li>\n<\/ul>\n<p>Vis mer <\/p>\n<p class=\"_paragraph_ew2ao_4 _paragraph_xtcu6_10 layout-component text-serif-m layout-normal text-serif-m layout-padded\">Det melder flere amerikanske medier, blant annet <a href=\"https:\/\/www.nbcnews.com\/news\/us-news\/live-blog\/live-updates-shooting-charlie-kirk-event-utah-rcna230437\" class=\"_link_ew2ao_39\" rel=\"nofollow noopener\" target=\"_blank\">NBC News<\/a>. <\/p>\n<p class=\"_paragraph_ew2ao_4 _paragraph_xtcu6_10 layout-component text-serif-m layout-normal text-serif-m layout-padded\">Hendelsen fant sted under et av Kirks politiske arrangementer p\u00e5 Valley University i Orem i delstaten Utah. <\/p>\n<p class=\"_paragraph_ew2ao_4 _paragraph_xtcu6_10 layout-component text-serif-m layout-normal text-serif-m layout-padded\">If\u00f8lge universitetet er \u00e9n mistenkt er p\u00e5grepet og arrestert, melder Reuters. Kirk er fraktet til sykehus, melder <a href=\"https:\/\/www.foxnews.com\/video\/5614615980001\" class=\"_link_ew2ao_39\" rel=\"nofollow noopener\" target=\"_blank\">Fox News<\/a>.<\/p>\n<p class=\"_paragraph_ew2ao_4 _paragraph_xtcu6_10 layout-component text-serif-m layout-normal text-serif-m layout-padded\"><strong class=\"_strong_ew2ao_25\">\u2013 Vi m\u00e5 alle be for Charlie Kirk, som har blitt skutt, skriver president Donald Trump p\u00e5 Truth Social.<\/strong><\/p>\n<p class=\"_paragraph_ew2ao_4 _paragraph_xtcu6_10 layout-component text-serif-m layout-normal text-serif-m layout-padded\">\u2013 En fantastisk fyr tvers gjennom, skriver presidenten.  <\/p>\n<p class=\"_paragraph_ew2ao_4 _paragraph_xtcu6_10 layout-component text-serif-m layout-normal text-serif-m layout-padded\">Video som sirkulerer p\u00e5 sosiale medier viser Kirk bli truffet i halsen mens han snakker til folkemengden. Han sitter da under et telt p\u00e5 universitetsomr\u00e5det.<\/p>\n<p><img alt=\"Bilde er tatt uner arrangementet, rett f\u00f8r skudd ble avfyrt.\" class=\"_image_qp4xg_65 layout-component layout-normal\" data-fullscreen- data-track-element-type=\"Article image fullscreen\" data-track-name=\"ImageFullscreen\" decoding=\"async\" loading=\"lazy\" height=\"409\" itemprop=\"image\"  src=\"https:\/\/www.europesays.com\/no\/wp-content\/uploads\/2025\/09\/43980d87-b731-44a3-b631-7e989ec2a0ec\"  style=\"object-position:0% 0%\" width=\"531\"\/>Bilde er tatt uner arrangementet, rett f\u00f8r skudd ble avfyrt.<\/p>\n<p class=\"_paragraph_ew2ao_4 _paragraph_xtcu6_10 layout-component text-serif-m layout-normal text-serif-m layout-padded\">Kirk var p\u00e5 universitetet som del av \u00abThe American Comeback Tour\u00bb, som arrangeres av Turning Point USA-avdelingen ved Utah Valley University.<\/p>\n<p class=\"_paragraph_ew2ao_4 _paragraph_xtcu6_10 layout-component text-serif-m layout-normal text-serif-m layout-padded\">En eldre mann har blitt lagt i bakken av politiet p\u00e5 stedet. <\/p>\n<p class=\"_paragraph_ew2ao_4 _paragraph_xtcu6_10 layout-component text-serif-m layout-normal text-serif-m layout-padded\">Kirk ble fjernet fra scenen av sine sikkerhetsvakter. <\/p>\n<p><img alt=\"Foto: Meredith Seaver \/ AP \/ NTB\" class=\"_image_qp4xg_65 layout-component layout-normal\" data-fullscreen- data-track-element-type=\"Article image fullscreen\" data-track-name=\"ImageFullscreen\" decoding=\"async\" loading=\"lazy\" height=\"3333\" itemprop=\"image\"  src=\"https:\/\/www.europesays.com\/no\/wp-content\/uploads\/2025\/09\/ec509b75-18eb-4716-b2d5-b33661d7ed7c\"  style=\"object-position:0% 0%\" width=\"5000\"\/>Foto: Meredith Seaver \/ AP \/ NTB<\/p>\n<p class=\"_paragraph_ew2ao_4 _paragraph_xtcu6_10 layout-component text-serif-m layout-normal text-serif-m layout-padded\">FBI-direkt\u00f8r Kash Patel skriver p\u00e5 X at byr\u00e5et er p\u00e5 vei til stedet. <\/p>\n<p class=\"_paragraph_ew2ao_4 _paragraph_xtcu6_10 layout-component text-serif-m layout-normal text-serif-m layout-padded\">\u2013 Vi f\u00f8lger n\u00f8ye med p\u00e5 rapportene om den tragiske skytingen som involverte Charlie Kirk ved Utah Valley University. V\u00e5re tanker g\u00e5r til Charlie, hans kj\u00e6re og alle ber\u00f8rte, skriver Patel p\u00e5 X. <\/p>\n<p class=\"_paragraph_ew2ao_4 _paragraph_xtcu6_10 layout-component text-serif-m layout-normal text-serif-m layout-padded\">\u2013 Agenter vil v\u00e6re p\u00e5 stedet raskt, og FBI st\u00f8tter den p\u00e5g\u00e5ende responsen og etterforskningen fullt ut.<\/p>\n<p class=\"_paragraph_ew2ao_4 _paragraph_xtcu6_10 layout-component text-serif-m layout-normal text-serif-m layout-padded\">Charlie Kirk er en amerikansk konservativ aktivist, forfatter og kommentator, mest kjent som grunnlegger og leder for organisasjonen Turning Point USA. Organisasjonen, som ble etablert i 2012 da Kirk var 18 \u00e5r gammel, jobber for \u00e5 fremme konservative verdier som frihet, fri markeds\u00f8konomi og begrenset myndighetsmakt \u2013 s\u00e6rlig blant unge mennesker og studenter p\u00e5 amerikanske h\u00f8yskoler og universiteter.<\/p>\n<p class=\"_lead_ew2ao_2 _lead_xtcu6_50 layout-component text-serif-m layout-normal text-serif-l layout-component layout-normal layout-padded layout-padded\">Trumps st\u00f8ttespiller <\/p>\n<p class=\"_paragraph_ew2ao_4 _paragraph_xtcu6_10 layout-component text-serif-m layout-normal text-serif-m layout-padded\">Kirk har gjort seg bemerket som en sentral stemme innen amerikansk h\u00f8yreside og er en uttalt st\u00f8ttespiller for president Donald Trump. <\/p>\n<p class=\"_paragraph_ew2ao_4 _paragraph_xtcu6_10 layout-component text-serif-m layout-normal text-serif-m layout-padded\">Han deltar jevnlig i politiske debatter, TV-programmer og podkaster, og har v\u00e6rt en profilert skikkelse i konservative medier. <\/p>\n<p><img alt=\"Foto: OLIVIER TOURON \/ AFP \/ NTB\" class=\"_image_qp4xg_65 layout-component layout-normal\" data-fullscreen- data-track-element-type=\"Article image fullscreen\" data-track-name=\"ImageFullscreen\" decoding=\"async\" loading=\"lazy\" height=\"3333\" itemprop=\"image\"  src=\"https:\/\/www.europesays.com\/no\/wp-content\/uploads\/2025\/09\/dfa1ffe4-45a4-454e-b753-563ec6cffb3a\"  style=\"object-position:0% 0%\" width=\"5000\"\/>Foto: OLIVIER TOURON \/ AFP \/ NTB<\/p>\n<p class=\"_paragraph_ew2ao_4 _paragraph_xtcu6_10 layout-component text-serif-m layout-normal text-serif-m layout-padded\">Med aktiv tilstedev\u00e6relse i sosiale medier har han bygget opp en stor og engasjert f\u00f8lgerskare.Han har ogs\u00e5 utgitt flere b\u00f8ker, blant annet \u00abThe MAGA Doctrine\u00bb (2020), hvor han fremmer Trumps politiske prosjekt som en ny retning innen konservatismen.<\/p>\n<p class=\"_paragraph_ew2ao_4 _paragraph_xtcu6_10 layout-component text-serif-m layout-normal text-serif-m layout-padded\">Samtidig er han en kontroversiell figur og har blitt kritisert for \u00e5 fremme polariserende retorikk og for \u00e5 spre feilinformasjon i det offentlige ordskiftet.<\/p>\n<p>    <img decoding=\"async\" alt=\"Tips oss illustrasjon\" width=\"62px\" height=\"auto\" src=\"https:\/\/www.europesays.com\/no\/wp-content\/uploads\/2025\/08\/1754784428_95_W9avJzE.png\"\/>    <\/p>\n<p class=\"title-serif-s\">Har du tips til oss?<\/p>\n<p class=\"text-sans-m\">Send oss informasjon, bilder eller video<\/p>\n<p>  <a href=\"https:\/\/www.vg.no\/tips-oss\" rel=\"nofollow noopener\" target=\"_blank\"> Tips oss <\/a>      <\/p>\n","protected":false},"excerpt":{"rendered":"Den konservative aktivisten ble skutt p\u00e5 et arrangement p\u00e5 et universitet. Foto: OLIVIER TOURON \/ AFP \/ NTB&hellip;\n","protected":false},"author":2,"featured_media":31959,"comment_status":"","ping_status":"","sticky":false,"template":"","format":"standard","meta":{"footnotes":""},"categories":[12],"tags":[31,20,21,55,24,25,15,22,23,13,30,28,29,14,16,5094,26,27,50,5095,42,43,44,45],"class_list":{"0":"post-31958","1":"post","2":"type-post","3":"status-publish","4":"format-standard","5":"has-post-thumbnail","7":"category-verden","8":"tag-breaking","9":"tag-breaking-news","10":"tag-breakingnews","11":"tag-donald-trump","12":"tag-featured-news","13":"tag-featurednews","14":"tag-headlines","15":"tag-latest-news","16":"tag-latestnews","17":"tag-news","18":"tag-no","19":"tag-norge","20":"tag-norway","21":"tag-nyheter","22":"tag-overskrifter","23":"tag-republikanerne","24":"tag-top-stories","25":"tag-topstories","26":"tag-usa","27":"tag-utah","28":"tag-verden","29":"tag-world","30":"tag-world-news","31":"tag-worldnews"},"share_on_mastodon":{"url":"","error":""},"_links":{"self":[{"href":"https:\/\/www.europesays.com\/no\/wp-json\/wp\/v2\/posts\/31958","targetHints":{"allow":["GET"]}}],"collection":[{"href":"https:\/\/www.europesays.com\/no\/wp-json\/wp\/v2\/posts"}],"about":[{"href":"https:\/\/www.europesays.com\/no\/wp-json\/wp\/v2\/types\/post"}],"author":[{"embeddable":true,"href":"https:\/\/www.europesays.com\/no\/wp-json\/wp\/v2\/users\/2"}],"replies":[{"embeddable":true,"href":"https:\/\/www.europesays.com\/no\/wp-json\/wp\/v2\/comments?post=31958"}],"version-history":[{"count":0,"href":"https:\/\/www.europesays.com\/no\/wp-json\/wp\/v2\/posts\/31958\/revisions"}],"wp:featuredmedia":[{"embeddable":true,"href":"https:\/\/www.europesays.com\/no\/wp-json\/wp\/v2\/media\/31959"}],"wp:attachment":[{"href":"https:\/\/www.europesays.com\/no\/wp-json\/wp\/v2\/media?parent=31958"}],"wp:term":[{"taxonomy":"category","embeddable":true,"href":"https:\/\/www.europesays.com\/no\/wp-json\/wp\/v2\/categories?post=31958"},{"taxonomy":"post_tag","embeddable":true,"href":"https:\/\/www.europesays.com\/no\/wp-json\/wp\/v2\/tags?post=31958"}],"curies":[{"name":"wp","href":"https:\/\/api.w.org\/{rel}","templated":true}]}}