{"id":319594,"date":"2026-08-11T19:16:10","date_gmt":"2026-08-11T19:16:10","guid":{"rendered":"https:\/\/www.europesays.com\/no\/319594\/"},"modified":"2026-08-11T19:16:10","modified_gmt":"2026-08-11T19:16:10","slug":"for-var-han-kritisk-na-har-han-over-40-avtaler-fvn-no","status":"publish","type":"post","link":"https:\/\/www.europesays.com\/no\/319594\/","title":{"rendered":"(+) F\u00f8r var han kritisk. N\u00e5 har han over 40 avtaler. &#8211; fvn.no"},"content":{"rendered":"<ol>\n<li><a href=\"https:\/\/news.google.com\/rss\/articles\/CBMiswFBVV95cUxNLWgtMmxWampnUWVrQlBDVEtfZXBqaE9EdlVTMUVPT3pINUxZVXhMV2drY0JjZGxpV1ptdVhXSlJiZkktN2d5M1U4a3ZVZ21tVEZBQko0b2hYX3V0NHV5Qi1RZU9QMjFFUV9NOGpkdTh3Tm5NRzVwZl9MdVJRTG55TGNZektuSldrRFRUcTB5bERKYmZ6OG52ZjBHWGZmdHVOUE9wLXptcWVMY05ib1VVdXA3Zw?oc=5\" target=\"_blank\" rel=\"nofollow noopener\">(+) F\u00f8r var han kritisk. N\u00e5 har han over 40 avtaler.<\/a>&nbsp;&nbsp;fvn.no<\/li>\n<li><a href=\"https:\/\/news.google.com\/rss\/articles\/CBMipwFBVV95cUxPOHZfRktHYjhaM3lFODdWSkJ6N1MyNVFUck81bE9xYmpaTG14WjR0LTI0X2NqU3o3WkVEdDdsV0pIenRvZTRrdVNLRGJHWFdBeEs4MUk3bm9IcXp6VU05RGFtWFVUeW9sZVRoVDk1QkU3OXBQdWtmd0o0dTBNNUlwcDB6dFJfSGNvdDFVYjU2bHZwZmd6cmFJbDBFUEJPTkN2TTFvQTB3cw?oc=5\" target=\"_blank\" rel=\"nofollow noopener\">Eliten l\u00f8per under Arendalsuka: \u2013 F\u00f8r var fokuset p\u00e5 r\u00f8ykfylte barer<\/a>&nbsp;&nbsp;NRK<\/li>\n<li><a href=\"https:\/\/news.google.com\/rss\/articles\/CBMif0FVX3lxTFBVOHdSakszMV93MW1sSjJ0WGxtOEJwblJoQlBkbG5VcnRlVm8wM1k5a3VBaWxHYmhNZENaMmFtTXRBdFlLWngxaERqbzNUc1pSWkJPNGVrc1l5djZYQlhjOXc0NkYyTFk4LUdtSnc5OUFnbWZnTjZNOTFHRzBKY0E?oc=5\" target=\"_blank\" rel=\"nofollow noopener\">Reagerer p\u00e5 utspill: \u2013 Totalt uenig<\/a>&nbsp;&nbsp;agderposten.no<\/li>\n<li><a href=\"https:\/\/news.google.com\/rss\/articles\/CBMihAFBVV95cUxONVZGbFd6SFFNb3FuVDJmLVFVc0Zmb2tvOTRZVHNQbWhBXzNwcE5hTnFfdHVkYWVsbGh1cFlNUldCYk5nSHRpUzY4R1h2MDFWSm5Od3VlV1E2WDdLaFJxekhNWGtMR3g2Zl83UkVXQTlOOFcyQk5PSjhZRzJlQnBlNG1TUm8?oc=5\" target=\"_blank\" rel=\"nofollow noopener\">&#8211; Gleder meg alltid til \u00e5 drikke \u00f8l<\/a>&nbsp;&nbsp;Dagbladet<\/li>\n<li><a href=\"https:\/\/news.google.com\/rss\/articles\/CBMidEFVX3lxTE1RZldZcXlBNjFScHZCZGJTZjVsNGIzbHQta2dtR2l1cmRPRDhQT3NSY2Q1STZEblJpbDlBSk5uMFBXN2ZadEFGTXFGS05MS3NPVXpqejNsdlFXQ1l5WmZFV19aUDEycGlGM24xT184WS1ENlpC?oc=5\" target=\"_blank\" rel=\"nofollow noopener\">(+) \u2013 Jeg traff noen allerede opp trappa, som jeg ikke hadde snakka med f\u00f8r<\/a>&nbsp;&nbsp;gat.no<\/li>\n<\/ol>\n","protected":false},"excerpt":{"rendered":"(+) F\u00f8r var han kritisk. N\u00e5 har han over 40 avtaler.&nbsp;&nbsp;fvn.no Eliten l\u00f8per under Arendalsuka: \u2013 F\u00f8r var&hellip;\n","protected":false},"author":2,"featured_media":319595,"comment_status":"","ping_status":"","sticky":false,"template":"","format":"standard","meta":{"footnotes":"","_share_on_mastodon":"0"},"categories":[10],"tags":[1171,20,21,24,25,15,19127,22,23,13,30,28,29,14,16,41,26,27],"class_list":["post-319594","post","type-post","status-publish","format-standard","has-post-thumbnail","category-norge","tag-arendalsuka","tag-breaking-news","tag-breakingnews","tag-featured-news","tag-featurednews","tag-headlines","tag-kai-steffen-ostensen","tag-latest-news","tag-latestnews","tag-news","tag-no","tag-norge","tag-norway","tag-nyheter","tag-overskrifter","tag-politikk","tag-top-stories","tag-topstories"],"share_on_mastodon":{"url":"https:\/\/pubeurope.com\/@no\/117078487543260223","error":""},"_links":{"self":[{"href":"https:\/\/www.europesays.com\/no\/wp-json\/wp\/v2\/posts\/319594","targetHints":{"allow":["GET"]}}],"collection":[{"href":"https:\/\/www.europesays.com\/no\/wp-json\/wp\/v2\/posts"}],"about":[{"href":"https:\/\/www.europesays.com\/no\/wp-json\/wp\/v2\/types\/post"}],"author":[{"embeddable":true,"href":"https:\/\/www.europesays.com\/no\/wp-json\/wp\/v2\/users\/2"}],"replies":[{"embeddable":true,"href":"https:\/\/www.europesays.com\/no\/wp-json\/wp\/v2\/comments?post=319594"}],"version-history":[{"count":0,"href":"https:\/\/www.europesays.com\/no\/wp-json\/wp\/v2\/posts\/319594\/revisions"}],"wp:featuredmedia":[{"embeddable":true,"href":"https:\/\/www.europesays.com\/no\/wp-json\/wp\/v2\/media\/319595"}],"wp:attachment":[{"href":"https:\/\/www.europesays.com\/no\/wp-json\/wp\/v2\/media?parent=319594"}],"wp:term":[{"taxonomy":"category","embeddable":true,"href":"https:\/\/www.europesays.com\/no\/wp-json\/wp\/v2\/categories?post=319594"},{"taxonomy":"post_tag","embeddable":true,"href":"https:\/\/www.europesays.com\/no\/wp-json\/wp\/v2\/tags?post=319594"}],"curies":[{"name":"wp","href":"https:\/\/api.w.org\/{rel}","templated":true}]}}