{"id":31962,"date":"2025-09-10T19:10:13","date_gmt":"2025-09-10T19:10:13","guid":{"rendered":"https:\/\/www.europesays.com\/no\/31962\/"},"modified":"2025-09-10T19:10:13","modified_gmt":"2025-09-10T19:10:13","slug":"fyrer-los-vi-var-hypnotisert","status":"publish","type":"post","link":"https:\/\/www.europesays.com\/no\/31962\/","title":{"rendered":"Fyrer l\u00f8s: &#8211; Vi var hypnotisert"},"content":{"rendered":"<p class=\"kicker \" style=\"\">Kamala Harris<\/p>\n<p>  I en ny bok tar Kamala Harris bladet fra munnen. Hun mener det var \u00abhensynsl\u00f8st\u00bb av Joe Biden \u00e5 s\u00f8ke gjenvalg.<\/p>\n<p>\n    SLITEN: Kamala Harris avviser i sin nye bok at Joe Biden hadde helseproblemer som ble skjult av Det hvite hus, men mener at han, som f\u00f8lge av alderen, begynte \u00e5 bli sliten. Foto: Andrew Harnik \/ AP \/ NTB\n  <\/p>\n<p>    Kort fortalt<\/p>\n<p lang=\"nb-NO\">Kamala Harris reflekterer i sin nye bok over Joe Bidens beslutning om \u00e5 stille til gjenvalg, til tross for spekulasjoner om hans helse.<\/p>\n<p lang=\"nb-NO\">Hun uttrykker at det var hensynsl\u00f8st \u00e5 la avgj\u00f8relsen v\u00e6re opp til Biden selv, og mener det burde v\u00e6rt mer enn en personlig beslutning.<\/p>\n<p lang=\"nb-NO\">Harris forsvarer likevel Biden, og hevder at han var fullt kapabel til \u00e5 utf\u00f8re presidentens plikter, selv om han ble sliten.<\/p>\n<p lang=\"nb-NO\">Hun er skuffet over manglende st\u00f8tte fra Bidens r\u00e5dgivere, spesielt etter en tale som gikk viralt.<\/p>\n<p class=\"italic ai-disclaimer\" data-lab-italic=\"italic\">Sammendraget er laget av ChatGPT og godkjent av B\u00f8rsen.<\/p>\n<p>      Vis mer<br \/>\n      Vis mindre<\/p>\n<p>\u00abI l\u00f8pet av alle disse m\u00e5nedene der panikken bredte seg, burde jeg ha bedt Joe (Biden) om \u00e5 vurdere \u00e5 ikke stille som presidentkandidat? Kanskje. Men det amerikanske folket hadde valgt ham en gang f\u00f8r med den samme motstanderen. Kanskje hadde han rett n\u00e5r han trodde de ville gj\u00f8re det igjen\u00bb.<\/p>\n<p>Dette skriver Kamala Harris i sin kommende bok \u00ab107 days\u00bb, som henspiller p\u00e5 antall dager hun fikk drive valgkamp i forkant av valget i USA i fjor h\u00f8st.<\/p>\n<p class=\"font-weight-bold m-font-weight-bold\" data-lab-font_weight=\"font-weight-bold\">Etter mange m\u00e5neder med spekulasjoner rundt Joe Bidens egnethet som demokratenes presidentkandidat, endte det med at han trakk seg 21. juli 2024.\u00a0<\/p>\n<p>Kamala Harris ble som kjent demokratenes nye presidentkandidat, og den som skulle fors\u00f8ke \u00e5 sl\u00e5 Donald Trump. Det lyktes hun ikke med.<\/p>\n<p>    <a itemprop=\"url\" href=\"https:\/\/www.dagbladet.no\/nyheter\/bekrefter-stiller-ikke\/83401234\" rel=\"nofollow noopener\" target=\"_blank\"><\/p>\n<p>      <img loading=\"lazy\" decoding=\"async\" src=\"https:\/\/www.europesays.com\/no\/wp-content\/uploads\/2025\/09\/83401224.webp\" width=\"980\" height=\"441\" title=\"Bekrefter: - Stiller ikke\" alt=\"\" class=\"lazyload\" style=\"--aspect-ratio-image: 2.22; \"\/><\/p>\n<p>        Bekrefter: &#8211; Stiller ikke<\/p>\n<p>    <\/a><\/p>\n<p>\u00abHensynsl\u00f8st\u00bb\t<\/p>\n<p>I et utdrag fra den nye boka, publisert av <a href=\"https:\/\/www.theatlantic.com\/politics\/archive\/2025\/09\/kamala-harris-107-days-excerpt\/684150\/\" rel=\"nofollow noopener\" target=\"_blank\">The Atlantic,<\/a> skriver Harris om Bidens valg om \u00e5 s\u00f8ke gjenvalg, og de stadige diskusjonene rundt hans helsetilstand.<\/p>\n<p>Harris sp\u00f8r seg alts\u00e5 i boka om hun burde bedt Joe Biden tenke seg om, men sl\u00e5r samtidig fast at hun var den personen i Det hvite hus som \u00abhadde det verste utgangspunktet\u00bb for \u00e5 be ham trekke seg.<\/p>\n<p class=\"font-weight-bold m-font-weight-bold\" data-lab-font_weight=\"font-weight-bold\">Rett og slett fordi det ville bli sett p\u00e5 som at hun melet sin egen kake, og \u00f8nsket \u00e5 fremme sitt eget kandidatur. I stedet ble avgj\u00f8relsen om Bidens kandidatur overlatt til ekteparet Joe og Jill Biden.<\/p>\n<p>\u00ab&#8217;Det er Joe og Jills avgj\u00f8relse. Alle sa det, som et mantra &#8211; som om vi hadde blitt hypnotisert. Var det verdighet eller var det hensynsl\u00f8shet? I etterp\u00e5klokskapens lys tror jeg det var hensynsl\u00f8shet. Innsatsen var rett og slett for h\u00f8y. Dette var ikke et valg som burde blitt overlatt til et individs ego, et individs ambisjoner. Det burde v\u00e6rt mer enn en personlig avgj\u00f8relse\u00bb, skriver Harris.<\/p>\n<p>    <a itemprop=\"url\" href=\"https:\/\/www.dagbladet.no\/nyheter\/har-fatt-taperstempel\/83408328\" rel=\"nofollow noopener\" target=\"_blank\"><\/p>\n<p>      <img loading=\"lazy\" decoding=\"async\" src=\"https:\/\/www.europesays.com\/no\/wp-content\/uploads\/2025\/09\/83408355.webp\" width=\"980\" height=\"441\" title=\"- Har f\u00e5tt taper\u00adstempel\" alt=\"\" class=\"lazyload\" style=\"--aspect-ratio-image: 2.22; \"\/><\/p>\n<p>        &#8211; Har f\u00e5tt taper\u00adstempel<\/p>\n<p>    <\/a><\/p>\n<p>Tar Biden i forsvar\t<\/p>\n<p>Hun har likevel mye pent \u00e5 melde om Biden, og g\u00e5r ut mot p\u00e5stander som virret i mediene om at man i Det hvite hus fors\u00f8kte \u00e5 skjule hvordan helsa til Joe Biden egentlig var.<\/p>\n<p>Harris skriver at Biden var fullt ut kapabel til \u00e5 utf\u00f8re en presidents plikter.<\/p>\n<p class=\"font-weight-bold m-font-weight-bold\" data-lab-font_weight=\"font-weight-bold\">\u00abSelv p\u00e5 sine verste dager var han mer kunnskapsrik, hadde mer d\u00f8mmekraft og var langt mer medf\u00f8lende enn Donald Trump p\u00e5 sine beste dager\u00bb, skriver Harris, og fortsetter:<\/p>\n<p>\u00abMen i en alder av 81 \u00e5r ble Joe sliten\u00bb.<\/p>\n<p>Hun viser til at Biden snublet b\u00e5de rent fysisk, men ogs\u00e5 hadde noen verbale blundere.\u00a0<\/p>\n<p>    <a itemprop=\"url\" href=\"https:\/\/www.dagbladet.no\/nyheter\/det-vil-eskalere\/83410554\" rel=\"nofollow noopener\" target=\"_blank\"><\/p>\n<p>      <img loading=\"lazy\" decoding=\"async\" src=\"https:\/\/www.europesays.com\/no\/wp-content\/uploads\/2025\/09\/83410791.webp\" width=\"980\" height=\"441\" title=\"- Det vil eskalere\" alt=\"\" class=\"lazyload\" style=\"--aspect-ratio-image: 2.22; \"\/><\/p>\n<p>        &#8211; Det vil eskalere<\/p>\n<p>    <\/a><\/p>\n<p>Debattkatastrofen\t<\/p>\n<p>Det som for alvor satte i gang diskusjonene om Biden var egnet til \u00e5 v\u00e6re demokratenes presidentkandidat, var debatten mot Donald Trump i juni i fjor. Biden snublet i sine egne ord og hadde en gjennomg\u00e5ende katastrofal opptreden.<\/p>\n<p>        PRESIDENTDEBATTEN: Politisk kommentator Marie Simonsen mener at debatten natt til fredag 28. juni var katastrofe for Biden. Reporter: Marte Nyl\u00f8kken Helseth. Video: CNN\/Dagbladet.<\/p>\n<p>At Biden leverte elendig her forundrer ikke Harris, fordi debatten kom i kj\u00f8lvannet av to turer til Europa, og en flyreise til den amerikanske vestkysten.<\/p>\n<p class=\"font-weight-bold m-font-weight-bold\" data-lab-font_weight=\"font-weight-bold\">Med andre ord: Biden var sliten.<\/p>\n<p>\u00abJeg tror ikke det handlet om manglende evne. Hadde jeg trodd det, ville jeg ha sagt det. Jeg er mer lojal mot landet mitt enn jeg er mot president Biden\u00bb, skriver Harris.<\/p>\n<p>    <a itemprop=\"url\" href=\"https:\/\/www.dagbladet.no\/nyheter\/trump-fjerner-livvaktene\/83523807\" rel=\"nofollow noopener\" target=\"_blank\"><\/p>\n<p>      <img loading=\"lazy\" decoding=\"async\" src=\"https:\/\/www.europesays.com\/no\/wp-content\/uploads\/2025\/09\/83523991.webp\" width=\"980\" height=\"441\" title=\"Trump fjerner livvaktene\" alt=\"\" class=\"lazyload\" style=\"--aspect-ratio-image: 2.22; \"\/><\/p>\n<p>        Trump fjerner livvaktene<\/p>\n<p>    <\/a><\/p>\n<p>Skuffet over Biden\t<\/p>\n<p>P\u00e5 tross av at hun tar Biden i forsvar er hun mindre forn\u00f8yd med den manglende st\u00f8tten hun opplevde fra Biden og hans n\u00e6rmeste r\u00e5dgivere.<\/p>\n<p>Hun eksemplifiserer ved \u00e5 vise til en tale hun holdt i Alabama, der hun snakket om situasjonen i Midt\u00f8sten. Talen, som if\u00f8lge Harris var godkjent av b\u00e5de Det hvite hus og det nasjonale sikkerhetsr\u00e5det, gikk viralt.<\/p>\n<p class=\"font-weight-bold m-font-weight-bold\" data-lab-font_weight=\"font-weight-bold\">Som f\u00f8lge av dette skal Harris ha blitt kritisert av Bidens innerste krets for \u00e5 ha levert talen for godt.<\/p>\n<p>\u00abIngen av dem forsto at hvis jeg gjorde det bra, gjorde han det bra. Gitt bekymringene rundt hans alder, var min synlige suksess som visepresident avgj\u00f8rende. Det ville tjene som et vitnesbyrd om hans d\u00f8mmekraft i \u00e5 velge meg, og som en forsikring om at hvis noe skjedde, var landet i trygge hender. Min suksess var viktig for ham. Teamet hans forsto det ikke\u00bb, skriver Harris.<\/p>\n","protected":false},"excerpt":{"rendered":"Kamala Harris I en ny bok tar Kamala Harris bladet fra munnen. Hun mener det var \u00abhensynsl\u00f8st\u00bb av&hellip;\n","protected":false},"author":2,"featured_media":31963,"comment_status":"","ping_status":"","sticky":false,"template":"","format":"standard","meta":{"footnotes":""},"categories":[5],"tags":[150,20,21,55,24,25,15,19,96,3606,22,23,17,18,13,30,28,29,14,16,26,27,50],"class_list":{"0":"post-31962","1":"post","2":"type-post","3":"status-publish","4":"format-standard","5":"has-post-thumbnail","7":"category-overskrifter","8":"tag-bok","9":"tag-breaking-news","10":"tag-breakingnews","11":"tag-donald-trump","12":"tag-featured-news","13":"tag-featurednews","14":"tag-headlines","15":"tag-hovedoppslag","16":"tag-joe-biden","17":"tag-kamala-harris","18":"tag-latest-news","19":"tag-latestnews","20":"tag-main-news","21":"tag-mainnews","22":"tag-news","23":"tag-no","24":"tag-norge","25":"tag-norway","26":"tag-nyheter","27":"tag-overskrifter","28":"tag-top-stories","29":"tag-topstories","30":"tag-usa"},"share_on_mastodon":{"url":"","error":""},"_links":{"self":[{"href":"https:\/\/www.europesays.com\/no\/wp-json\/wp\/v2\/posts\/31962","targetHints":{"allow":["GET"]}}],"collection":[{"href":"https:\/\/www.europesays.com\/no\/wp-json\/wp\/v2\/posts"}],"about":[{"href":"https:\/\/www.europesays.com\/no\/wp-json\/wp\/v2\/types\/post"}],"author":[{"embeddable":true,"href":"https:\/\/www.europesays.com\/no\/wp-json\/wp\/v2\/users\/2"}],"replies":[{"embeddable":true,"href":"https:\/\/www.europesays.com\/no\/wp-json\/wp\/v2\/comments?post=31962"}],"version-history":[{"count":0,"href":"https:\/\/www.europesays.com\/no\/wp-json\/wp\/v2\/posts\/31962\/revisions"}],"wp:featuredmedia":[{"embeddable":true,"href":"https:\/\/www.europesays.com\/no\/wp-json\/wp\/v2\/media\/31963"}],"wp:attachment":[{"href":"https:\/\/www.europesays.com\/no\/wp-json\/wp\/v2\/media?parent=31962"}],"wp:term":[{"taxonomy":"category","embeddable":true,"href":"https:\/\/www.europesays.com\/no\/wp-json\/wp\/v2\/categories?post=31962"},{"taxonomy":"post_tag","embeddable":true,"href":"https:\/\/www.europesays.com\/no\/wp-json\/wp\/v2\/tags?post=31962"}],"curies":[{"name":"wp","href":"https:\/\/api.w.org\/{rel}","templated":true}]}}