{"id":320109,"date":"2026-08-12T09:56:12","date_gmt":"2026-08-12T09:56:12","guid":{"rendered":"https:\/\/www.europesays.com\/no\/320109\/"},"modified":"2026-08-12T09:56:12","modified_gmt":"2026-08-12T09:56:12","slug":"slar-alarm-i-england-skremmende-dagbladet","status":"publish","type":"post","link":"https:\/\/www.europesays.com\/no\/320109\/","title":{"rendered":"Sl\u00e5r alarm i England: &#8211; Skremmende &#8211; Dagbladet"},"content":{"rendered":"<ol>\n<li><a href=\"https:\/\/news.google.com\/rss\/articles\/CBMifkFVX3lxTE9RM0ZCMENiaFdEYnZNWFFCbkFoekQ5dmxTdkc5UE1ZRkR4cTFSNE5TWGVSVmc5X3ItVDFXdVRpUUJ3b2hoNjJKeUQ5MDRUTlNRa2tSVkZWcER2X3NodU5rbjItQkZQRURkdFQzaFhiSW55Tkw2SVBYZm5sdnFYQQ?oc=5\" target=\"_blank\" rel=\"nofollow noopener\">Sl\u00e5r alarm i England: &#8211; Skremmende<\/a>&nbsp;&nbsp;Dagbladet<\/li>\n<li><a href=\"https:\/\/news.google.com\/rss\/articles\/CBMirwFBVV95cUxNX185Nm9ZOG9ibnA3eTdxNU5VSmVRSHZtWXhqOFAwcVQtdmZPU0xMY0tFUzVoYXNmQlZ0aTRhUzJYQlZGWUlwM3ZGQUhUMGw1THNzUkJ6T19NczFLSVhkNWlId0l6S0RGTXNBWFJMZzF1M2g1cTBCdXBpM2hRLWRWWjlnbllsUXpKUm5xUW1TM0wxX0lndXJOMTVGdHNOaVNoMzBVU1VnU01FOUpLQWlr?oc=5\" target=\"_blank\" rel=\"nofollow noopener\">Fransk livb\u00e5ttjeneste: 230 migranter krysset Den engelske kanal i samme b\u00e5t<\/a>&nbsp;&nbsp;adressa.no<\/li>\n<li><a href=\"https:\/\/news.google.com\/rss\/articles\/CBMiqAFBVV95cUxQMVluYzVZLTRWT0QzRUFNWEZsY3BWRGtleVZXNGREVTh5YjBwaXFDYVBFbkRrX1NNTEVEWmt1aE1yTjduZHBlbzFfRGpWeXAwT0toRE10bWN1OWpZWjlwTmRhZzI5dEZPeUhROWFYZzVfYkZEWXJXSnMybVNXaGJ2bVV2cGlzM09FZDJsR1BQMVYyU05Sb293eHIxd0RhTkNQYWh6SWNGOGY?oc=5\" target=\"_blank\" rel=\"nofollow noopener\">230 migranter i \u00e9n gummib\u00e5t \u2013 n\u00e5 m\u00e5 middelklassen \u00abta sin del\u00bb<\/a>&nbsp;&nbsp;Investornytt<\/li>\n<li><a href=\"https:\/\/news.google.com\/rss\/articles\/CBMilgFBVV95cUxNRzVQTURJMWE0QXAxOW5TdkNNT3ZINmxyOU1sbTg4S1UzSUt2Rk5JQUFEUG1lSVQyWnJlSkJoODBmZ2hhT0VZbHcxS2thdHNJRktnQzNJT1ZXM1RteU1FcGJaS1ZTVTlaOG1VVkZLUjdfOV9NcjZmQXBMemhOa1N0RDN3cnV4ODJ2dzQ1dTlNZ1YtejE0NlE?oc=5\" target=\"_blank\" rel=\"nofollow noopener\">Fransk advarsel etter migrantrekord: \u2013 Det finnes ingen grense<\/a>&nbsp;&nbsp;inyheter.no<\/li>\n<li><a href=\"https:\/\/news.google.com\/rss\/articles\/CBMiVkFVX3lxTE5nU09teDAzNE9ORWFmc0pEcFBkMVBQRHhWaS1zc1p4V0tHbzNnZEZtajFKU29wUm1rUkpPR0paemY5WXJVbzQwdl9BOE5tRGhVM005QnJR?oc=5\" target=\"_blank\" rel=\"nofollow noopener\">Nesten 160 b\u00e5tflyktninger reddet etter b\u00e5tbrann i Den engelske kanal<\/a>&nbsp;&nbsp;Utrop<\/li>\n<\/ol>\n","protected":false},"excerpt":{"rendered":"Sl\u00e5r alarm i England: &#8211; Skremmende&nbsp;&nbsp;Dagbladet Fransk livb\u00e5ttjeneste: 230 migranter krysset Den engelske kanal i samme b\u00e5t&nbsp;&nbsp;adressa.no 230&hellip;\n","protected":false},"author":2,"featured_media":320110,"comment_status":"","ping_status":"","sticky":false,"template":"","format":"standard","meta":{"footnotes":"","_share_on_mastodon":"0"},"categories":[12],"tags":[20,21,24,25,15,22,23,13,30,28,29,14,16,865,26,27,412,42,43,44,45],"class_list":["post-320109","post","type-post","status-publish","format-standard","has-post-thumbnail","category-verden","tag-breaking-news","tag-breakingnews","tag-featured-news","tag-featurednews","tag-headlines","tag-latest-news","tag-latestnews","tag-news","tag-no","tag-norge","tag-norway","tag-nyheter","tag-overskrifter","tag-storbritannia","tag-top-stories","tag-topstories","tag-utenriks","tag-verden","tag-world","tag-world-news","tag-worldnews"],"share_on_mastodon":{"url":"https:\/\/pubeurope.com\/@no\/117081943835378122","error":""},"_links":{"self":[{"href":"https:\/\/www.europesays.com\/no\/wp-json\/wp\/v2\/posts\/320109","targetHints":{"allow":["GET"]}}],"collection":[{"href":"https:\/\/www.europesays.com\/no\/wp-json\/wp\/v2\/posts"}],"about":[{"href":"https:\/\/www.europesays.com\/no\/wp-json\/wp\/v2\/types\/post"}],"author":[{"embeddable":true,"href":"https:\/\/www.europesays.com\/no\/wp-json\/wp\/v2\/users\/2"}],"replies":[{"embeddable":true,"href":"https:\/\/www.europesays.com\/no\/wp-json\/wp\/v2\/comments?post=320109"}],"version-history":[{"count":0,"href":"https:\/\/www.europesays.com\/no\/wp-json\/wp\/v2\/posts\/320109\/revisions"}],"wp:featuredmedia":[{"embeddable":true,"href":"https:\/\/www.europesays.com\/no\/wp-json\/wp\/v2\/media\/320110"}],"wp:attachment":[{"href":"https:\/\/www.europesays.com\/no\/wp-json\/wp\/v2\/media?parent=320109"}],"wp:term":[{"taxonomy":"category","embeddable":true,"href":"https:\/\/www.europesays.com\/no\/wp-json\/wp\/v2\/categories?post=320109"},{"taxonomy":"post_tag","embeddable":true,"href":"https:\/\/www.europesays.com\/no\/wp-json\/wp\/v2\/tags?post=320109"}],"curies":[{"name":"wp","href":"https:\/\/api.w.org\/{rel}","templated":true}]}}