{"id":320313,"date":"2026-08-12T13:52:55","date_gmt":"2026-08-12T13:52:55","guid":{"rendered":"https:\/\/www.europesays.com\/no\/320313\/"},"modified":"2026-08-12T13:52:55","modified_gmt":"2026-08-12T13:52:55","slug":"kultur-fest-arrangerer-stor-fest-rett-over-grensa","status":"publish","type":"post","link":"https:\/\/www.europesays.com\/no\/320313\/","title":{"rendered":"Kultur, Fest | Arrangerer stor fest rett over grensa"},"content":{"rendered":"\n<p><b>\u2013 Dette er det 69. \u00e5ret vi arrangerer Eldfesten, og vi forventer rundt 500 som tar turen, sier Ulf Ek\u00e5sen fra Grue.<\/b><\/p>\n<p>Ek\u00e5sen har v\u00e6rt med og skapt liv i danseparken \u00c4lgsj\u00f6vallen i Bjurberget siden tidlig 80-tall. Stedet ligger rett over svenskegrensa for Sol\u00f8r.<\/p>\n<p>Han er med som arrang\u00f8r ogs\u00e5 l\u00f8rdag og har store planer. Streaglers spiller dansemusikk og Frippe spiller i baren.<\/p>\n<p>Ek\u00e5sen kan meddele at festen har vakt oppsikt med fyrverkeri.<\/p>\n<p><b>\u2013 Det blir et stort fyrverkeri ved midnatt, som varer i rundt 12 minutter. Det har vi f\u00e5tt mye ros for tidligere, sier Ek\u00e5sen.<\/b><\/p>\n<p>Til neste \u00e5r er det stort jubileum for festen, som er i skogen, rett over svenskegrensa.<\/p>\n<p>\u2013 Da fyller vi 70, og m\u00e5 vi legge en god plan der vi kanskje f\u00e5r til noe helt spesielt, sier Ek\u00e5sen.<\/p>\n","protected":false},"excerpt":{"rendered":"\u2013 Dette er det 69. \u00e5ret vi arrangerer Eldfesten, og vi forventer rundt 500 som tar turen, sier&hellip;\n","protected":false},"author":2,"featured_media":320314,"comment_status":"","ping_status":"","sticky":false,"template":"","format":"standard","meta":{"footnotes":"","_share_on_mastodon":"0"},"categories":[58],"tags":[36,71,1176,8138,410,30,28,29,478,1510,72],"class_list":["post-320313","post","type-post","status-publish","format-standard","has-post-thumbnail","category-underholdning","tag-art","tag-entertainment","tag-fest","tag-grue","tag-kultur","tag-no","tag-norge","tag-norway","tag-solor","tag-story","tag-underholdning"],"share_on_mastodon":{"url":"https:\/\/pubeurope.com\/@no\/117082875639178144","error":""},"_links":{"self":[{"href":"https:\/\/www.europesays.com\/no\/wp-json\/wp\/v2\/posts\/320313","targetHints":{"allow":["GET"]}}],"collection":[{"href":"https:\/\/www.europesays.com\/no\/wp-json\/wp\/v2\/posts"}],"about":[{"href":"https:\/\/www.europesays.com\/no\/wp-json\/wp\/v2\/types\/post"}],"author":[{"embeddable":true,"href":"https:\/\/www.europesays.com\/no\/wp-json\/wp\/v2\/users\/2"}],"replies":[{"embeddable":true,"href":"https:\/\/www.europesays.com\/no\/wp-json\/wp\/v2\/comments?post=320313"}],"version-history":[{"count":0,"href":"https:\/\/www.europesays.com\/no\/wp-json\/wp\/v2\/posts\/320313\/revisions"}],"wp:featuredmedia":[{"embeddable":true,"href":"https:\/\/www.europesays.com\/no\/wp-json\/wp\/v2\/media\/320314"}],"wp:attachment":[{"href":"https:\/\/www.europesays.com\/no\/wp-json\/wp\/v2\/media?parent=320313"}],"wp:term":[{"taxonomy":"category","embeddable":true,"href":"https:\/\/www.europesays.com\/no\/wp-json\/wp\/v2\/categories?post=320313"},{"taxonomy":"post_tag","embeddable":true,"href":"https:\/\/www.europesays.com\/no\/wp-json\/wp\/v2\/tags?post=320313"}],"curies":[{"name":"wp","href":"https:\/\/api.w.org\/{rel}","templated":true}]}}