{"id":320407,"date":"2026-08-12T15:11:18","date_gmt":"2026-08-12T15:11:18","guid":{"rendered":"https:\/\/www.europesays.com\/no\/320407\/"},"modified":"2026-08-12T15:11:18","modified_gmt":"2026-08-12T15:11:18","slug":"nrk-varsler-endringer-etter-uheldig-kameraforing-i-friidretts-em","status":"publish","type":"post","link":"https:\/\/www.europesays.com\/no\/320407\/","title":{"rendered":"NRK varsler endringer etter uheldig kameraf\u00f8ring i friidretts-EM"},"content":{"rendered":"\n<p class=\"_lead_145nj_2 _lead_6fko5_53 layout-component text-serif-m layout-normal text-serif-l layout-component layout-wide layout-padded _wide_17hqh_1 layout-padded\">Den norske kringkasteren bekrefter at bildene hvor flere norske EM-ut\u00f8vere ble vist bakfra kom fra deres egne kameraer. N\u00e5 tar de grep. <\/p>\n<p><img alt=\"Hekkel\u00f8per Andrea Rooth fikk kameraet rettet mot seg bakfra da hun gjorde seg klar for fors\u00f8ket p\u00e5 400 meter hekk. Foto: Bj\u00f8rn S. Delebekk \/ VG\" class=\"_image_jw3bv_65 layout-component layout-wide\" data-fullscreen- data-track-element-type=\"Article image fullscreen\" data-track-name=\"ImageFullscreen\" fetchpriority=\"high\" decoding=\"sync\" loading=\"eager\" height=\"2560\" itemprop=\"image\"  src=\"https:\/\/www.europesays.com\/no\/wp-content\/uploads\/2026\/08\/6d5e4012-ca68-36ef-8db2-f6cc2bad5fb0.jpeg\"  style=\"object-position:0% 0%\" width=\"3840\"\/>Hekkel\u00f8per Andrea Rooth fikk kameraet rettet mot seg bakfra da hun gjorde seg klar for fors\u00f8ket p\u00e5 400 meter hekk. Foto: Bj\u00f8rn S. Delebekk \/ VGBirmingham Oppdatert onsdag 12. august kl. 16:46    <\/p>\n<ul class=\"_list_145nj_3 _list_64s2r_85 _unordered_145nj_106 text-sans-m\">\n<li class=\"_item_145nj_30\">Flere norske ut\u00f8vere ble filmet uheldig under EM til tross for nye retningslinjer.<\/li>\n<li class=\"_item_145nj_30\">B\u00e5de Pernille Karlsen Antonsen og Andrea Rooth ble filmet bakfra i flere sekunder.<\/li>\n<li class=\"_item_145nj_30\">NRK bekrefter at bildene kom fra deres egne kameraer.<\/li>\n<li class=\"_item_145nj_30\">Retningslinjene fra EBU skal unng\u00e5 seksualisering av idretten.<\/li>\n<\/ul>\n<p>Vis mer <\/p>\n<p class=\"_paragraph_145nj_4 _paragraph_6fko5_10 layout-component text-serif-m layout-normal text-serif-m layout-padded\"><a href=\"https:\/\/www.vg.no\/sport\/i\/aJaG25\/friidrett-pernille-karlsen-antonsen-og-andrea-rooth-om-filminng\" data-track-element-type=\"Link\" data-track-id=\"link:aJaG25\" class=\"_link_145nj_39\" rel=\"nofollow noopener\" target=\"_blank\">VG meldte tidligere onsdag at b\u00e5de det norske friidrettsh\u00e5pet Pernille Karlsen Antonsen (23) og hekkel\u00f8per Andrea Rooth (24)<\/a> ble filmet bakfra i flere sekunder rett f\u00f8r de skulle i aksjon p\u00e5 fors\u00f8kene til 800 meter og 400 meter hekk. <\/p>\n<p class=\"_paragraph_145nj_4 _paragraph_6fko5_10 layout-component text-serif-m layout-normal text-serif-m layout-padded\">Antonsen ble filmet bakfra i 36 sekunder, if\u00f8lge VGs egen m\u00e5ling. <\/p>\n<p class=\"_paragraph_145nj_4 _paragraph_6fko5_10 layout-component text-serif-m layout-normal text-serif-m layout-padded\"><a href=\"https:\/\/www.vg.no\/tag\/andrea-rooth?utm_source=vg-article&amp;utm_medium=auto-tagger&amp;utm_campaign=PdajL6\" class=\"_link_145nj_39\" rel=\"nofollow noopener\" target=\"_blank\">Andrea Rooth<\/a> ble filmet til sammen i over ett minutt mens hun b\u00f8yde seg fremover og gjorde seg klar til \u00e5 stille seg i startblokken.<\/p>\n<p class=\"_paragraph_145nj_4 _paragraph_6fko5_10 layout-component text-serif-m layout-normal text-serif-m layout-padded\"> N\u00e5 bekrefter NRK at bildene fra sendingen ble filmet av deres egne kameraer. <\/p>\n<p class=\"_paragraph_145nj_4 _paragraph_6fko5_10 layout-component text-serif-m layout-normal text-serif-m layout-padded\">\u2013 Disse aktuelle bildene var filmet med NRKs egne kameraer. Vi \u00f8nsker \u00e5 ha fokus p\u00e5 de norske ut\u00f8verne, men grunnet p\u00e5lagt kameraposisjon fra arrang\u00f8ren s\u00e5 m\u00e5tte vi filme ut\u00f8verne bakfra. Vi vil arbeide internt, og opp mot arrang\u00f8r, for \u00e5 finne bedre l\u00f8sninger, sier NRKs sportsredakt\u00f8r Espen Olsen Langfeldt til VG.<\/p>\n<p class=\"_paragraph_145nj_4 _paragraph_6fko5_10 layout-component text-serif-m layout-normal text-serif-m layout-padded\">Det skjer etter at flere ut\u00f8vere reagerte p\u00e5 bildene. <\/p>\n<p class=\"_paragraph_145nj_4 _paragraph_6fko5_10 layout-component text-serif-m layout-normal text-serif-m layout-padded\">\u2013 Jeg tenkte p\u00e5 det da det ble vist, og det synes jeg de skal slutte med, sa Lakeri Ertzgaard til VG. <\/p>\n<p><img decoding=\"async\" alt=\"Bilde av Lakeri Ertzgaard\" class=\"_image_148z4_25\" height=\"27\" itemprop=\"image\" loading=\"lazy\"  src=\"https:\/\/www.europesays.com\/no\/wp-content\/uploads\/2026\/08\/3eebbaad-56af-3218-bb51-3d33fbe09b15.jpeg\"  width=\"40\"\/><strong class=\"_name_148z4_34 title-serif-xs\">Lakeri Ertzgaard<\/strong><\/p>\n<p class=\"_paragraph_145nj_4 text-sans-m _description_148z4_39\">400-meterl\u00f8per <\/p>\n<p class=\"_paragraph_145nj_4 _paragraph_6fko5_10 layout-component text-serif-m layout-normal text-serif-m layout-padded\">\u2013 Jeg kan jo skj\u00f8nne at det er vanskelig n\u00e5r man er i bevegelse hele tiden, men jeg ser jo at de zoomer inn p\u00e5 enkelte ting, sa Pernille Karlsen Antonsen.<\/p>\n<p><img decoding=\"async\" alt=\"Bilde av Pernille Karlsen Antonsen\" class=\"_image_148z4_25\" height=\"27\" itemprop=\"image\" loading=\"lazy\"  src=\"https:\/\/www.europesays.com\/no\/wp-content\/uploads\/2026\/08\/3a21afac-a50f-3375-a3bf-5d789a6c3117.jpeg\"  width=\"40\"\/><strong class=\"_name_148z4_34 title-serif-xs\">Pernille Karlsen Antonsen<\/strong><\/p>\n<p class=\"_paragraph_145nj_4 text-sans-m _description_148z4_39\">800-meterl\u00f8per <\/p>\n<p class=\"_paragraph_145nj_4 _paragraph_6fko5_10 layout-component text-serif-m layout-normal text-serif-m layout-padded\">\u2013 Jeg er forvirret over at dette vises n\u00e5r retningslinjene finnes. De som filmer ser sikkert ikke noe galt i det og tenker bare at de filmer en ut\u00f8ver i startblokken. Men det er veldig avsl\u00f8rende og ikke noe man liker, sa Sophie Becker til VG.<\/p>\n<p><img decoding=\"async\" alt=\"Bilde av Sophie Becker\" class=\"_image_148z4_25\" height=\"52\" itemprop=\"image\" loading=\"lazy\"  src=\"https:\/\/www.europesays.com\/no\/wp-content\/uploads\/2026\/08\/ef0ab223-9e82-3c58-8acf-2d31ba5aa1f0.jpeg\"  width=\"40\"\/><strong class=\"_name_148z4_34 title-serif-xs\">Sophie Becker<\/strong><\/p>\n<p class=\"_paragraph_145nj_4 text-sans-m _description_148z4_39\"> 400-meterl\u00f8per fra Irland<\/p>\n<p class=\"_paragraph_145nj_4 _paragraph_6fko5_10 layout-component text-serif-m layout-normal layout-padded\"><strong class=\"_strong_145nj_25\">Les ogs\u00e5:<\/strong> <a href=\"https:\/\/www.vg.no\/i\/aJaG25\" data-track-element-type=\"Link\" data-track-id=\"link:aJaG25\" class=\"_link_145nj_39\" rel=\"nofollow noopener\" target=\"_blank\">Ble filmet 36 sekunder bakfra: \u2013 Respektl\u00f8st og ukomfortabelt<\/a><\/p>\n<p class=\"_paragraph_145nj_4 _paragraph_6fko5_10 layout-component text-serif-m layout-normal text-serif-m layout-padded\">De nye retningslinjene for mer respektfull filming ble utarbeidet av den europeiske kringkastingsunionen (EBU) etter samtaler med flere kvinnelige ut\u00f8vere for \u00e5 unng\u00e5 seksualisering av idretten gjennom un\u00f8dvendige kameravinkler. <\/p>\n<p class=\"_paragraph_145nj_4 _paragraph_6fko5_10 layout-component text-serif-m layout-normal text-serif-m layout-padded\">De har blitt tatt i bruk for f\u00f8rste gang under europamesterskapet i friidrett. <\/p>\n<p class=\"_paragraph_145nj_4 _paragraph_6fko5_10 layout-component text-serif-m layout-normal text-serif-m layout-padded\">Her er eksempler p\u00e5 mer respektfull kameraf\u00f8ring:<\/p>\n<ul class=\"_gallery_1qa3s_23\" tabindex=\"0\">\n<li class=\"_item_1qa3s_37\" data-index=\"0\"><img decoding=\"async\" class=\"_image_foru8_23 _articleGallery_foru8_39\" data-fullscreen- width=\"2500\" height=\"1668\" itemprop=\"image\" loading=\"lazy\"  src=\"https:\/\/www.europesays.com\/no\/wp-content\/uploads\/2026\/08\/5ad91461-ef85-34e9-9859-18e590d99187.jpeg\"  style=\"object-position:50% 50%;aspect-ratio:var(--gallery-aspect-ratio, 16 \/ 9)\"\/>Foto: Faksimile \/ Den europeiske kringkastingsunion (EBU)<\/li>\n<li class=\"_item_1qa3s_37\" data-index=\"1\"><img decoding=\"async\" class=\"_image_foru8_23 _articleGallery_foru8_39\" data-fullscreen- width=\"2500\" height=\"1668\" itemprop=\"image\" loading=\"lazy\"  src=\"https:\/\/www.europesays.com\/no\/wp-content\/uploads\/2026\/08\/d40e74e6-6b46-39e3-a168-03d6d62757b1.jpeg\"  style=\"object-position:50% 50%;aspect-ratio:var(--gallery-aspect-ratio, 16 \/ 9)\"\/>Foto: Faksimile \/ Den europeiske kringkastingsunion (EBU)<\/li>\n<li class=\"_item_1qa3s_37\" data-index=\"2\"><img decoding=\"async\" class=\"_image_foru8_23 _articleGallery_foru8_39\" data-fullscreen- width=\"2500\" height=\"1668\" itemprop=\"image\" loading=\"lazy\"  src=\"https:\/\/www.europesays.com\/no\/wp-content\/uploads\/2026\/08\/f67a1020-be78-31b1-99ab-4523a6d4ab9a.jpeg\"  style=\"object-position:50% 50%;aspect-ratio:var(--gallery-aspect-ratio, 16 \/ 9)\"\/>Foto: Faksimile \/ Den europeiske kringkastingsunion (EBU)<\/li>\n<\/ul>\n<p>Foto: Faksimile \/ Den europeiske kringkastingsunion (EBU)<\/p>\n<p class=\"_paragraph_145nj_4 _paragraph_6fko5_10 layout-component text-serif-m layout-normal text-serif-m layout-padded\">Det er EBU som produserer TV-sendingene, men NRK har i tillegg egne kameraer p\u00e5 plass. <\/p>\n<p class=\"_paragraph_145nj_4 _paragraph_6fko5_10 layout-component text-serif-m layout-normal text-serif-m layout-padded\">\u2013 Vi mottar et ferdigprodusert signal fra vertskringkasteren. I tillegg har vi v\u00e5re egne kameraer plassert p\u00e5 arenaen for \u00e5 supplere sendingen. Disse dedikerte kameraene fokuserer prim\u00e6rt p\u00e5 de norske ut\u00f8verne, forklarer Langfeldt.<\/p>\n<p class=\"_paragraph_145nj_4 _paragraph_6fko5_10 layout-component text-serif-m layout-normal text-serif-m layout-padded\">Om eksemplene som oppsto med Rooth og Antonsen under sendingene mandag og tirsdag, sa han dette: <\/p>\n<p class=\"_paragraph_145nj_4 _paragraph_6fko5_10 layout-component text-serif-m layout-normal text-serif-m layout-padded\">\u2013 V\u00e5rt redaksjonelle fokus i disse \u00f8yeblikkene var \u00e5 f\u00f8lge de norske ut\u00f8verne mens de forberedte seg til konkurranse. Vi vil gjennomg\u00e5 de spesifikke eksemplene og vurdere dem i lys av retningslinjene som en del av v\u00e5rt redaksjonelle arbeid. Som med alle nye redaksjonelle retningslinjer, vil vi fortsette \u00e5 ta l\u00e6rdom av hvordan de fungerer i praksis, sier han. <\/p>\n<p>Hele uttalelsen til NRK<\/p>\n<p class=\"_paragraph_145nj_4 _paragraph_6fko5_10 _paragraph_1kitn_11 layout-component text-serif-m layout-normal text-sans-m layout-padded\">\u2013 Er dere ansvarlige for kameraoperat\u00f8rene og videoproduksjonen under mesterskapet, eller mottar dere et ferdigprodusert signal fra en vertskringkaster?<\/p>\n<p class=\"_paragraph_145nj_4 _paragraph_6fko5_10 _paragraph_1kitn_11 layout-component text-serif-m layout-normal text-sans-m layout-padded\">\u2013 Vi mottar et ferdigprodusert signal fra vertskringkasteren. I tillegg har vi v\u00e5re egne kameraer plassert p\u00e5 arenaen for \u00e5 supplere sendingen. Disse dedikerte kameraene fokuserer prim\u00e6rt p\u00e5 de norske ut\u00f8verne.<\/p>\n<p class=\"_paragraph_145nj_4 _paragraph_6fko5_10 _paragraph_1kitn_11 layout-component text-serif-m layout-normal text-sans-m layout-padded\">\u2013 Hvis dere er ansvarlige: Hvordan har EBUs nye retningslinjer blitt kommunisert til kameraoperat\u00f8rer, regiss\u00f8rer og annet produksjonspersonell?<\/p>\n<p class=\"_paragraph_145nj_4 _paragraph_6fko5_10 _paragraph_1kitn_11 layout-component text-serif-m layout-normal text-sans-m layout-padded\">\u2013 Vi i NRK st\u00f8tter disse retningslinjene sterkt, og har kommunisert dem til alle som er involvert i NRKs produksjon av mesterskapet.<\/p>\n<p class=\"_paragraph_145nj_4 _paragraph_6fko5_10 _paragraph_1kitn_11 layout-component text-serif-m layout-normal text-sans-m layout-padded\">\u2013 Hvordan vurderer dere sekvensene der kvinnelige ut\u00f8vere filmes bakfra i lengre perioder, i lys av de nye retningslinjene?<\/p>\n<p class=\"_paragraph_145nj_4 _paragraph_6fko5_10 _paragraph_1kitn_11 layout-component text-serif-m layout-normal text-sans-m layout-padded\">\u2013 Retningslinjene er ment \u00e5 fungere som en st\u00f8tte for redaksjonelle vurderinger under en direkteproduksjon, snarere enn \u00e5 diktere enkeltutsnitt. I disse tilfellene var v\u00e5rt redaksjonelle fokus \u00e5 f\u00f8lge de norske ut\u00f8verne mens de forberedte seg til konkurranse. Vi vil fortsette dialogen med v\u00e5re produksjonsteam og bruke retningslinjene i v\u00e5re redaksjonelle beslutninger, for \u00e5 se hvordan de best kan st\u00f8tte dekningen v\u00e5r fremover.<\/p>\n<p class=\"_paragraph_145nj_4 _paragraph_6fko5_10 _paragraph_1kitn_11 layout-component text-serif-m layout-normal text-sans-m layout-padded\">\u2013 To spesifikke eksempler inkluderer hekkel\u00f8per Andrea Rooth, som mandag ble filmet bakfra i omtrent ett minutt mens hun forberedte seg i startblokkene. Tirsdag ble 800-meterl\u00f8per Pernille Karlsen Antonsen filmet bakfra i 36 sekunder. Anser dere denne typen kameraf\u00f8ring for \u00e5 v\u00e6re i tr\u00e5d med de nye retningslinjene?<\/p>\n<p class=\"_paragraph_145nj_4 _paragraph_6fko5_10 _paragraph_1kitn_11 layout-component text-serif-m layout-normal text-sans-m layout-padded\">\u2013 V\u00e5rt redaksjonelle fokus i disse \u00f8yeblikkene var \u00e5 f\u00f8lge de norske ut\u00f8verne mens de forberedte seg til konkurranse. Vi vil gjennomg\u00e5 de spesifikke eksemplene og vurdere dem i lys av retningslinjene som en del av v\u00e5rt redaksjonelle arbeid. Som med alle nye redaksjonelle retningslinjer, vil vi fortsette \u00e5 ta l\u00e6rdom av hvordan de fungerer i praksis.<\/p>\n<p class=\"_paragraph_145nj_4 _paragraph_6fko5_10 _paragraph_1kitn_11 layout-component text-serif-m layout-normal text-sans-m layout-padded\">\u2013 Kan dere svare p\u00e5 om de to eksemplene med Rooth og Antonsen p\u00e5 TV-sendingen var filmet fra deres egne kameraer, eller om det var bilder fra vertskringkaster?<\/p>\n<p class=\"_paragraph_145nj_4 _paragraph_6fko5_10 _paragraph_1kitn_11 layout-component text-serif-m layout-normal text-sans-m layout-padded\">\u2013 Disse aktuelle bildene var filmet med NRKs egne kameraer. Vi \u00f8nsker \u00e5 ha fokus p\u00e5 de norske ut\u00f8verne, men grunnet p\u00e5lagt kameraposisjon fra arrang\u00f8ren s\u00e5 m\u00e5tte vi filme ut\u00f8verne bakfra. Vi vil arbeide internt, og opp mot arrang\u00f8r, for \u00e5 finne bedre l\u00f8sninger.<\/p>\n<p>Vis mer   <\/p>\n<p class=\"_paragraph_145nj_4 _paragraph_6fko5_10 layout-component text-serif-m layout-normal text-serif-m layout-padded\">EBU kaller retningslinjene anbefalinger for hver enkelt TV-produksjon. <\/p>\n<p class=\"_paragraph_145nj_4 _paragraph_6fko5_10 layout-component text-serif-m layout-normal text-serif-m layout-padded\">\u2013 Hensikten er \u00e5 gi st\u00f8tte i beslutningsprosessen under en direktesendt produksjon, der flere hundre redaksjonelle valg tas i sanntid, sier skriver EBU i en uttalelse til VG. <\/p>\n<p class=\"_paragraph_145nj_4 _paragraph_6fko5_10 layout-component text-serif-m layout-normal text-serif-m layout-padded\">\u2013 Dette er det f\u00f8rste store friidrettsmesterskapet siden retningslinjene ble lansert, og vi vil fortsette \u00e5 se p\u00e5 hvordan de kan bidra til sportsdekningen av friidrett og til deling av god redaksjonell praksis. Eksemplene dere har trukket fram, vil ogs\u00e5 bli vurdert som en del av dette arbeidet, fortsetter de. <\/p>\n<p>Hele svaret til EBU<\/p>\n<p class=\"_paragraph_145nj_4 _paragraph_6fko5_10 _paragraph_1kitn_11 layout-component text-serif-m layout-normal text-sans-m layout-padded\">\u00abRaising the Bar\u00bb-retningslinjene har v\u00e6rt med p\u00e5 \u00e5 forme den redaksjonelle tiln\u00e6rmingen til friidretts-EM. De inngikk i de redaksjonelle brifingene i forkant av mesterskapet og ble delt med produksjonsteamene som et verkt\u00f8y for beste praksis og som st\u00f8tte i redaksjonelle vurderinger. Retningslinjene er imidlertid anbefalinger, ikke regler. Hensikten er \u00e5 gi st\u00f8tte i beslutningsprosessen under en direktesendt produksjon, der flere hundre redaksjonelle valg tas i sanntid.<\/p>\n<p class=\"_paragraph_145nj_4 _paragraph_6fko5_10 _paragraph_1kitn_11 layout-component text-serif-m layout-normal text-sans-m layout-padded\">Retningslinjene ble utarbeidet i samarbeid med European Athletics, kringkastere og ut\u00f8vere for \u00e5 bidra til bedre historiefortelling i kvinnefriidretten, med st\u00f8rre vekt p\u00e5 prestasjonene og den sportslige historien. Dette er det f\u00f8rste store friidrettsmesterskapet siden retningslinjene ble lansert, og vi vil fortsette \u00e5 se p\u00e5 hvordan de kan bidra til sportsdekningen av friidrett og til deling av god redaksjonell praksis. Eksemplene dere har trukket fram, vil ogs\u00e5 bli vurdert som en del av dette arbeidet.<\/p>\n<p class=\"_paragraph_145nj_4 _paragraph_6fko5_10 _paragraph_1kitn_11 layout-component text-serif-m layout-normal text-sans-m layout-padded\">Retningslinjene er ment som st\u00f8tte for redaksjonelle vurderinger gjennom en hel produksjon, og ikke som en sjekkliste som hvert enkelt kamerabilde eller \u00f8yeblikk skal vurderes opp mot isolert.<\/p>\n<p>Vis mer       <\/p>\n","protected":false},"excerpt":{"rendered":"Den norske kringkasteren bekrefter at bildene hvor flere norske EM-ut\u00f8vere ble vist bakfra kom fra deres egne kameraer.&hellip;\n","protected":false},"author":2,"featured_media":320408,"comment_status":"","ping_status":"","sticky":false,"template":"","format":"standard","meta":{"footnotes":"","_share_on_mastodon":"0"},"categories":[59],"tags":[5114,24584,30,28,29,787,19206,83,82],"class_list":["post-320407","post","type-post","status-publish","format-standard","has-post-thumbnail","category-sport","tag-andrea-rooth","tag-friidretts-em","tag-no","tag-norge","tag-norway","tag-nrk","tag-pernille-antonsen","tag-sport","tag-sports"],"share_on_mastodon":{"url":"https:\/\/pubeurope.com\/@no\/117083182720875232","error":""},"_links":{"self":[{"href":"https:\/\/www.europesays.com\/no\/wp-json\/wp\/v2\/posts\/320407","targetHints":{"allow":["GET"]}}],"collection":[{"href":"https:\/\/www.europesays.com\/no\/wp-json\/wp\/v2\/posts"}],"about":[{"href":"https:\/\/www.europesays.com\/no\/wp-json\/wp\/v2\/types\/post"}],"author":[{"embeddable":true,"href":"https:\/\/www.europesays.com\/no\/wp-json\/wp\/v2\/users\/2"}],"replies":[{"embeddable":true,"href":"https:\/\/www.europesays.com\/no\/wp-json\/wp\/v2\/comments?post=320407"}],"version-history":[{"count":0,"href":"https:\/\/www.europesays.com\/no\/wp-json\/wp\/v2\/posts\/320407\/revisions"}],"wp:featuredmedia":[{"embeddable":true,"href":"https:\/\/www.europesays.com\/no\/wp-json\/wp\/v2\/media\/320408"}],"wp:attachment":[{"href":"https:\/\/www.europesays.com\/no\/wp-json\/wp\/v2\/media?parent=320407"}],"wp:term":[{"taxonomy":"category","embeddable":true,"href":"https:\/\/www.europesays.com\/no\/wp-json\/wp\/v2\/categories?post=320407"},{"taxonomy":"post_tag","embeddable":true,"href":"https:\/\/www.europesays.com\/no\/wp-json\/wp\/v2\/tags?post=320407"}],"curies":[{"name":"wp","href":"https:\/\/api.w.org\/{rel}","templated":true}]}}