{"id":320977,"date":"2026-08-13T05:10:11","date_gmt":"2026-08-13T05:10:11","guid":{"rendered":"https:\/\/www.europesays.com\/no\/320977\/"},"modified":"2026-08-13T05:10:11","modified_gmt":"2026-08-13T05:10:11","slug":"brakeroya-skytevapen-flere-meldinger-om-person-med-skytevapen","status":"publish","type":"post","link":"https:\/\/www.europesays.com\/no\/320977\/","title":{"rendered":"Braker\u00f8ya, Skytev\u00e5pen | Flere meldinger om person med skytev\u00e5pen"},"content":{"rendered":"\n<p><b>BRAKER\u00d8YA: <\/b>Natt til torsdag i 02.30-tiden fikk politiet flere meldinger om observasjon av en person med skytev\u00e5pen i omr\u00e5det rundt Shell\/St1 p\u00e5 Braker\u00f8ya. <\/p>\n<p>Operasjonsleder i politiet, St\u00e5le Fuglaas, sier til Drammens Tidende at de rykket ut med mye ressurser og hadde godt med mannskap ute p\u00e5 hendelsen. <\/p>\n<p>\u2013 Det kom etter hvert flere meldinger inn til oss. Han skal ha hatt en pistol, sier Fuglaas. <\/p>\n<p>En tipser Drammens Tidende har pratet med, som var i omr\u00e5det under hendelsen, forteller at han aldri har sett s\u00e5 mye politi i Drammen p\u00e5 natta f\u00f8r. <\/p>\n<p>\u2013 Det var sikkert 20\u201330 betjenter. De var rundt p\u00e5 hele Braker\u00f8ya-omr\u00e5det. Det sto bev\u00e6pnet politibetjenter overalt, sier tipseren. <\/p>\n<p>Gode bilder<\/p>\n<p>Personen med skytev\u00e5penet skal if\u00f8lge operasjonslederen ha v\u00e6rt innom bensinstasjonen, men det skal ikke ha v\u00e6rt noen trusselsituasjon. <\/p>\n<p>Tipseren avisa har pratet med forteller at de som kom g\u00e5ende eller syklende i omr\u00e5det ved Shell fikk beskjed om \u00e5 holde seg innend\u00f8rs p\u00e5 bensinstasjonen til situasjonen var avklart. Tipser kom selv med bil og forteller at han ble holdt igjen i rundt ti minutter f\u00f8r han fikk kj\u00f8re videre. <\/p>\n<p>\u2013 Jeg er ute p\u00e5 jobb p\u00e5 natta og ser mye forskjellig, men det er ikke normalt \u00e5 se tungt bev\u00e6pnet politi, og s\u00e5 mange av dem samtidig, sier tipseren til Drammens Tidende.<\/p>\n<p>Fuglaas er ikke kjent med at personer fikk beskjed om \u00e5 holde seg innend\u00f8rs under hendelsen. <\/p>\n<p>Politiet har ikke funnet personen med v\u00e5penet forel\u00f8pig, men informerer om at de har gode bilder av vedkommende fra overv\u00e5kingskamera. Det aktive s\u00f8ket er avsluttet.<\/p>\n<p>\u2013 Det er ingen som har dratt kjensel p\u00e5 personen. Hendelsen vil bli fulgt opp i etterforskningssporet. <\/p>\n<p>Politiet har tatt vitneforklaringer p\u00e5 stedet.<\/p>\n<p>Selv om personen med skytev\u00e5penet ikke er funnet, sier Fuglaas at det ikke er noe grunn til bekymring for drammenserne som ferdes i sentrum.<\/p>\n","protected":false},"excerpt":{"rendered":"BRAKER\u00d8YA: Natt til torsdag i 02.30-tiden fikk politiet flere meldinger om observasjon av en person med skytev\u00e5pen i&hellip;\n","protected":false},"author":2,"featured_media":320978,"comment_status":"","ping_status":"","sticky":false,"template":"","format":"standard","meta":{"footnotes":"","_share_on_mastodon":"0"},"categories":[12],"tags":[36,16766,20,21,24,25,15,1576,22,23,13,30,28,29,14,16,10825,1510,26,27,42,43,44,45],"class_list":["post-320977","post","type-post","status-publish","format-standard","has-post-thumbnail","category-verden","tag-art","tag-brakeroya","tag-breaking-news","tag-breakingnews","tag-featured-news","tag-featurednews","tag-headlines","tag-hendelse","tag-latest-news","tag-latestnews","tag-news","tag-no","tag-norge","tag-norway","tag-nyheter","tag-overskrifter","tag-skytevapen","tag-story","tag-top-stories","tag-topstories","tag-verden","tag-world","tag-world-news","tag-worldnews"],"share_on_mastodon":{"url":"https:\/\/pubeurope.com\/@no\/117086481492424917","error":""},"_links":{"self":[{"href":"https:\/\/www.europesays.com\/no\/wp-json\/wp\/v2\/posts\/320977","targetHints":{"allow":["GET"]}}],"collection":[{"href":"https:\/\/www.europesays.com\/no\/wp-json\/wp\/v2\/posts"}],"about":[{"href":"https:\/\/www.europesays.com\/no\/wp-json\/wp\/v2\/types\/post"}],"author":[{"embeddable":true,"href":"https:\/\/www.europesays.com\/no\/wp-json\/wp\/v2\/users\/2"}],"replies":[{"embeddable":true,"href":"https:\/\/www.europesays.com\/no\/wp-json\/wp\/v2\/comments?post=320977"}],"version-history":[{"count":0,"href":"https:\/\/www.europesays.com\/no\/wp-json\/wp\/v2\/posts\/320977\/revisions"}],"wp:featuredmedia":[{"embeddable":true,"href":"https:\/\/www.europesays.com\/no\/wp-json\/wp\/v2\/media\/320978"}],"wp:attachment":[{"href":"https:\/\/www.europesays.com\/no\/wp-json\/wp\/v2\/media?parent=320977"}],"wp:term":[{"taxonomy":"category","embeddable":true,"href":"https:\/\/www.europesays.com\/no\/wp-json\/wp\/v2\/categories?post=320977"},{"taxonomy":"post_tag","embeddable":true,"href":"https:\/\/www.europesays.com\/no\/wp-json\/wp\/v2\/tags?post=320977"}],"curies":[{"name":"wp","href":"https:\/\/api.w.org\/{rel}","templated":true}]}}