{"id":321081,"date":"2026-08-13T07:26:16","date_gmt":"2026-08-13T07:26:16","guid":{"rendered":"https:\/\/www.europesays.com\/no\/321081\/"},"modified":"2026-08-13T07:26:16","modified_gmt":"2026-08-13T07:26:16","slug":"norge-rundt-forsvaret-vil-ha-forsvarskurs-inn-i-skolen","status":"publish","type":"post","link":"https:\/\/www.europesays.com\/no\/321081\/","title":{"rendered":"Norge rundt, Forsvaret | Vil ha forsvarskurs inn i skolen"},"content":{"rendered":"\n<p>[<a href=\"https:\/\/www.nationen.no\/forsvarssjefen-vil-ha-forsvarskurs-inn-i-skolen\/s\/5-148-953549\" rel=\"Follow nofollow noopener\" target=\"_blank\">NATIONEN<\/a>]: \u2013 Jeg mener det ligger et potensial i verneplikten til \u00e5 heve forst\u00e5elsen for totalberedskap og totalforsvaret, ogs\u00e5 i skoleverket, sier Eirik Kristoffersen til Nationen.<\/p>\n<p>Inn i totalforsvars\u00e5ret kommer forsvarssjefen med et \u00f8nske til kunnskapsminister Kari Nessa Nordtun (Ap): <\/p>\n<p>Mens H\u00f8yre tidligere har tatt til orde for et et obligatorisk milit\u00e6rkurs for 18-\u00e5ringer i skoleverket for \u00e5 \u00f8ke kunnskapen om Forsvaret, peker Kristoffersen heller p\u00e5 at det b\u00f8r innf\u00f8res oppl\u00e6ring i skoleverket i videreg\u00e5ende skole om hva totalforsvaret og hva den enkeltes rolle i en krigssituasjon er. <\/p>\n<p>Totalforsvaret inneb\u00e6rer b\u00e5de det milit\u00e6re forsvaret og den sivile beredskapen i Norge. <\/p>\n<p>\u2013 I praksis tenker jeg at dette kunne v\u00e6rt gjort som et veldig kort kurs der du ga alle i vernepliktig alder innenfor skolerammen oppl\u00e6ring i hva totalforsvaret er, hva slags rolle den enkelte har, om man er i Forsvaret eller utenfor Forsvaret, sier han, og legger til:<\/p>\n<p>\u2013 Men ikke minst gi enkel oppl\u00e6ring i det som er viktig for v\u00e5r beredskap, for eksempel f\u00f8rstehjelp.<\/p>\n<p>   <img decoding=\"async\" width=\"5207\" height=\"3804\" fetchpriority=\"low\"  loading=\"lazy\"  src=\"https:\/\/www.europesays.com\/no\/wp-content\/uploads\/2026\/08\/1786605976_829_IMG_4249.jpeg\" alt=\"\" class=\"brick-c-cFOWSL\" style=\"--brick-image-ratio: 5207 \/ 3804;\"\/><\/p>\n<p>      Forsvarssjef Eirik Kristoffersen i samtale med unge under Arendalsuka. <\/p>\n<p>  Ser p\u00e5 verneplikten<\/p>\n<p>Forsvaret har satt igang et prosjekt der de ser n\u00e6rmere p\u00e5 hvordan den norske verneplikten b\u00f8r bli framover. <\/p>\n<p>\u2013 Jeg tenker at hvordan verneplikten skal utvikle seg er noe vi m\u00e5 se p\u00e5, sier Kristoffersen. <\/p>\n<p>Han gj\u00f8r likevel \u00e9n ting klart: <\/p>\n<p>\u2013 Forsvarets behov er ikke \u00e5 kalle inn flere n\u00e5 i forhold til den strukturen Stortinget har vedtatt, sier Kristoffersen, og viser til den oppdaterte langtidsplanen for forsvarssektoren.<\/p>\n<p>\u2013 Enorm interesse<\/p>\n<p>Nylig meldte en unders\u00f8kelse utf\u00f8rt for <a href=\"https:\/\/www.universitas.no\/forsvarsvilje-krigsskolen-studentundersokelse\/kun-en-av-ti-studenter-vil-ga-i-krig-for-norge\/397755\" rel=\"Follow nofollow noopener\" target=\"_blank\">Universitas<\/a> av Sentio at bare 12 prosent av Oslo-studentene var villige til \u00e5 forsvare Norge milit\u00e6rt. <\/p>\n<p>\u2013 Er du bekymret for det? <\/p>\n<p>\u2013 Det tallet er jo altfor lavt. S\u00e5 er jeg usikker p\u00e5 hvor representativ den unders\u00f8kelsen er, sier Kristoffersen. <\/p>\n<p>\u2013 Vi opplever jo det motsatte: en enorm interesse for \u00e5 v\u00e6re en del av Forsvaret. <\/p>\n<p>Forsvarssjefen peker p\u00e5 at andre unders\u00f8kelser viser at forsvarsviljen i Norge er veldig h\u00f8y.<\/p>\n<p>\u2013 V\u00e5re bekymringer for at vi ikke skulle rekruttere nok folk i 2023, har vist seg at vi er mindre bekymret n\u00e5, rett og slett fordi interessen er veldig stor. <\/p>\n<p>\u2013 Du er ikke bekymret for forsvarsviljen hos de unge? <\/p>\n<p>\u2013 Jeg er ikke bekymret for forsvarsviljen i Norge, men vi skal heller ikke ta det for gitt. Forsvaret m\u00e5 vise at vi etterlever de verdiene vi har. Vi m\u00e5 vise at vi utnytter ressursene best mulig, og vi m\u00e5 vise at vi er en attraktiv arbeidsgiver. <\/p>\n<p><a class=\"brick-c-hOTghF\" href=\"#skip-\">Hopp over karusellen.<\/a><\/p>\n<p data-static=\"\" class=\"brick-c-fgNmNC\" id=\"carousel-title-\">Innholdskarusell med 10 artikler.<\/p>\n<ul data-static=\"\" aria-label=\"Navigasjon for innholdskarusell\" class=\"carousel-nav\">\n<li>\n<\/li>\n<li>\n<\/li>\n<\/ul>\n","protected":false},"excerpt":{"rendered":"[NATIONEN]: \u2013 Jeg mener det ligger et potensial i verneplikten til \u00e5 heve forst\u00e5elsen for totalberedskap og totalforsvaret,&hellip;\n","protected":false},"author":2,"featured_media":321082,"comment_status":"","ping_status":"","sticky":false,"template":"","format":"standard","meta":{"footnotes":"","_share_on_mastodon":"0"},"categories":[12],"tags":[1171,36,20,21,24,25,1903,25507,15,22,23,13,30,28,1331,29,14,16,1510,26,27,42,9083,43,44,45],"class_list":["post-321081","post","type-post","status-publish","format-standard","has-post-thumbnail","category-verden","tag-arendalsuka","tag-art","tag-breaking-news","tag-breakingnews","tag-featured-news","tag-featurednews","tag-forsvaret","tag-forsvarssjefen","tag-headlines","tag-latest-news","tag-latestnews","tag-news","tag-no","tag-norge","tag-norge-rundt","tag-norway","tag-nyheter","tag-overskrifter","tag-story","tag-top-stories","tag-topstories","tag-verden","tag-verneplikt","tag-world","tag-world-news","tag-worldnews"],"share_on_mastodon":{"url":"https:\/\/pubeurope.com\/@no\/117087016995319771","error":""},"_links":{"self":[{"href":"https:\/\/www.europesays.com\/no\/wp-json\/wp\/v2\/posts\/321081","targetHints":{"allow":["GET"]}}],"collection":[{"href":"https:\/\/www.europesays.com\/no\/wp-json\/wp\/v2\/posts"}],"about":[{"href":"https:\/\/www.europesays.com\/no\/wp-json\/wp\/v2\/types\/post"}],"author":[{"embeddable":true,"href":"https:\/\/www.europesays.com\/no\/wp-json\/wp\/v2\/users\/2"}],"replies":[{"embeddable":true,"href":"https:\/\/www.europesays.com\/no\/wp-json\/wp\/v2\/comments?post=321081"}],"version-history":[{"count":0,"href":"https:\/\/www.europesays.com\/no\/wp-json\/wp\/v2\/posts\/321081\/revisions"}],"wp:featuredmedia":[{"embeddable":true,"href":"https:\/\/www.europesays.com\/no\/wp-json\/wp\/v2\/media\/321082"}],"wp:attachment":[{"href":"https:\/\/www.europesays.com\/no\/wp-json\/wp\/v2\/media?parent=321081"}],"wp:term":[{"taxonomy":"category","embeddable":true,"href":"https:\/\/www.europesays.com\/no\/wp-json\/wp\/v2\/categories?post=321081"},{"taxonomy":"post_tag","embeddable":true,"href":"https:\/\/www.europesays.com\/no\/wp-json\/wp\/v2\/tags?post=321081"}],"curies":[{"name":"wp","href":"https:\/\/api.w.org\/{rel}","templated":true}]}}