{"id":321091,"date":"2026-08-13T07:35:37","date_gmt":"2026-08-13T07:35:37","guid":{"rendered":"https:\/\/www.europesays.com\/no\/321091\/"},"modified":"2026-08-13T07:35:37","modified_gmt":"2026-08-13T07:35:37","slug":"durek-verrett-om-kong-harald-og-dronning-sonja-derfor-kaller-han-dem-mamma-og-pappa","status":"publish","type":"post","link":"https:\/\/www.europesays.com\/no\/321091\/","title":{"rendered":"Durek Verrett om kong Harald og dronning Sonja: Derfor kaller han dem mamma og pappa"},"content":{"rendered":"<p class=\"kicker \" style=\"\">\u00d8rnulf H\u00f8yer:<\/p>\n<p class=\"subtitle \" style=\"\">Mote-gr\u00fcnderen forlater den velomtalte villaen &#8211; men huset, med svimlende prislapp, er fortsatt ikke solgt.\u00a0<\/p>\n<p>\n    HAR SAGT NEI: H\u00f8yer har fors\u00f8kt \u00e5 selge villaen p\u00e5 Vestkanten i Oslo siden v\u00e5ren i fjor. Hittil har ikke budene v\u00e6rt akseptable. Foto: Andreas Fadum \/ Se og H\u00f8r\n  <\/p>\n<p>&#8211; Line og jeg \u00f8nsker \u00e5 starte et nytt kapittel i v\u00e5re liv, n\u00e5 som v\u00e5rt siste barn er p\u00e5 vei ut i verden.<\/p>\n<p>Det sier \u00d8rnulf H\u00f8yer (68) til Dagbladet.<\/p>\n<p>For ett \u00e5r siden kom nyheten om at mote-gr\u00fcnderen og kona Line Aar\u00f8 Strandli (45) skulle selge det ber\u00f8mte \u00abExit\u00bb-huset p\u00e5 Ris i Oslo.<\/p>\n<p data-lab-font_weight=\"font-weight-bold\" class=\"font-weight-bold m-font-weight-bold\">Paret la ut villaen for salg &#8211; med en prislapp satt til svimlende 70 millioner kroner.\u00a0\u00a0<\/p>\n<p data-lab-font_weight=\"font-weight-bold\" class=\"font-weight-bold m-font-weight-bold\">S\u00e5 bestemte de seg for \u00e5 vende nesene mot Strandlis hjemsted, N\u00f8tter\u00f8y, der de har hatt hytte p\u00e5 \u00c5r\u00f8ysund i femten \u00e5r.<\/p>\n<p>&#8211; Det var kj\u00e6rlighet! Da jeg kj\u00f8pte hadde vi bare v\u00e6rt sammen i \u00e9n m\u00e5ned, har H\u00f8yer tidligere fortalt i et intervju med<a href=\"https:\/\/www.tb.no\/line-flytter-fra-exit-huset-til-notteroy-na-har-hun-store-planer-i-tonsberg\/s\/5-76-2910169\" rel=\"nofollow noopener\" target=\"_blank\"> T\u00f8nsbergs Blad.<\/a><\/p>\n<p>N\u00e5 melder H\u00f8yer at han og kona omsider er p\u00e5 flyttefot. 68-\u00e5ringen r\u00f8per ogs\u00e5 parets planer videre.\u00a0<\/p>\n<p>        <img loading=\"lazy\" decoding=\"async\" src=\"https:\/\/www.europesays.com\/no\/wp-content\/uploads\/2026\/08\/84996088.webp\" width=\"688\" height=\"393\" alt=\"\" class=\"\" style=\"--aspect-ratio-image: 1.75; \"\/><\/p>\n<p>\n        VILLA: \u00d8rnulf H\u00f8yers mye omtalte \u00abExit\u00bb-villa ligger p\u00e5 Vestkanten i Oslo. Den er for tida til salgs. Foto: Dagbladet TV\n    <\/p>\n<p>&#8211; G\u00f8y \u00e5 dele<\/p>\n<p>H\u00f8yers hus ble for alvor kjent for det norske folk i 2019, da det dukket opp i NRK-serien \u00abExit\u00bb. Etter dette ble det ogs\u00e5 brukt under innspillingen av Dagbladet TV-serien \u00abN\u00f8dt eller sannhet\u00bb i 2023.\u00a0<\/p>\n<p>    <a itemprop=\"url\" href=\"https:\/\/www.dagbladet.no\/kjendis\/apner-opp-etter-tv-dramaet\/78553524\" rel=\"nofollow noopener\" target=\"_blank\"><\/p>\n<p>        <img loading=\"lazy\" decoding=\"async\" src=\"https:\/\/www.europesays.com\/no\/wp-content\/uploads\/2026\/08\/78553603.webp\" width=\"180\" height=\"81\" alt=\"\" class=\"lazyload\" style=\"--aspect-ratio-image: 2.22; \"\/><\/p>\n<p>        \u00c5pner opp etter TV-dramaet<\/p>\n<p>    <\/a><\/p>\n<p class=\"font-weight-bold m-font-weight-bold\" data-lab-font_weight=\"font-weight-bold\">H\u00f8yer, som selv var aktuell p\u00e5 skjermen med \u00abFarmen Kjendis\u00bb samme \u00e5r, har ogs\u00e5 jobbet i film- og TV-bransjen. Lenge var han ansvarlig for \u00e5 finne \u00ablocations\u00bb.\u00a0<\/p>\n<p>Han har derfor flere kontakter i bransjen, og har flere ganger blitt spurt om huset kan benyttes til innspillinger.<\/p>\n<p>&#8211; Det er g\u00f8y \u00e5 dele det med folk, for det er virkelig en fest av et hus. Jeg skal ut herfra med beina f\u00f8rst, sa han <a href=\"https:\/\/www.tv2.no\/underholdning\/ornulf-hoyer-kjopte-exit-villa-fra-tidligere-kriminell\/15476748\/\" rel=\"nofollow noopener\" target=\"_blank\">til TV 2 i<\/a> 2023.<\/p>\n<p>        <img loading=\"lazy\" decoding=\"async\" src=\"https:\/\/www.europesays.com\/no\/wp-content\/uploads\/2026\/08\/84996148.webp\" width=\"667\" height=\"514\" alt=\"\" class=\"\" style=\"--aspect-ratio-image: 1.30; \"\/><\/p>\n<p>\n        FASJONABELT: Den store villaen p\u00e5 Vestkanten har huset store fester og flere TV -produksjoner. Foto: Espen Solli\n    <\/p>\n<p>Brukte \u00aballe\u00bb pengene<\/p>\n<p class=\"font-weight-normal m-font-weight-normal\" data-lab-font_weight=\"font-weight-normal\">Den \u00e6rverdige villaen befinner seg p\u00e5 Oslos beste vestkant og ble kj\u00f8pt av H\u00f8yer allerede i 1997. Den ble bygget i 1903, og gr\u00fcnderen kj\u00f8pte det uten \u00e5 ha sett det p\u00e5 innsida.\u00a0<\/p>\n<p class=\"font-weight-bold m-font-weight-bold\" data-lab-font_weight=\"font-weight-bold\">H\u00f8yer har tidligere fortalt til\u00a0<a href=\"https:\/\/www.tv2.no\/underholdning\/ornulf-hoyer-kjopte-exit-villa-fra-tidligere-kriminell\/15476748\/\" rel=\"nofollow noopener\" target=\"_blank\">TV 2<\/a>\u00a0at han ville kj\u00f8pe huset f\u00f8r det kom p\u00e5 markedet. Den gang var boligen i noks\u00e5 d\u00e5rlig stand, men gr\u00fcnderen var overbevist om at det inneholdt flere skjulte skatter.<\/p>\n<p>&#8211; I 1997 var huset ganske forfalt. Malingen flasset av p\u00e5 husveggene, det vokste ugress og var maurtuer rundt om i hagen, sa han den gang.\u00a0<\/p>\n<p>        <img loading=\"lazy\" decoding=\"async\" src=\"https:\/\/www.europesays.com\/no\/wp-content\/uploads\/2026\/08\/84996140.webp\" width=\"688\" height=\"393\" alt=\"\" class=\"\" style=\"--aspect-ratio-image: 1.75; \"\/><\/p>\n<p>\n        EXIT-HUSET: Flere drar kanskje kjensel p\u00e5 villaen p\u00e5 Ris &#8211; det er nemlig huset til karakteren Jeppe i suksesserien Exit. Foto: Espen Solli\/Se og H\u00f8r\n    <\/p>\n<p>Videre r\u00f8pet 68-\u00e5ringen at han hadde brukt mye tid og penger p\u00e5 \u00e5 pusse opp boligen.\u00a0<\/p>\n<p class=\"font-weight-bold m-font-weight-bold\" data-lab-font_weight=\"font-weight-bold\">&#8211; Jeg var s\u00e5 heldig \u00e5 ha f\u00e5tt en god del penger fra et agentur jeg hadde solgt. S\u00e5 jeg tok ut mye av verdiene jeg hadde skapt, og puttet alt i oppussing av huset.<\/p>\n<p>        <img loading=\"lazy\" decoding=\"async\" src=\"https:\/\/www.europesays.com\/no\/wp-content\/uploads\/2026\/08\/84999503.webp\" width=\"688\" height=\"393\" alt=\"\" class=\"\" style=\"--aspect-ratio-image: 1.75; \"\/><\/p>\n<p>\n        ROMSLIG: Det er god plass i villaen til \u00d8rnulf H\u00f8yer p\u00e5 Riis i Oslo. Foto: Espen Solli\n    <\/p>\n<p>\u00a0Til tross for p\u00e5kostet renovering, har H\u00f8yer beholdt mye av den gamle sjarmen i villaen p\u00e5 Ris i Oslo. Det kunne man enkelt se b\u00e5de under \u00abExit\u00bb og \u00abN\u00f8dt eller sannhet\u00bb.\u00a0<\/p>\n<p>    <a itemprop=\"url\" href=\"https:\/\/www.dagbladet.no\/kjendis\/hadde-masse-krefter-igjen\/78521516\" rel=\"nofollow noopener\" target=\"_blank\"><\/p>\n<p>        <img loading=\"lazy\" decoding=\"async\" src=\"https:\/\/www.europesays.com\/no\/wp-content\/uploads\/2026\/08\/78521679.webp\" width=\"180\" height=\"81\" alt=\"\" class=\"lazyload\" style=\"--aspect-ratio-image: 2.22; \"\/><\/p>\n<p>        &#8211; Hadde masse krefter igjen<\/p>\n<p>    <\/a><\/p>\n<p>Huset har blant annet store, grove utskj\u00e6ringer i m\u00f8rkt tre &#8211; og det er i tillegg h\u00f8yt oppunder taket og staselige m\u00f8bler.<\/p>\n<p>        <img loading=\"lazy\" decoding=\"async\" src=\"https:\/\/www.europesays.com\/no\/wp-content\/uploads\/2026\/08\/84996089.webp\" width=\"688\" height=\"393\" alt=\"\" class=\"\" style=\"--aspect-ratio-image: 1.75; \"\/><\/p>\n<p>\n        STILIG: Det m\u00f8rke treverket i huset er vel bevart. Foto: Skjermdump fra Dagbladet TV\n    <\/p>\n<p>Utover dette har villaen alt man forventer i toppsjiktet &#8211; b\u00e5de panoramautsikt, p\u00e5kostede materialvalg og en gjennomf\u00f8rt luksusprofil.<\/p>\n<p class=\"font-weight-bold m-font-weight-bold\" data-lab-font_weight=\"font-weight-bold\">Likevel har ingen v\u00e6rt villige til \u00e5 signere p\u00e5 den rekordh\u00f8ye summen.<\/p>\n<p>Tidligere i \u00e5r forsvarte H\u00f8yer prisantydningen <a href=\"https:\/\/www.akersposten.no\/ett-ar-senere-er-exit-villaen-fortsatt-ikke-solgt-ikke-vart-gode-nok\/s\/5-142-339098\" rel=\"nofollow noopener\" target=\"_blank\">overfor Akersposten<\/a>. Han mener nemlig at villaen har \u00aben fair pris\u00bb.<\/p>\n<p>        <img loading=\"lazy\" decoding=\"async\" src=\"https:\/\/www.europesays.com\/no\/wp-content\/uploads\/2026\/08\/84996145.webp\" width=\"688\" height=\"393\" alt=\"\" class=\"\" style=\"--aspect-ratio-image: 1.75; \"\/><\/p>\n<p>\n        EKSKLUSIVT KJ\u00d8KKEN: Det er store flater og mye boltreplass i H\u00f8yers hus. Foto: Espen Solli\n    <\/p>\n<p>&#8211; Ikke gode nok\u00a0<\/p>\n<p>\u00abExit\u00bb-boligen ble lagt ut for salg i mai i fjor. I dag er boligannonsen fjernet, men det offentlige eiendomsregisteret viser at boligen fortsatt ikke er solgt.<\/p>\n<p>&#8211; Vi vil legge ut huset v\u00e5rt til salgs p\u00e5 nytt, bekrefter H\u00f8yer til Dagbladet.<\/p>\n<p class=\"font-weight-bold m-font-weight-bold\" data-lab-font_weight=\"font-weight-bold\">Tidligere i \u00e5r sa han til Akersposten at de ikke stresser med salget. Samtidig sa han at paret belaget seg p\u00e5 \u00e5 ikke f\u00e5 full pris for eiendommen.<\/p>\n<p>    <a itemprop=\"url\" href=\"https:\/\/www.dagbladet.no\/kjendis\/lurte-tv-teamet-trill-rundt\/78510539\" rel=\"nofollow noopener\" target=\"_blank\"><\/p>\n<p>        <img loading=\"lazy\" decoding=\"async\" src=\"https:\/\/www.europesays.com\/no\/wp-content\/uploads\/2026\/08\/78510596.webp\" width=\"180\" height=\"81\" alt=\"\" class=\"lazyload\" style=\"--aspect-ratio-image: 2.22; \"\/><\/p>\n<p>        Lurte TV-teamet trill rundt<\/p>\n<p>    <\/a><\/p>\n<p>&#8211; Vi er innstilt p\u00e5 \u00e5 f\u00e5 bud, og p\u00e5 \u00e5 selge under taksten p\u00e5 70 millioner. Men de to budene vi har f\u00e5tt hittil har ikke v\u00e6rt gode nok, kommenterte han.\u00a0<\/p>\n<p>        <img loading=\"lazy\" decoding=\"async\" src=\"https:\/\/www.europesays.com\/no\/wp-content\/uploads\/2026\/08\/84996087.webp\" width=\"686\" height=\"385\" alt=\"\" class=\"\" style=\"--aspect-ratio-image: 1.78; \"\/><\/p>\n<p>\n        SOMMERDR\u00d8M: Det er stor uteplass og basseng tilknyttet villaen. Her er den avbildet under Dagbladet TVs serieproduksjon. Foto: Skjermdump fra Dagbladet TV\n    <\/p>\n<p>R\u00f8per ny jobb  <\/p>\n<p>Selv om H\u00f8yer og kona har eid det storsl\u00e5tte huset i en \u00e5rekke, ser de n\u00e5 fram til \u00e5 bo p\u00e5 N\u00f8tter\u00f8y.\u00a0<\/p>\n<p class=\"font-weight-bold m-font-weight-bold\" data-lab-font_weight=\"font-weight-bold\">&#8211; Vi har i lengre tid planlagt \u00e5 flytte til v\u00e5rt praktfulle sommerhus i \u00c5r\u00f8ysund like utenfor T\u00f8nsberg, sier han videre til Dagbladet.<\/p>\n<p>Og idet de n\u00e5 setter kursen mot Vestfold, skal gr\u00fcnderen nyte pensjonisttilv\u00e6relsen.<\/p>\n<p class=\"font-weight-bold m-font-weight-bold\" data-lab-font_weight=\"font-weight-bold\">Men kona Strandli har andre planer:<\/p>\n<p>&#8211; I anledning flyttingen \u00f8nsker Line \u00e5 starte en \u00abone-of-a-kind\u00bb konsept-butikk i T\u00f8nsberg, som vi h\u00e5per og tror at vil bli en destinasjonsbutikk i Vestfold, fortsetter han.\u00a0<\/p>\n<p>        <img loading=\"lazy\" decoding=\"async\" src=\"https:\/\/www.europesays.com\/no\/wp-content\/uploads\/2026\/08\/84996144.webp\" width=\"688\" height=\"393\" alt=\"\" class=\"\" style=\"--aspect-ratio-image: 1.75; \"\/><\/p>\n<p>\n        GJORDE OM ALT: \u00d8rnulf og kona har investert mye tid og penger for \u00e5 restaurere den gamle villaen i Oslo tilbake til sin fordums prakt, og samtidig gj\u00f8re boligen mer funksjonell. N\u00e5 venter imidlertid nye eventyr p\u00e5 N\u00f8tter\u00f8y. Foto: Espen Solli\n    <\/p>\n<p>Strandli, som i dag er markedssjef i H\u00f8yer, kleskjeden ektemannen startet for over tjue \u00e5r siden, forteller <a href=\"https:\/\/www.tb.no\/line-flytter-fra-exit-huset-til-notteroy-na-har-hun-store-planer-i-tonsberg\/s\/5-76-2910169\" rel=\"nofollow noopener\" target=\"_blank\">til T\u00f8nsbergs blad<\/a>\u00a0at butikken skal tilby b\u00e5de gaveartikler og interi\u00f8r. Men alts\u00e5 med en spesiell vri:\u00a0<\/p>\n<p>    <a itemprop=\"url\" href=\"https:\/\/www.dagbladet.no\/kjendis\/brygge-dramaet-fortsetter\/83304648\" rel=\"nofollow noopener\" target=\"_blank\"><\/p>\n<p>        <img loading=\"lazy\" decoding=\"async\" src=\"https:\/\/www.europesays.com\/no\/wp-content\/uploads\/2026\/08\/83304562.webp\" width=\"180\" height=\"81\" alt=\"\" class=\"lazyload\" style=\"--aspect-ratio-image: 2.22; \"\/><\/p>\n<p>        Brygge-dramaet fortsetter<\/p>\n<p>    <\/a><\/p>\n<p>&#8211; Butikken skal nemlig v\u00e6re sesongbasert. Vi lager for eksempel et skikkelig julehus til jul, og et sommerhus i sommerm\u00e5nedene, forklarer hun til avisa.<\/p>\n","protected":false},"excerpt":{"rendered":"\u00d8rnulf H\u00f8yer: Mote-gr\u00fcnderen forlater den velomtalte villaen &#8211; men huset, med svimlende prislapp, er fortsatt ikke solgt.\u00a0 HAR&hellip;\n","protected":false},"author":2,"featured_media":321092,"comment_status":"","ping_status":"","sticky":false,"template":"","format":"standard","meta":{"footnotes":"","_share_on_mastodon":"0"},"categories":[5],"tags":[20,21,2858,24,25,15,19,479,22,23,17,18,13,30,28,29,14,16,1221,26,27],"class_list":["post-321091","post","type-post","status-publish","format-standard","has-post-thumbnail","category-overskrifter","tag-breaking-news","tag-breakingnews","tag-durek-verrett","tag-featured-news","tag-featurednews","tag-headlines","tag-hovedoppslag","tag-kjendis","tag-latest-news","tag-latestnews","tag-main-news","tag-mainnews","tag-news","tag-no","tag-norge","tag-norway","tag-nyheter","tag-overskrifter","tag-prinsesse-martha-louise","tag-top-stories","tag-topstories"],"share_on_mastodon":{"url":"https:\/\/pubeurope.com\/@no\/117087052407734354","error":""},"_links":{"self":[{"href":"https:\/\/www.europesays.com\/no\/wp-json\/wp\/v2\/posts\/321091","targetHints":{"allow":["GET"]}}],"collection":[{"href":"https:\/\/www.europesays.com\/no\/wp-json\/wp\/v2\/posts"}],"about":[{"href":"https:\/\/www.europesays.com\/no\/wp-json\/wp\/v2\/types\/post"}],"author":[{"embeddable":true,"href":"https:\/\/www.europesays.com\/no\/wp-json\/wp\/v2\/users\/2"}],"replies":[{"embeddable":true,"href":"https:\/\/www.europesays.com\/no\/wp-json\/wp\/v2\/comments?post=321091"}],"version-history":[{"count":0,"href":"https:\/\/www.europesays.com\/no\/wp-json\/wp\/v2\/posts\/321091\/revisions"}],"wp:featuredmedia":[{"embeddable":true,"href":"https:\/\/www.europesays.com\/no\/wp-json\/wp\/v2\/media\/321092"}],"wp:attachment":[{"href":"https:\/\/www.europesays.com\/no\/wp-json\/wp\/v2\/media?parent=321091"}],"wp:term":[{"taxonomy":"category","embeddable":true,"href":"https:\/\/www.europesays.com\/no\/wp-json\/wp\/v2\/categories?post=321091"},{"taxonomy":"post_tag","embeddable":true,"href":"https:\/\/www.europesays.com\/no\/wp-json\/wp\/v2\/tags?post=321091"}],"curies":[{"name":"wp","href":"https:\/\/api.w.org\/{rel}","templated":true}]}}