{"id":321131,"date":"2026-08-13T08:41:45","date_gmt":"2026-08-13T08:41:45","guid":{"rendered":"https:\/\/www.europesays.com\/no\/321131\/"},"modified":"2026-08-13T08:41:45","modified_gmt":"2026-08-13T08:41:45","slug":"emilie-skolmen-bekrefter-kjaereste-2","status":"publish","type":"post","link":"https:\/\/www.europesays.com\/no\/321131\/","title":{"rendered":"Emilie Skolmen bekrefter kj\u00e6reste"},"content":{"rendered":"\n<p class=\"_lead_145nj_2 _lead_6fko5_53 layout-component text-serif-m layout-normal text-serif-l layout-component layout-wide layout-padded _wide_17hqh_1 layout-padded\">Skuespilleren bekrefter forholdet i podkasten \u00abSkolmen og Skolmen\u00bb. <\/p>\n<p><img alt=\"GLADNYHET: Emilie Skolmen er ikke lenger singel. Foto: Mattis Sandblad \/ VG\" class=\"_image_jw3bv_65 layout-component layout-wide\" data-fullscreen- data-track-element-type=\"Article image fullscreen\" data-track-name=\"ImageFullscreen\" fetchpriority=\"high\" decoding=\"sync\" loading=\"eager\" height=\"3747\" itemprop=\"image\"  src=\"https:\/\/www.europesays.com\/no\/wp-content\/uploads\/2026\/08\/0d8eab63-d97b-3e16-abb5-b0d30ed999ca.jpeg\"  style=\"object-position:49.119295436349084% 19.282092340539098%\" width=\"2498\"\/>GLADNYHET: Emilie Skolmen er ikke lenger singel. Foto: Mattis Sandblad \/ VG<\/p>\n<ul aria-hidden=\"true\" class=\"_images_ntbth_112\">\n<li><a class=\"_link_ntbth_117\" href=\"https:\/\/www.vg.no\/forfatter\/ida-brun\" style=\"z-index:2\" title=\"Ida Brun\" rel=\"nofollow noopener\" target=\"_blank\"><img alt=\"Bilde av Ida Brun\" class=\"_image_ntbth_93\" fetchpriority=\"low\" loading=\"lazy\" decoding=\"async\" itemprop=\"image\"  src=\"https:\/\/www.europesays.com\/no\/wp-content\/uploads\/2026\/08\/78bc21fe-8bc7-43e9-80ad-fe809ccc8aac.jpeg\"  width=\"480\"\/><\/a><\/li>\n<li><a class=\"_link_ntbth_117\" href=\"https:\/\/www.vg.no\/forfatter\/marius-medby\" style=\"z-index:1\" title=\"Marius Medby\" rel=\"nofollow noopener\" target=\"_blank\"><img alt=\"Bilde av Marius Medby\" class=\"_image_ntbth_93\" fetchpriority=\"low\" loading=\"lazy\" decoding=\"async\" itemprop=\"image\"  src=\"https:\/\/www.europesays.com\/no\/wp-content\/uploads\/2026\/08\/1786610503_469_7fce7743-7f51-4a52-810a-ae43b183c86f.jpeg\"  width=\"480\"\/><\/a><\/li>\n<\/ul>\n<p> Oppdatert torsdag 13. august kl. 07:20     <\/p>\n<p class=\"_paragraph_145nj_4 _paragraph_6fko5_10 layout-component text-serif-m layout-normal text-serif-m layout-padded\">Emilie Skolmen kunne torsdag dele gladnyheten om at hun har f\u00e5tt seg kj\u00e6reste. <\/p>\n<p class=\"_paragraph_145nj_4 _paragraph_6fko5_10 layout-component text-serif-m layout-normal text-serif-m layout-padded\">\u2013 Jeg har m\u00f8tt en nydelig mann, som jeg er s\u00e5 heldig \u00e5 f\u00e5 v\u00e6re kj\u00e6resten til. Vi har det utrolig bra p\u00e5 alle mulige m\u00e5ter, sier Skolmen. <\/p>\n<p class=\"_paragraph_145nj_4 _paragraph_6fko5_10 layout-component text-serif-m layout-normal text-serif-m layout-padded\">Hun gir ikke mye innblikk i hvem den nye kj\u00e6resten er, men forteller at han er ryddig. <\/p>\n<p class=\"_paragraph_145nj_4 _paragraph_6fko5_10 layout-component text-serif-m layout-normal text-serif-m layout-padded\">\u2013 Han er mer ryddig enn meg. Jeg har alltid v\u00e6rt den ryddige i forholdet, men s\u00e5 m\u00f8ter jeg en mann som er veldig ordentlig. Han er ikke s\u00e5nn slitsom vaskete, og alt skal v\u00e6re perfekt, men likevel kjenner jeg at jeg m\u00e5 skjerpe meg litt. <\/p>\n<p class=\"_paragraph_145nj_4 _paragraph_6fko5_10 layout-component text-serif-m layout-normal text-serif-m layout-padded\">I den nyeste episoden av podcasten <a href=\"https:\/\/podimo.com\/no\/shows\/skolmen-skolmen?utm_source=sdrn%3Avg%3Aarticle%3ArP19l0\" class=\"_link_145nj_39\" rel=\"nofollow noopener\" target=\"_blank\">\u00abSkolmen &amp; Skolmen\u00bb<\/a> p\u00e5 Podimo \u00e5pner 33-\u00e5ringen opp \u2013 og forteller ogs\u00e5 at hun har kj\u00f8pt seg en ny leilighet. <\/p>\n<p class=\"_paragraph_145nj_4 _paragraph_6fko5_10 layout-component text-serif-m layout-normal text-serif-m layout-padded\">Gjennom sommeren har hun delt flere bilder av en mann og hintet om et forhold p\u00e5 Instagram.<\/p>\n<p class=\"_paragraph_145nj_4 _paragraph_6fko5_10 layout-component text-serif-m layout-normal text-serif-m layout-padded\">Det var i mars 2025 at hun opplyste, i samme podkast, at hun var blitt singel. <\/p>\n<p class=\"_paragraph_145nj_4 _paragraph_6fko5_10 layout-component text-serif-m layout-normal text-serif-m layout-padded\">Skolmen sa i podkasten da at det ikke ligger noen dramatikk bak bruddet, at hun og eksen er gode venner \u2013 og at de samarbeider godt om s\u00f8nnen.<\/p>\n<p class=\"_paragraph_145nj_4 _paragraph_6fko5_10 layout-component text-serif-m layout-normal text-serif-m layout-padded\">\u2013 Selvf\u00f8lgelig er et samlivsbrudd vil jo alltid v\u00e6re kjempedramatisk p\u00e5 sitt vis, og hele livet blir jo snudd p\u00e5 hodet, men noen ganger f\u00e5r man det bare ikke helt til.<\/p>\n<p class=\"_paragraph_145nj_4 _paragraph_6fko5_10 layout-component text-serif-m layout-normal text-serif-m layout-padded\">\u00abSkolmen og Skolmen\u00bb-podcasten har hun med sin tante Isabel Skolmen. <\/p>\n<p class=\"_paragraph_145nj_4 _paragraph_6fko5_10 layout-component text-serif-m layout-normal text-serif-m layout-padded\">33-\u00e5ringen er barnebarnet til den avd\u00f8de <a href=\"https:\/\/www.vg.no\/rampelys\/tv\/i\/EWkKa2\/emilie-skolmen-om-bestefar-overveldende-hvor-mye-han-betydde\" data-track-element-type=\"Link\" data-track-id=\"link:EWkKa2\" class=\"_link_145nj_39\" rel=\"nofollow noopener\" target=\"_blank\">skuespillerveteranen Jon Skolmen<\/a>, datter av skuespiller og sanger Tine Skolmen \u2013 og niese til skuespiller <a href=\"https:\/\/www.vg.no\/rampelys\/i\/50enx6\/christian-skolmen-har-tatt-familielivet-for-gitt\" data-track-element-type=\"Link\" data-track-id=\"link:50enx6\" class=\"_link_145nj_39\" rel=\"nofollow noopener\" target=\"_blank\">Christian Skolmen<\/a>, som er gift med komiker og modell Isabel Skolmen. <\/p>\n<p>       <img decoding=\"async\" alt=\"Tips oss illustrasjon\" src=\"https:\/\/www.europesays.com\/no\/wp-content\/uploads\/2026\/08\/1786610505_516_pssst-small.webp\"\/>    <\/p>\n<p class=\"title-serif-s\">Har du tips?<\/p>\n<p class=\"text-sans-m\">Send oss informasjon, bilder eller video.<\/p>\n<p>  <a href=\"https:\/\/www.vg.no\/tips-oss\" rel=\"nofollow noopener\" target=\"_blank\"> Tips oss <\/a>      <\/p>\n","protected":false},"excerpt":{"rendered":"Skuespilleren bekrefter forholdet i podkasten \u00abSkolmen og Skolmen\u00bb. GLADNYHET: Emilie Skolmen er ikke lenger singel. Foto: Mattis Sandblad&hellip;\n","protected":false},"author":2,"featured_media":321132,"comment_status":"","ping_status":"","sticky":false,"template":"","format":"standard","meta":{"footnotes":"","_share_on_mastodon":"0"},"categories":[5],"tags":[31,20,21,24,25,15,19,1292,22,23,17,18,13,30,28,29,14,16,1270,26,27],"class_list":["post-321131","post","type-post","status-publish","format-standard","has-post-thumbnail","category-overskrifter","tag-breaking","tag-breaking-news","tag-breakingnews","tag-featured-news","tag-featurednews","tag-headlines","tag-hovedoppslag","tag-kjaereste","tag-latest-news","tag-latestnews","tag-main-news","tag-mainnews","tag-news","tag-no","tag-norge","tag-norway","tag-nyheter","tag-overskrifter","tag-podkast","tag-top-stories","tag-topstories"],"share_on_mastodon":{"url":"https:\/\/pubeurope.com\/@no\/117087311838002100","error":""},"_links":{"self":[{"href":"https:\/\/www.europesays.com\/no\/wp-json\/wp\/v2\/posts\/321131","targetHints":{"allow":["GET"]}}],"collection":[{"href":"https:\/\/www.europesays.com\/no\/wp-json\/wp\/v2\/posts"}],"about":[{"href":"https:\/\/www.europesays.com\/no\/wp-json\/wp\/v2\/types\/post"}],"author":[{"embeddable":true,"href":"https:\/\/www.europesays.com\/no\/wp-json\/wp\/v2\/users\/2"}],"replies":[{"embeddable":true,"href":"https:\/\/www.europesays.com\/no\/wp-json\/wp\/v2\/comments?post=321131"}],"version-history":[{"count":0,"href":"https:\/\/www.europesays.com\/no\/wp-json\/wp\/v2\/posts\/321131\/revisions"}],"wp:featuredmedia":[{"embeddable":true,"href":"https:\/\/www.europesays.com\/no\/wp-json\/wp\/v2\/media\/321132"}],"wp:attachment":[{"href":"https:\/\/www.europesays.com\/no\/wp-json\/wp\/v2\/media?parent=321131"}],"wp:term":[{"taxonomy":"category","embeddable":true,"href":"https:\/\/www.europesays.com\/no\/wp-json\/wp\/v2\/categories?post=321131"},{"taxonomy":"post_tag","embeddable":true,"href":"https:\/\/www.europesays.com\/no\/wp-json\/wp\/v2\/tags?post=321131"}],"curies":[{"name":"wp","href":"https:\/\/api.w.org\/{rel}","templated":true}]}}