{"id":321303,"date":"2026-08-13T11:29:18","date_gmt":"2026-08-13T11:29:18","guid":{"rendered":"https:\/\/www.europesays.com\/no\/321303\/"},"modified":"2026-08-13T11:29:18","modified_gmt":"2026-08-13T11:29:18","slug":"hostprogrammet-2026-se-hva-som-kommer-pa-nrk","status":"publish","type":"post","link":"https:\/\/www.europesays.com\/no\/321303\/","title":{"rendered":"H\u00f8stprogrammet 2026: Se hva som kommer p\u00e5 NRK"},"content":{"rendered":"\n<p class=\"_lead_145nj_2 _lead_6fko5_53 layout-component text-serif-m layout-normal text-serif-l layout-component layout-wide layout-padded _wide_17hqh_1 layout-padded\">\u00abLeo og de farlige\u00bb og \u00abHelt Ramme sporter\u00bb gj\u00f8r comeback p\u00e5 NRK. I tillegg er Else K\u00e5ss Furuseth tilbake med nytt program. <\/p>\n<p><img alt=\"Else K\u00e5ss Furuseth er klar med ny serie om ensomhet. Foto: NRK\" class=\"_image_jw3bv_65 layout-component layout-wide\" data-fullscreen- data-track-element-type=\"Article image fullscreen\" data-track-name=\"ImageFullscreen\" fetchpriority=\"high\" decoding=\"sync\" loading=\"eager\" height=\"1080\" itemprop=\"image\"  src=\"https:\/\/www.europesays.com\/no\/wp-content\/uploads\/2026\/08\/112ba7ea-83ad-313b-bc51-25125b42fab6.png\"  style=\"object-position:0% 0%\" width=\"1920\"\/>Else K\u00e5ss Furuseth er klar med ny serie om ensomhet. Foto: NRK Oppdatert torsdag 13. august kl. 13:27     <\/p>\n<p class=\"_paragraph_145nj_4 _paragraph_6fko5_10 layout-component text-serif-m layout-normal text-serif-m layout-padded\"><a href=\"https:\/\/www.vg.no\/tag\/nrk?utm_source=vg-article&amp;utm_medium=auto-tagger&amp;utm_campaign=3pxPbe\" class=\"_link_145nj_39\" rel=\"nofollow noopener\" target=\"_blank\">NRK<\/a> har sluppet oversikten over hva seerne kan glede seg til utover h\u00f8sten 2026.<\/p>\n<p class=\"_paragraph_145nj_4 _paragraph_6fko5_10 layout-component text-serif-m layout-normal text-serif-m layout-padded\">Else K\u00e5ss Furuseth er en av dem som er klar med en ny satsing. <\/p>\n<p class=\"_paragraph_145nj_4 _paragraph_6fko5_10 layout-component text-serif-m layout-normal text-serif-m layout-padded\">Etter at fors\u00f8ket hennes p\u00e5 \u00e5 bli politiker og l\u00f8se ensomhetsproblemet endte som <a href=\"https:\/\/www.vg.no\/nyheter\/i\/63Q6M8\/nrk-setter-else-kaass-furuseths-program-paa-vent-etter-kritikk\" data-track-element-type=\"Link\" data-track-id=\"link:63Q6M8\" class=\"_link_145nj_39\" rel=\"nofollow noopener\" target=\"_blank\">\u00aben spektakul\u00e6r fiasko\u00bb<\/a>, flytter hun til Sandefjord for \u00e5 granske temaet p\u00e5 nytt. <\/p>\n<p><img alt=\"\u00abK\u00e5ss g\u00e5r det?\u00bb  har premiere 27. september.  Foto: NRK\" class=\"_image_jw3bv_65 layout-component layout-normal\" data-fullscreen- data-track-element-type=\"Article image fullscreen\" data-track-name=\"ImageFullscreen\" decoding=\"async\" loading=\"lazy\" height=\"2160\" itemprop=\"image\"  src=\"https:\/\/www.europesays.com\/no\/wp-content\/uploads\/2026\/08\/25478578-410b-3172-826b-82dbfb460e6b.png\"  style=\"object-position:0% 0%\" width=\"3840\"\/>\u00abK\u00e5ss g\u00e5r det?\u00bb  har premiere 27. september.  Foto: NRK<\/p>\n<p class=\"_paragraph_145nj_4 _paragraph_6fko5_10 layout-component text-serif-m layout-normal text-serif-m layout-padded\">Leo Ajkic er tilbake med ny sesong av \u00abLeo og de farlige\u00bb, mens Nicolay Ramm f\u00e5r med seg fem nye kjendiser i \u00abHelt Ramme sporter\u00bb.<\/p>\n<p class=\"_paragraph_145nj_4 _paragraph_6fko5_10 layout-component text-serif-m layout-normal text-serif-m layout-padded\">Tonje Frigstad, Kamelen, Kristoffer Olsen og TikTok-stjernen Kasper Kvello er blant de som deltar.<\/p>\n<p><img alt=\"Nicolay Ramm er tilbake med en ny sesong av \u00abHelt Ramme sporter\u00bb.  Foto: NRK\" class=\"_image_jw3bv_65 layout-component layout-normal\" data-fullscreen- data-track-element-type=\"Article image fullscreen\" data-track-name=\"ImageFullscreen\" decoding=\"async\" loading=\"lazy\" height=\"1027\" itemprop=\"image\"  src=\"https:\/\/www.europesays.com\/no\/wp-content\/uploads\/2026\/08\/a1e31261-463c-3dea-b2f0-a6de31c94e7b.jpeg\"  style=\"object-position:0% 0%\" width=\"1841\"\/>Nicolay Ramm er tilbake med en ny sesong av \u00abHelt Ramme sporter\u00bb.  Foto: NRK<\/p>\n<p class=\"_paragraph_145nj_4 _paragraph_6fko5_10 layout-component text-serif-m layout-normal text-serif-m layout-padded\">Aksel Lund Svindal samler tolv tidligere idrettsstjerner i Hellas i \u00abMesternes mester team\u00bb, der deltagerne for f\u00f8rste gang skal konkurrere i makkerpar. Serien har premiere fredag 28. august.<\/p>\n<p><img alt=\"\u00abMesternes mester team\u00bb med Aksel Lund Svindal  Foto: NRK\" class=\"_image_jw3bv_65 layout-component layout-normal\" data-fullscreen- data-track-element-type=\"Article image fullscreen\" data-track-name=\"ImageFullscreen\" decoding=\"async\" loading=\"lazy\" height=\"4000\" itemprop=\"image\"  src=\"https:\/\/www.europesays.com\/no\/wp-content\/uploads\/2026\/08\/becd79e7-248b-3c0d-b063-7408ea680046.jpeg\"  style=\"object-position:0% 0%\" width=\"6000\"\/>\u00abMesternes mester team\u00bb med Aksel Lund Svindal  Foto: NRK<\/p>\n<p class=\"_paragraph_145nj_4 _paragraph_6fko5_10 layout-component text-serif-m layout-normal text-serif-m layout-padded\">Popul\u00e6re \u00abA-laget\u00bb kommer tilbake med sin tredje sesong 24. oktober, og NRK kan avsl\u00f8re at selveste Gro Harlem Brundtland er en av gjestene.<\/p>\n<p><img alt=\"Gro Harlem Brundtland med i neste sesong av \u00abA-laget\u00bb.  Foto: NRK\" class=\"_image_jw3bv_65 layout-component layout-normal\" data-fullscreen- data-track-element-type=\"Article image fullscreen\" data-track-name=\"ImageFullscreen\" decoding=\"async\" loading=\"lazy\" height=\"1080\" itemprop=\"image\"  src=\"https:\/\/www.europesays.com\/no\/wp-content\/uploads\/2026\/08\/fb121a3c-e768-328a-b866-56ffc742ad1a.jpeg\"  style=\"object-position:0% 0%\" width=\"1920\"\/>Gro Harlem Brundtland med i neste sesong av \u00abA-laget\u00bb.  Foto: NRK<\/p>\n<p class=\"_paragraph_145nj_4 _paragraph_6fko5_10 layout-component text-serif-m layout-normal text-serif-m layout-padded\">Det kommer en ny humorserie, \u00abVikinger vs. nazister\u00bb, med kjente ansikt som Bjarte Tj\u00f8stheim, Odd Magnus Williamson, Tara Lina Shahin, Ole Henry Snildalsli og Gaute Berg N\u00e6ss.<\/p>\n<p><img alt=\"Ole Henry Snildalsli og Gaute Berg N\u00e6ss er med i den nye serien \u00abVikinger vs. nazister\u00bb.  Foto: NRK\" class=\"_image_jw3bv_65 layout-component layout-normal\" data-fullscreen- data-track-element-type=\"Article image fullscreen\" data-track-name=\"ImageFullscreen\" decoding=\"async\" loading=\"lazy\" height=\"1080\" itemprop=\"image\"  src=\"https:\/\/www.europesays.com\/no\/wp-content\/uploads\/2026\/08\/0417ad7a-f40a-3b8e-9899-d0b008f4b971.jpeg\"  style=\"object-position:0% 0%\" width=\"1920\"\/>Ole Henry Snildalsli og Gaute Berg N\u00e6ss er med i den nye serien \u00abVikinger vs. nazister\u00bb.  Foto: NRKNy programlederduo<\/p>\n<p class=\"_paragraph_145nj_4 _paragraph_6fko5_10 layout-component text-serif-m layout-normal text-serif-m layout-padded\">Selda Ekiz og Martin Beyer-Olsen skal sammen lede det nye spillprogrammet \u00abBl\u00f8ff\u00bb, der ti deltagere bygger en premiepott gjennom daglig quiz. <\/p>\n<p class=\"_paragraph_145nj_4 _paragraph_6fko5_10 layout-component text-serif-m layout-normal text-serif-m layout-padded\">Vrien er at ingen vet hva de andre svarer, og det er fritt fram \u00e5 lyve om egne prestasjoner.<\/p>\n<p><img alt=\"Selda Ekiz og Martin Beyer Olsen er klare med nytt program \u00abBl\u00f8ff\u00bb  Foto: NRK\" class=\"_image_jw3bv_65 layout-component layout-normal\" data-fullscreen- data-track-element-type=\"Article image fullscreen\" data-track-name=\"ImageFullscreen\" decoding=\"async\" loading=\"lazy\" height=\"5504\" itemprop=\"image\"  src=\"https:\/\/www.europesays.com\/no\/wp-content\/uploads\/2026\/08\/e9a083fe-2d00-3c8e-991e-1caa5a0b9731.jpeg\"  style=\"object-position:0% 0%\" width=\"8256\"\/>Selda Ekiz og Martin Beyer Olsen er klare med nytt program \u00abBl\u00f8ff\u00bb  Foto: NRK<\/p>\n<p class=\"_paragraph_145nj_4 _paragraph_6fko5_10 layout-component text-serif-m layout-normal text-serif-m layout-padded\">Ellers byr h\u00f8sten p\u00e5 ny sesong av dramasuksessen \u00abLIS\u00bb fra 26. september, \u00abMaskorama\u00bb med Silje Nordnes fra nytt studio i Drammen, og \u00abNorges t\u00f8ffeste\u00bb med tolv nye deltagere fra 20. august.<\/p>\n<p class=\"_paragraph_145nj_4 _paragraph_6fko5_10 layout-component text-serif-m layout-normal text-serif-m layout-padded\">Se ogs\u00e5: Haaland ble intervjuet i NRK-suksessen \u00abA-laget\u00bb i fjor. <\/p>\n","protected":false},"excerpt":{"rendered":"\u00abLeo og de farlige\u00bb og \u00abHelt Ramme sporter\u00bb gj\u00f8r comeback p\u00e5 NRK. I tillegg er Else K\u00e5ss Furuseth&hellip;\n","protected":false},"author":2,"featured_media":321304,"comment_status":"","ping_status":"","sticky":false,"template":"","format":"standard","meta":{"footnotes":"","_share_on_mastodon":"0"},"categories":[58],"tags":[71,30,28,29,787,72],"class_list":["post-321303","post","type-post","status-publish","format-standard","has-post-thumbnail","category-underholdning","tag-entertainment","tag-no","tag-norge","tag-norway","tag-nrk","tag-underholdning"],"share_on_mastodon":{"url":"https:\/\/pubeurope.com\/@no\/117087972611977383","error":""},"_links":{"self":[{"href":"https:\/\/www.europesays.com\/no\/wp-json\/wp\/v2\/posts\/321303","targetHints":{"allow":["GET"]}}],"collection":[{"href":"https:\/\/www.europesays.com\/no\/wp-json\/wp\/v2\/posts"}],"about":[{"href":"https:\/\/www.europesays.com\/no\/wp-json\/wp\/v2\/types\/post"}],"author":[{"embeddable":true,"href":"https:\/\/www.europesays.com\/no\/wp-json\/wp\/v2\/users\/2"}],"replies":[{"embeddable":true,"href":"https:\/\/www.europesays.com\/no\/wp-json\/wp\/v2\/comments?post=321303"}],"version-history":[{"count":0,"href":"https:\/\/www.europesays.com\/no\/wp-json\/wp\/v2\/posts\/321303\/revisions"}],"wp:featuredmedia":[{"embeddable":true,"href":"https:\/\/www.europesays.com\/no\/wp-json\/wp\/v2\/media\/321304"}],"wp:attachment":[{"href":"https:\/\/www.europesays.com\/no\/wp-json\/wp\/v2\/media?parent=321303"}],"wp:term":[{"taxonomy":"category","embeddable":true,"href":"https:\/\/www.europesays.com\/no\/wp-json\/wp\/v2\/categories?post=321303"},{"taxonomy":"post_tag","embeddable":true,"href":"https:\/\/www.europesays.com\/no\/wp-json\/wp\/v2\/tags?post=321303"}],"curies":[{"name":"wp","href":"https:\/\/api.w.org\/{rel}","templated":true}]}}