{"id":321347,"date":"2026-08-13T12:21:15","date_gmt":"2026-08-13T12:21:15","guid":{"rendered":"https:\/\/www.europesays.com\/no\/321347\/"},"modified":"2026-08-13T12:21:15","modified_gmt":"2026-08-13T12:21:15","slug":"person-pagrepet-ved-russergrensen-mistenkt-for-ulovlig-grensekryssing","status":"publish","type":"post","link":"https:\/\/www.europesays.com\/no\/321347\/","title":{"rendered":"Person p\u00e5grepet ved russergrensen \u2013 mistenkt for ulovlig grensekryssing"},"content":{"rendered":"\n<p class=\"_lead_145nj_2 _lead_6fko5_53 layout-component text-serif-m layout-normal text-serif-l layout-component layout-wide layout-padded _wide_17hqh_1 layout-padded\">Grensejegere anholdt personen midt p\u00e5 natten i Finnmark.<\/p>\n<ul aria-hidden=\"true\" class=\"_images_ntbth_112\">\n<li><a class=\"_link_ntbth_117\" href=\"https:\/\/www.vg.no\/forfatter\/isak-loeve-pilskog-loe\" style=\"z-index:1\" title=\"Isak L\u00f8ve Pilskog Loe\" rel=\"nofollow noopener\" target=\"_blank\"><img alt=\"Bilde av Isak L\u00f8ve Pilskog Loe\" class=\"_image_ntbth_93\" fetchpriority=\"low\" loading=\"lazy\" decoding=\"async\" itemprop=\"image\"  src=\"https:\/\/www.europesays.com\/no\/wp-content\/uploads\/2026\/08\/1786623673_133_8b0354e3-bf53-460c-9c1c-790321a0c923.jpeg\"  width=\"480\"\/><\/a><\/li>\n<\/ul>\n<p> Oppdatert torsdag 13. august kl. 13:13     <\/p>\n<p class=\"_paragraph_145nj_4 _paragraph_6fko5_10 layout-component text-serif-m layout-normal text-serif-m layout-padded\">Det var rundt klokken ett natt til torsdag at en person ble p\u00e5grepet i omr\u00e5det Grense Jakobselv i Finnmark, mistenkt for \u00e5 ha krysset grensen ulovlig fra Russland til Norge. <\/p>\n<p class=\"_paragraph_145nj_4 _paragraph_6fko5_10 layout-component text-serif-m layout-normal text-serif-m layout-padded\">Det opplyser <a href=\"https:\/\/www.vg.no\/tag\/finnmark-politidistrikt?utm_source=vg-article&amp;utm_medium=auto-tagger&amp;utm_campaign=9pxrxE\" class=\"_link_145nj_39\" rel=\"nofollow noopener\" target=\"_blank\">Finnmark politidistrikt<\/a> i en pressemelding.<\/p>\n<p class=\"_paragraph_145nj_4 _paragraph_6fko5_10 layout-component text-serif-m layout-normal text-serif-m layout-padded\">Personen, som hverken har russisk eller norsk statsborgerskap, er n\u00e5 i politiets varetekt og skal avh\u00f8res i l\u00f8pet av dagen. Politiet opplyser at de ikke er kjent med form\u00e5let med krysningen.<\/p>\n<p class=\"_paragraph_145nj_4 _paragraph_6fko5_10 layout-component text-serif-m layout-normal text-serif-m layout-padded\">\u2013 Det var grensejegere som anholdt personen rundt klokken ett i natt. P\u00e5gripelsen skjedde uten dramatikk, sier stabssjef Tarjei Sirma-Tellefsen i pressemeldingen.<\/p>\n<p class=\"_paragraph_145nj_4 _paragraph_6fko5_10 layout-component text-serif-m layout-normal text-serif-m layout-padded\">B\u00e5de Jegerbataljonen GSV og politiet hadde \u00f8kt tilstedev\u00e6relse i grenseomr\u00e5det i natt, med hundepatrulje, droner og grensepatruljer, opplyser politiet<\/p>\n<p class=\"_paragraph_145nj_4 _paragraph_6fko5_10 layout-component text-serif-m layout-normal text-serif-m layout-padded\">\u2013 Det er ikke avdekket at det har v\u00e6rt flere personer if\u00f8lge eller i terrenget, opplyser stabssjefen.<\/p>\n<p class=\"_paragraph_145nj_4 _paragraph_6fko5_10 layout-component text-serif-m layout-normal text-serif-m layout-padded\">Russiske myndigheter er informert via den norske grensekommiss\u00e6ren, i tr\u00e5d med vanlige prosedyrer, if\u00f8lge Finnmark politidistrikt.<\/p>\n<p>    <img decoding=\"async\" alt=\"Tips oss illustrasjon\" src=\"https:\/\/www.europesays.com\/no\/wp-content\/uploads\/2026\/08\/1786623675_530_pssst-small.webp\"\/>    <\/p>\n<p class=\"title-serif-s\">Har du tips?<\/p>\n<p class=\"text-sans-m\">Send oss informasjon, bilder eller video.<\/p>\n<p>  <a href=\"https:\/\/www.vg.no\/tips-oss\" rel=\"nofollow noopener\" target=\"_blank\"> Tips oss <\/a>      <\/p>\n","protected":false},"excerpt":{"rendered":"Grensejegere anholdt personen midt p\u00e5 natten i Finnmark. Oppdatert torsdag 13. august kl. 13:13 Det var rundt klokken&hellip;\n","protected":false},"author":2,"featured_media":321348,"comment_status":"","ping_status":"","sticky":false,"template":"","format":"standard","meta":{"footnotes":"","_share_on_mastodon":"0"},"categories":[10],"tags":[31,20,21,24,25,32,7888,15,22,23,13,30,28,29,14,16,188,26,27],"class_list":["post-321347","post","type-post","status-publish","format-standard","has-post-thumbnail","category-norge","tag-breaking","tag-breaking-news","tag-breakingnews","tag-featured-news","tag-featurednews","tag-finnmark","tag-finnmark-politidistrikt","tag-headlines","tag-latest-news","tag-latestnews","tag-news","tag-no","tag-norge","tag-norway","tag-nyheter","tag-overskrifter","tag-russland","tag-top-stories","tag-topstories"],"share_on_mastodon":{"url":"https:\/\/pubeurope.com\/@no\/117088176522070279","error":""},"_links":{"self":[{"href":"https:\/\/www.europesays.com\/no\/wp-json\/wp\/v2\/posts\/321347","targetHints":{"allow":["GET"]}}],"collection":[{"href":"https:\/\/www.europesays.com\/no\/wp-json\/wp\/v2\/posts"}],"about":[{"href":"https:\/\/www.europesays.com\/no\/wp-json\/wp\/v2\/types\/post"}],"author":[{"embeddable":true,"href":"https:\/\/www.europesays.com\/no\/wp-json\/wp\/v2\/users\/2"}],"replies":[{"embeddable":true,"href":"https:\/\/www.europesays.com\/no\/wp-json\/wp\/v2\/comments?post=321347"}],"version-history":[{"count":0,"href":"https:\/\/www.europesays.com\/no\/wp-json\/wp\/v2\/posts\/321347\/revisions"}],"wp:featuredmedia":[{"embeddable":true,"href":"https:\/\/www.europesays.com\/no\/wp-json\/wp\/v2\/media\/321348"}],"wp:attachment":[{"href":"https:\/\/www.europesays.com\/no\/wp-json\/wp\/v2\/media?parent=321347"}],"wp:term":[{"taxonomy":"category","embeddable":true,"href":"https:\/\/www.europesays.com\/no\/wp-json\/wp\/v2\/categories?post=321347"},{"taxonomy":"post_tag","embeddable":true,"href":"https:\/\/www.europesays.com\/no\/wp-json\/wp\/v2\/tags?post=321347"}],"curies":[{"name":"wp","href":"https:\/\/api.w.org\/{rel}","templated":true}]}}