{"id":321507,"date":"2026-08-13T15:08:16","date_gmt":"2026-08-13T15:08:16","guid":{"rendered":"https:\/\/www.europesays.com\/no\/321507\/"},"modified":"2026-08-13T15:08:16","modified_gmt":"2026-08-13T15:08:16","slug":"oppretter-nytt-fond-deler-ut-250-millioner-kroner-e24","status":"publish","type":"post","link":"https:\/\/www.europesays.com\/no\/321507\/","title":{"rendered":"Oppretter nytt fond: Deler ut 250 millioner kroner \u2013 E24"},"content":{"rendered":"\n<p class=\"_textTheme_1yhmn_1 _lead_16k26_2 _lead_3ue4t_18 layout-component layout-wide layout-padded _lead_o6m9k_5 body-large _wide_o6m9k_9\">Milliard\u00e6r og investor Kjell Inge R\u00f8kke har nok en gang tatt p\u00e5 seg spanderbuksene. <\/p>\n<p><img alt=\"Kjell Inge R\u00f8kke avbildet i forbindelse med den s\u00e5kalte Solstad-saken i fjor.\" class=\"_image_1jxax_84 layout-component layout-wide\" data-fullscreen- data-track-element-type=\"Article image fullscreen\" data-track-name=\"ImageFullscreen\" fetchpriority=\"high\" decoding=\"sync\" loading=\"eager\" height=\"5495\" itemprop=\"image\"  src=\"https:\/\/www.europesays.com\/no\/wp-content\/uploads\/2026\/08\/c594db02-67f4-36cf-9da7-c48dd72b7a28.jpeg\"  style=\"object-position:45.4639175257732% 47.288444040036396%\" width=\"8245\"\/>Kjell Inge R\u00f8kke avbildet i forbindelse med den s\u00e5kalte Solstad-saken i fjor.  Foto: Ole Berg-Rusten \/ NTBVis mer        <\/p>\n<p>Oppsummeringen er laget med kunstig intelligens og kvalitetssikret av E24s journalister.<\/p>\n<ul class=\"_list_16k26_3 _list_tj395_103 _unordered_16k26_103 _textTheme_1yhmn_1 body-small\">\n<li class=\"_item_16k26_63\">Kjell Inge R\u00f8kke gir 250 millioner kroner til nytt \u00abMulighetsfondet \u2013 Bakketun\u00bb knyttet til folkeh\u00f8yskolen han selv gikk p\u00e5.<\/li>\n<li class=\"_item_16k26_63\">Fondet skal st\u00f8tte ideelle og allmennyttige tiltak og ledes av tidligere elever og l\u00e6rere.<\/li>\n<li class=\"_item_16k26_63\">De f\u00f8rste utdelingene kommer i 2027.<\/li>\n<li class=\"_item_16k26_63\">I fjor etablerte R\u00f8kke et lignende fond i forbindelse med 50-\u00e5rs jubileet for ungdomsskolen han gikk p\u00e5. <\/li>\n<li class=\"_item_16k26_63\">R\u00f8kke sier i en kommentar at Bakketun folkeh\u00f8yskole og menneskene han m\u00f8tte der har hatt stor betydning for ham. <\/li>\n<\/ul>\n<p>Vis mer  <\/p>\n<p class=\"_textTheme_1yhmn_1 _paragraph_16k26_4 _paragraph_3ue4t_27 layout-component layout-normal layout-padded body-medium\">N\u00e5 deler han ut 250 millioner kroner250 millioner kroner er den samlede \u00f8konomiske rammen for fondet. Styret skal ta stilling til om bel\u00f8pet skal fordeles over 10 eller 25 \u00e5r i l\u00f8pet av h\u00f8sten.  til \u00abMulighetsfondet \u2013 Bakketun\u00bb, if\u00f8lge en pressemelding. Fondet har navn etter folkeh\u00f8yskolen R\u00f8kke gikk p\u00e5 i Tr\u00f8ndelag skole\u00e5ret 1975\u20131976. <\/p>\n<p class=\"_textTheme_1yhmn_1 _paragraph_16k26_4 _paragraph_3ue4t_27 layout-component layout-normal layout-padded body-medium\">Gaven kommer om lag ett \u00e5r etter at milliard\u00e6ren ga <a href=\"https:\/\/e24.no\/naeringsliv\/i\/0V28OB\/oppretter-fond-etter-klassefest-skal-dele-ut-500-millioner\" class=\"_link_16k26_32\" rel=\"nofollow noopener\" target=\"_blank\">500 millioner kroner til et lignende fond<\/a> som ble opprettet under 50-\u00e5rsjubileet til ungdomsskolen R\u00f8kke gikk p\u00e5, Bekkevoll. <\/p>\n<p class=\"_textTheme_1yhmn_1 _paragraph_16k26_4 _paragraph_3ue4t_27 layout-component layout-normal layout-padded body-medium\">Det var avisen <a href=\"https:\/\/www.innherred.no\/naeringsliv\/mn24\/n\/pBV9lG\/roekke-donerer-250-millioner-kroner-til-nytt-bakketun-fond\" class=\"_link_16k26_32\" rel=\"nofollow noopener\" target=\"_blank\">Innherred<\/a> som meldte om saken f\u00f8rst. <\/p>\n<p> <a class=\"_link_12q07_20\" data-track-id=\"teaser:XMz5P7\" data-track-impression=\"true\" data-track-name=\"Oljeservice\u00adaksjene med st\u00f8rst oppside: \u2013 Utrolig attraktivt\" data-track-element-size=\"small\" data-track-element-type=\"Teaser\" data-track-image-url=\"https:\/\/www.europesays.com\/no\/wp-content\/uploads\/2026\/08\/1786633696_152_afc0b153-025a-32a2-b835-678d36537fad.jpeg\" data-track-layout-name=\"image:right\" data-track-position-source=\"related-article\" href=\"https:\/\/e24.no\/boers-og-finans\/i\/XMz5P7\/oljeserviceaksjene-med-stoerst-oppside-utrolig-attraktivt\" rel=\"nofollow noopener\" target=\"_blank\"><img decoding=\"async\" alt=\"\" class=\"_image_12q07_77\" height=\"4000\" loading=\"lazy\"  src=\"https:\/\/www.europesays.com\/no\/wp-content\/uploads\/2026\/08\/1786633696_152_afc0b153-025a-32a2-b835-678d36537fad.jpeg\"  width=\"6000\"\/><\/p>\n<p class=\"label-small _kicker_12q07_98\">Les ogs\u00e5<\/p>\n<p>Oljeservice\u00adaksjene med st\u00f8rst oppside: \u2013 Utrolig attraktivt<\/a> \u2013 Stor betydning for meg <\/p>\n<p class=\"_textTheme_1yhmn_1 _paragraph_16k26_4 _paragraph_3ue4t_27 layout-component layout-normal layout-padded body-medium\">Den nye gaven kommer i forbindelse med 50-\u00e5rsjubileet for R\u00f8kkes avgangskull ved Bakketun, som fant sted l\u00f8rdag 8. august. <\/p>\n<p class=\"_textTheme_1yhmn_1 _paragraph_16k26_4 _paragraph_3ue4t_27 layout-component layout-normal layout-padded body-medium\">\u2013 Bakketun folkeh\u00f8yskole og menneskene jeg m\u00f8tte der, har hatt stor betydning for meg. Gjennom dette initiativet \u00f8nsker jeg \u00e5 v\u00e6re en del av et fellesskap som skaper muligheter for andre. Fondet bygger p\u00e5 verdiene til Bakketun og skal bidra til \u00e5 styrke ideelle og allmennyttige tiltak til glede for mange, sier R\u00f8kke i en kommentar. <\/p>\n<p class=\"_textTheme_1yhmn_1 _paragraph_16k26_4 _paragraph_3ue4t_27 layout-component layout-normal layout-padded body-medium\">Fondet er under etablering, og et uavhengig styre i en stiftelse vil f\u00e5 ansvaret for den videre utviklingen, if\u00f8lge pressemeldingen. St\u00f8tten skal ikke g\u00e5 direkte til enkeltpersoner, men til initiativ som kommer \u00abmange mennesker til gode\u00bb. <\/p>\n<p class=\"_textTheme_1yhmn_1 _paragraph_16k26_4 _paragraph_3ue4t_27 layout-component layout-normal layout-padded body-medium\">M\u00e5let er at de f\u00f8rste tildelingene skal finne sted i f\u00f8rste halv\u00e5r 2027. <\/p>\n<p>  Tidligere elever og l\u00e6rer i styret <\/p>\n<p class=\"_textTheme_1yhmn_1 _paragraph_16k26_4 _paragraph_3ue4t_27 layout-component layout-normal layout-padded body-medium\">Tidligere Bakketun-elev \u00d8yvind Hovdahl, som gikk i samme kull som R\u00f8kke, skal fungere som daglig leder for fondet og stiftelsen som opprettes. <\/p>\n<p class=\"_textTheme_1yhmn_1 _paragraph_16k26_4 _paragraph_3ue4t_27 layout-component layout-normal layout-padded body-medium\">\u2013 Jeg trodde egentlig at jeg var blitt pensjonist. Derfor ble jeg ganske m\u00e5ll\u00f8s da Kjell Inge fortalte om planene. Men n\u00e5r et fellesskap som har betydd mye for oss gjennom 50 \u00e5r \u00f8nsker \u00e5 skape muligheter for andre, er det umulig \u00e5 si nei. Jeg ser p\u00e5 det som et privilegium \u00e5 f\u00e5 v\u00e6re med p\u00e5 dette, sier han. <\/p>\n<p class=\"_textTheme_1yhmn_1 _paragraph_16k26_4 _paragraph_3ue4t_27 layout-component layout-normal layout-padded body-medium\">Pensjonert l\u00e6rer ved idrettslinjen p\u00e5 Bakketun, Tor-Petter Abelsen, blir styreleder. I tillegg blir Rolf Madsen styreleder sammen med Hovdahl, og flere av elevene fra 1975-kullet skal velges inn i styret. <\/p>\n<p class=\"_textTheme_1yhmn_1 _paragraph_16k26_4 _paragraph_3ue4t_27 layout-component layout-normal layout-padded body-medium\">\u00abMulighetsfondet Bakketun\u00bb er sk\u00e5ret over samme lest som \u00abMulighetsfondet Bekkevoll\u00bb, som R\u00f8kke etablerte med 158 medstiftere i fjor.  <\/p>\n","protected":false},"excerpt":{"rendered":"Milliard\u00e6r og investor Kjell Inge R\u00f8kke har nok en gang tatt p\u00e5 seg spanderbuksene. Kjell Inge R\u00f8kke avbildet&hellip;\n","protected":false},"author":2,"featured_media":321508,"comment_status":"","ping_status":"","sticky":false,"template":"","format":"standard","meta":{"footnotes":"","_share_on_mastodon":"0"},"categories":[10],"tags":[20,21,24,25,350,15,960,22,23,13,30,28,29,14,16,26,27],"class_list":["post-321507","post","type-post","status-publish","format-standard","has-post-thumbnail","category-norge","tag-breaking-news","tag-breakingnews","tag-featured-news","tag-featurednews","tag-fond","tag-headlines","tag-kjell-inge-rokke","tag-latest-news","tag-latestnews","tag-news","tag-no","tag-norge","tag-norway","tag-nyheter","tag-overskrifter","tag-top-stories","tag-topstories"],"share_on_mastodon":{"url":"https:\/\/pubeurope.com\/@no\/117088833584513304","error":""},"_links":{"self":[{"href":"https:\/\/www.europesays.com\/no\/wp-json\/wp\/v2\/posts\/321507","targetHints":{"allow":["GET"]}}],"collection":[{"href":"https:\/\/www.europesays.com\/no\/wp-json\/wp\/v2\/posts"}],"about":[{"href":"https:\/\/www.europesays.com\/no\/wp-json\/wp\/v2\/types\/post"}],"author":[{"embeddable":true,"href":"https:\/\/www.europesays.com\/no\/wp-json\/wp\/v2\/users\/2"}],"replies":[{"embeddable":true,"href":"https:\/\/www.europesays.com\/no\/wp-json\/wp\/v2\/comments?post=321507"}],"version-history":[{"count":0,"href":"https:\/\/www.europesays.com\/no\/wp-json\/wp\/v2\/posts\/321507\/revisions"}],"wp:featuredmedia":[{"embeddable":true,"href":"https:\/\/www.europesays.com\/no\/wp-json\/wp\/v2\/media\/321508"}],"wp:attachment":[{"href":"https:\/\/www.europesays.com\/no\/wp-json\/wp\/v2\/media?parent=321507"}],"wp:term":[{"taxonomy":"category","embeddable":true,"href":"https:\/\/www.europesays.com\/no\/wp-json\/wp\/v2\/categories?post=321507"},{"taxonomy":"post_tag","embeddable":true,"href":"https:\/\/www.europesays.com\/no\/wp-json\/wp\/v2\/tags?post=321507"}],"curies":[{"name":"wp","href":"https:\/\/api.w.org\/{rel}","templated":true}]}}