{"id":321821,"date":"2026-08-13T20:16:13","date_gmt":"2026-08-13T20:16:13","guid":{"rendered":"https:\/\/www.europesays.com\/no\/321821\/"},"modified":"2026-08-13T20:16:13","modified_gmt":"2026-08-13T20:16:13","slug":"ingebrigtsen-ut-mot-kerr-odelegger-sporten","status":"publish","type":"post","link":"https:\/\/www.europesays.com\/no\/321821\/","title":{"rendered":"Ingebrigtsen ut mot Kerr: \u2013 \u00d8delegger sporten"},"content":{"rendered":"\n<p class=\"_lead_145nj_2 _lead_6fko5_53 layout-component text-serif-m layout-normal text-serif-l layout-component layout-wide layout-padded _wide_17hqh_1 layout-padded\">Jakob Ingebrigtsen er kritisk til at erkerivalen Josh Kerr droppet EM.<\/p>\n<p><img alt=\"Josh Kerr og Jakob Ingebrigtsen fra OL i 2024. Foto: Fredrik Varfjell \/ NTB\" class=\"_image_jw3bv_65 layout-component layout-wide\" data-fullscreen- data-track-element-type=\"Article image fullscreen\" data-track-name=\"ImageFullscreen\" fetchpriority=\"high\" decoding=\"sync\" loading=\"eager\" height=\"2979\" itemprop=\"image\"  src=\"https:\/\/www.europesays.com\/no\/wp-content\/uploads\/2026\/08\/4bd83f93-4d1b-3fd5-a2c2-b3d5f2502be2.jpeg\"  style=\"object-position:0% 0%\" width=\"4469\"\/>Josh Kerr og Jakob Ingebrigtsen fra OL i 2024. Foto: Fredrik Varfjell \/ NTB<\/p>\n<ul aria-hidden=\"true\" class=\"_images_ntbth_112\">\n<li><a class=\"_link_ntbth_117\" href=\"https:\/\/www.vg.no\/forfatter\/herman-folvik\" style=\"z-index:1\" title=\"Herman Folvik\" rel=\"nofollow noopener\" target=\"_blank\"><img alt=\"Bilde av Herman Folvik\" class=\"_image_ntbth_93\" fetchpriority=\"low\" loading=\"lazy\" decoding=\"async\" itemprop=\"image\"  src=\"https:\/\/www.europesays.com\/no\/wp-content\/uploads\/2026\/08\/1786652173_337_b8d5eb91-9fa9-460c-b9f0-da310ffe35dd.jpeg\"  width=\"480\"\/><\/a><\/li>\n<\/ul>\n<p> Oppdatert torsdag 13. august kl. 22:10    <\/p>\n<ul class=\"_list_145nj_3 _list_64s2r_85 _unordered_145nj_106 text-sans-m\">\n<li class=\"_item_145nj_30\">Jakob Ingebrigtsen kritiserer erkerivalen Josh Kerr for \u00e5 st\u00e5 over EM i Birmingham.<\/li>\n<li class=\"_item_145nj_30\">Kerr har \u00e5rsbeste p\u00e5 1500 meter i \u00e5r og satte verdensrekord p\u00e5 mile i juli.<\/li>\n<li class=\"_item_145nj_30\">Ingebrigtsen mener at sporten \u00f8delegges hvis topput\u00f8vere ikke konkurrerer i mesterskap.<\/li>\n<li class=\"_item_145nj_30\">Kerr vant 1500 meter i Commonwealth Games tidligere i august.<\/li>\n<\/ul>\n<p>Vis mer <\/p>\n<p class=\"_paragraph_145nj_4 _paragraph_6fko5_10 layout-component text-serif-m layout-normal text-serif-m layout-padded\">Ingebrigtsen tok EM-gull p\u00e5 5000 meter i sitt f\u00f8rste l\u00f8p p\u00e5 elleve m\u00e5neder mandag \u2013 etter at han opererte akillesen i februar.<\/p>\n<p class=\"_paragraph_145nj_4 _paragraph_6fko5_10 layout-component text-serif-m layout-normal text-serif-m layout-padded\">Han st\u00e5r derimot over 1500 meter, hvor det er fors\u00f8k med Narve Gilje Nord\u00e5s og Andreas Fjeld Halvorsen fredag.<\/p>\n<p class=\"_paragraph_145nj_4 _paragraph_6fko5_10 layout-component text-serif-m layout-normal text-serif-m layout-padded\">Mens <a href=\"https:\/\/www.vg.no\/tag\/josh-kerr?utm_source=vg-article&amp;utm_medium=auto-tagger&amp;utm_campaign=ArJJBE\" class=\"_link_145nj_39\" rel=\"nofollow noopener\" target=\"_blank\">Josh Kerr<\/a>, skotten som har l\u00f8pt \u00e5rsbeste i verden p\u00e5 1500 meter med 3.27,62 og <a href=\"https:\/\/www.vg.no\/sport\/i\/ExvVnl\/ingebrigtsen-rival-med-ny-verdensrekord\" data-track-element-type=\"Link\" data-track-id=\"link:ExvVnl\" class=\"_link_145nj_39\" rel=\"nofollow noopener\" target=\"_blank\">satte verdensrekord p\u00e5 mile<\/a> (1609 meter) 3.42,66 i juli, dropper hele mesterskapet. Selv om EM arrangeres p\u00e5 hjemmebanehjemmebane(Birmingham i England &#8211; i friidrett representerer ut\u00f8verne fra England, Skottland Wales og Nord-Irland en tropp: Storbritannia). <\/p>\n<p class=\"_paragraph_145nj_4 _paragraph_6fko5_10 layout-component text-serif-m layout-normal text-serif-m layout-padded\">I et intervju med <a href=\"https:\/\/www.bbc.co.uk\/sport\" class=\"_link_145nj_39\" rel=\"nofollow noopener\" target=\"_blank\">BBC<\/a> refser Ingebrigtsen sin erkerival.<\/p>\n<p class=\"_paragraph_145nj_4 _paragraph_6fko5_10 layout-component text-serif-m layout-normal text-serif-m layout-padded\">\u2013 Selvsagt vil jeg g\u00e5 for gode tider, men jeg mener at det ene ikke trenger \u00e5 utelukke det andre, sier Ingebrigtsen.<\/p>\n<p class=\"_paragraph_145nj_4 _paragraph_6fko5_10 layout-component text-serif-m layout-normal text-serif-m layout-padded\">Sandnes-karen svarer \u00abveldig\u00bb p\u00e5 sp\u00f8rsm\u00e5l om han er skuffet over valget til Kerr.<\/p>\n<p class=\"_paragraph_145nj_4 _paragraph_6fko5_10 layout-component text-serif-m layout-normal text-serif-m layout-padded\">\u2013 Og det synes jeg mange b\u00f8r v\u00e6re. For det er det mesterskap handler om. <\/p>\n<p class=\"_paragraph_145nj_4 _paragraph_6fko5_10 layout-component text-serif-m layout-normal text-serif-m layout-padded\">\u2013 Jeg mener definitivt at det \u00f8delegger sporten hvis vi ikke konkurrerer. Vi har alle forskjellige planer, men jeg ser aldri meg selv i den posisjonen, sier Ingebrigtsen.<\/p>\n<p class=\"_paragraph_145nj_4 _paragraph_6fko5_10 layout-component text-serif-m layout-normal text-serif-m layout-padded\">Kerr vant vel \u00e5 merke 1500-meteren i mesterskapet Commonwealth Games 1. august i skotske Glasgow. <\/p>\n<p>Commonwealth Games<\/p>\n<p class=\"_paragraph_145nj_4 _paragraph_6fko5_10 _paragraph_1kitn_11 layout-component text-serif-m layout-normal text-sans-m layout-padded\"><strong class=\"_strong_145nj_25\">Commonwealth Games<\/strong> er et stort internasjonalt idrettsmesterskap for land og territorier som hovedsakelig har historiske forbindelser til det britiske imperiet og som er medlemmer av <strong class=\"_strong_145nj_25\">Commonwealth<\/strong>.<\/p>\n<p class=\"_paragraph_145nj_4 _paragraph_6fko5_10 _paragraph_1kitn_11 layout-component text-serif-m layout-normal text-sans-m layout-padded\">St\u00f8rre friidrettsnasjoner som <strong class=\"_strong_145nj_25\">Jamaica, Kenya, Australia, Canada, S\u00f8r-Afrika og Storbritannias fire nasjoner<\/strong> deltar.<\/p>\n<p>Vis mer<\/p>\n<p class=\"_paragraph_145nj_4 _paragraph_6fko5_10 layout-component text-serif-m layout-normal text-serif-m layout-padded\">Kerr og Ingebrigtsens rivaleri tok av i 2023 da briten slo nordmannen i VM-finalen p\u00e5 1500 meter. Siden har det n\u00e6rmest v\u00e6rt en konstant ordkrig mellom dem.<\/p>\n<p class=\"_paragraph_145nj_4 _paragraph_6fko5_10 layout-component text-serif-m layout-normal text-serif-m layout-padded\">Flere ganger har Ingebrigtsen kritisert at Kerr ikke springer flere konkurranser. <\/p>\n<p class=\"_paragraph_145nj_4 _paragraph_6fko5_10 layout-component text-serif-m layout-normal text-serif-m layout-padded\">I BBC-intervjuet kommer Ingebrigtsen faktisk ogs\u00e5 med litt ros til Kerr for at han slettet den <a href=\"https:\/\/www.vg.no\/sport\/i\/ExvVnl\/ingebrigtsen-rival-med-ny-verdensrekord\" data-track-element-type=\"Link\" data-track-id=\"link:ExvVnl\" class=\"_link_145nj_39\" rel=\"nofollow noopener\" target=\"_blank\">27 \u00e5r gamle verdensrekorden p\u00e5 mile.<\/a> Ingebrigtsen kaller det \u00abet ekstremt bra l\u00f8p\u00bb og \u00aben veldig sterk prestasjon\u00bb.<\/p>\n<p class=\"_paragraph_145nj_4 _paragraph_6fko5_10 layout-component text-serif-m layout-normal text-serif-m layout-padded\">Ingebrigtsen har bekreftet at han forh\u00e5pentligvis gj\u00f8r comeback p\u00e5 1500 meter i polske Silesia 22. august. Han er ogs\u00e5 bekreftet p\u00e5 \u00f8velsen i Z\u00fcrich 27. august.<\/p>\n<p class=\"_paragraph_145nj_4 _paragraph_6fko5_10 layout-component text-serif-m layout-normal text-serif-m layout-padded\"><strong class=\"_strong_145nj_25\">Les ogs\u00e5:<\/strong>\u00a0<a href=\"https:\/\/www.vg.no\/i\/16rG9q\" data-track-element-type=\"Link\" data-track-id=\"link:16rG9q\" class=\"_link_145nj_39\" rel=\"nofollow noopener\" target=\"_blank\">Program og sendeskjema: EM i friidrett 2026<\/a><\/p>\n","protected":false},"excerpt":{"rendered":"Jakob Ingebrigtsen er kritisk til at erkerivalen Josh Kerr droppet EM. Josh Kerr og Jakob Ingebrigtsen fra OL&hellip;\n","protected":false},"author":2,"featured_media":321822,"comment_status":"","ping_status":"","sticky":false,"template":"","format":"standard","meta":{"footnotes":"","_share_on_mastodon":"0"},"categories":[59],"tags":[423,422,24441,30,28,29,83,82],"class_list":["post-321821","post","type-post","status-publish","format-standard","has-post-thumbnail","category-sport","tag-friidrett","tag-jakob-ingebrigtsen","tag-josh-kerr","tag-no","tag-norge","tag-norway","tag-sport","tag-sports"],"share_on_mastodon":{"url":"https:\/\/pubeurope.com\/@no\/117090044709295126","error":""},"_links":{"self":[{"href":"https:\/\/www.europesays.com\/no\/wp-json\/wp\/v2\/posts\/321821","targetHints":{"allow":["GET"]}}],"collection":[{"href":"https:\/\/www.europesays.com\/no\/wp-json\/wp\/v2\/posts"}],"about":[{"href":"https:\/\/www.europesays.com\/no\/wp-json\/wp\/v2\/types\/post"}],"author":[{"embeddable":true,"href":"https:\/\/www.europesays.com\/no\/wp-json\/wp\/v2\/users\/2"}],"replies":[{"embeddable":true,"href":"https:\/\/www.europesays.com\/no\/wp-json\/wp\/v2\/comments?post=321821"}],"version-history":[{"count":0,"href":"https:\/\/www.europesays.com\/no\/wp-json\/wp\/v2\/posts\/321821\/revisions"}],"wp:featuredmedia":[{"embeddable":true,"href":"https:\/\/www.europesays.com\/no\/wp-json\/wp\/v2\/media\/321822"}],"wp:attachment":[{"href":"https:\/\/www.europesays.com\/no\/wp-json\/wp\/v2\/media?parent=321821"}],"wp:term":[{"taxonomy":"category","embeddable":true,"href":"https:\/\/www.europesays.com\/no\/wp-json\/wp\/v2\/categories?post=321821"},{"taxonomy":"post_tag","embeddable":true,"href":"https:\/\/www.europesays.com\/no\/wp-json\/wp\/v2\/tags?post=321821"}],"curies":[{"name":"wp","href":"https:\/\/api.w.org\/{rel}","templated":true}]}}