{"id":321871,"date":"2026-08-13T21:00:44","date_gmt":"2026-08-13T21:00:44","guid":{"rendered":"https:\/\/www.europesays.com\/no\/321871\/"},"modified":"2026-08-13T21:00:44","modified_gmt":"2026-08-13T21:00:44","slug":"kripos-om-guttas-drom-bildene-blir-aldri-borte","status":"publish","type":"post","link":"https:\/\/www.europesays.com\/no\/321871\/","title":{"rendered":"Kripos om \u00abGuttas dr\u00f8m\u00bb-bildene: \u2013 Blir aldri borte"},"content":{"rendered":"\n<ul class=\"_list_145nj_3 _list_64s2r_85 _unordered_145nj_106 text-sans-m\">\n<li class=\"_item_145nj_30\">Politiet kj\u00f8pte tusenvis av nakenbilder og -videoer for \u00e5 verifisere bevis i \u00abGuttas dr\u00f8m\u00bb-saken.<\/li>\n<li class=\"_item_145nj_30\">Ankesaken mot den tiltalte mannen startet i Borgarting lagmannsrett mandag.<\/li>\n<li class=\"_item_145nj_30\">To forn\u00e6rmede vitner om sterke reaksjoner etter bilder ble delt uten samtykke.<\/li>\n<\/ul>\n<p>Vis mer <\/p>\n<p class=\"_paragraph_145nj_4 _paragraph_6fko5_10 layout-component text-serif-m layout-normal text-serif-m layout-padded\">\u2013 Det er en konstant kamp for \u00e5 pr\u00f8ve \u00e5 komme seg over det, forteller kvinnen fra vitneboksen.<\/p>\n<p class=\"_paragraph_145nj_4 _paragraph_6fko5_10 layout-component text-serif-m layout-normal text-serif-m layout-padded\">Hun er \u00e9n av de forn\u00e6rmede i den s\u00e5kalte <a href=\"https:\/\/www.vg.no\/nyheter\/i\/k03K66\/dom-i-guttas-droem-ingen-sak-av-lignende-karakter\" data-track-element-type=\"Link\" data-track-id=\"link:k03K66\" class=\"_link_145nj_39\" rel=\"nofollow noopener\" target=\"_blank\">\u00abGuttas dr\u00f8m\u00bb-saken<\/a>, der en mann i 20-\u00e5rene i mars ble d\u00f8mt til fengsel i tre \u00e5r og tre m\u00e5neder, hvorav seks m\u00e5neder var betingetbetingetEn fengselsstraff som ikke m\u00e5 sones hvis den d\u00f8mte oppfyller visse betingelser i en pr\u00f8vetid., for deling av krenkende og seksualiserte bilder av 109 jenter og kvinner. <\/p>\n<p class=\"_paragraph_145nj_4 _paragraph_6fko5_10 layout-component text-serif-m layout-normal text-serif-m layout-padded\">Bildene ble delt uten samtykke og solgt i Discord-kanalenDiscord-kanalenDiscord er en digital plattform som brukes for \u00e5 kommunisere via tekst, tale og video, ofte brukt av spillere og ulike interessegrupper. \u00abGuttas dr\u00f8m\u00bb.<\/p>\n<p class=\"_paragraph_145nj_4 _paragraph_6fko5_10 layout-component text-serif-m layout-normal text-serif-m layout-padded\">Tiltalte har erkjent straffskyld for dette, men anket deler av dommen. Mandag startet ankesaken i <a href=\"https:\/\/www.vg.no\/tag\/borgarting-lagmannsrett?utm_source=vg-article&amp;utm_medium=auto-tagger&amp;utm_campaign=3pxPGA\" class=\"_link_145nj_39\" rel=\"nofollow noopener\" target=\"_blank\">Borgarting lagmannsrett<\/a>. <\/p>\n<p class=\"_paragraph_145nj_4 _paragraph_6fko5_10 layout-component text-serif-m layout-normal text-serif-m layout-padded\"><strong class=\"_strong_145nj_25\">Torsdag vitner KriposKriposKripos, Den nasjonale enhet for bekjempelse av organisert og annen alvorlig kriminalitet, er politiets nasjonale kompetansesenter og s\u00e6rorgan i Norge. De er blant annet spesialister p\u00e5 digital etterforskning.  og to av de forn\u00e6rmede kvinnene i saken. <\/strong><\/p>\n<p class=\"_paragraph_145nj_4 _paragraph_6fko5_10 layout-component text-serif-m layout-normal text-serif-m layout-padded\">De forteller om et liv f\u00f8r og etter bildedelingen.<\/p>\n<p class=\"_paragraph_145nj_4 _paragraph_6fko5_10 layout-component text-serif-m layout-normal text-serif-m layout-padded\">\u2013 Jeg jobber med \u00e5 forsone meg med at dette er livet mitt, forklarer en av kvinnene. <\/p>\n<ul class=\"_list_145nj_3 _list_6fko5_9 _unordered_145nj_106 layout-component text-serif-m layout-normal text-serif-m layout-padded\">\n<li class=\"_item_145nj_30\"><strong class=\"_strong_145nj_25\">Les ogs\u00e5:<\/strong> <a href=\"https:\/\/www.vg.no\/nyheter\/i\/Okar5l\/guttas-droem-saken-mann-i-20-aarene-nekter-utpressing\" data-track-element-type=\"Link\" data-track-id=\"link:Okar5l\" class=\"_link_145nj_39\" rel=\"nofollow noopener\" target=\"_blank\">Tiltalte: \u2013 Jeg fikk helt panikk<\/a><\/li>\n<\/ul>\n<p class=\"_paragraph_145nj_4 _paragraph_6fko5_10 layout-component text-serif-m layout-normal text-serif-m layout-padded\">Vemund Eggen S\u00e6ther i KriposKriposKripos, Den nasjonale enhet for bekjempelse av organisert og annen alvorlig kriminalitet, er politiets nasjonale kompetansesenter og s\u00e6rorgan i Norge. De er blant annet spesialister p\u00e5 digital etterforskning.  har ti \u00e5rs erfaring med bildedelingssaker. Han forteller at de ble gjort kjent med \u00abGuttas dr\u00f8m\u00bb gjennom tips fra privatpersoner. <\/p>\n<p><img alt=\"Etterforskningsleder i Kripos Vemund Eggen S\u00e6ther ved seksjon for seksuelle overgrep mot barn (SOMB) vitner i saken.  Foto: Kristoffer Kumar \/ VG\" class=\"_image_jw3bv_65 layout-component layout-normal\" data-fullscreen- data-track-element-type=\"Article image fullscreen\" data-track-name=\"ImageFullscreen\" decoding=\"async\" loading=\"lazy\" height=\"2169\" itemprop=\"image\"  src=\"https:\/\/www.europesays.com\/no\/wp-content\/uploads\/2026\/08\/d73ca668-2c0c-3eaf-9eb7-b809815f850c.jpeg\"  style=\"object-position:0% 0%\" width=\"3253\"\/>Etterforskningsleder i Kripos Vemund Eggen S\u00e6ther ved seksjon for seksuelle overgrep mot barn (SOMB) vitner i saken.  Foto: Kristoffer Kumar \/ VG<\/p>\n<p class=\"_paragraph_145nj_4 _paragraph_6fko5_10 layout-component text-serif-m layout-normal text-serif-m layout-padded\">P\u00e5 serveren ble pakker med private bilder og videoer sortert etter navn og bosted p\u00e5 ofrene. Disse ble solgt som \u00abMega-lenker\u00bb\u00abMega-lenker\u00bbEn mega-lenke (eller MEGA-link) er en nettadresse (URL) som oppretter forbindelse til filer eller mapper lagret i skytjenesten MEGA.. <\/p>\n<p class=\"_paragraph_145nj_4 _paragraph_6fko5_10 layout-component text-serif-m layout-normal text-serif-m layout-padded\"><strong class=\"_strong_145nj_25\">\u2013 I dette tilfellet endte vi opp med \u00e5 kj\u00f8pe en slik pakke for \u00e5 verifisere innholdet, sier S\u00e6ther.<\/strong><\/p>\n<p class=\"_paragraph_145nj_4 _paragraph_6fko5_10 layout-component text-serif-m layout-normal text-serif-m layout-padded\">Han forklarer hva som m\u00f8tte Kripos da de \u00e5pnet pakken.<\/p>\n<p><img alt=\"Kripos etterforsker organisert og annen alvorlig kriminalitet og har bist\u00e5tt i etterforskningen i \u00abGuttas dr\u00f8m\u00bb-saken.  Foto: Gorm Kallestad \/ NTB\" class=\"_image_jw3bv_65 layout-component layout-normal\" data-fullscreen- data-track-element-type=\"Article image fullscreen\" data-track-name=\"ImageFullscreen\" decoding=\"async\" loading=\"lazy\" height=\"3105\" itemprop=\"image\"  src=\"https:\/\/www.europesays.com\/no\/wp-content\/uploads\/2026\/08\/2e40db4a-0140-3c1e-a7e3-27f5f8832c70.jpeg\"  style=\"object-position:0% 0%\" width=\"4657\"\/>Kripos etterforsker organisert og annen alvorlig kriminalitet og har bist\u00e5tt i etterforskningen i \u00abGuttas dr\u00f8m\u00bb-saken.  Foto: Gorm Kallestad \/ NTB<\/p>\n<p class=\"_paragraph_145nj_4 _paragraph_6fko5_10 layout-component text-serif-m layout-normal text-serif-m layout-padded\">\u2013 Der ser vi masse materiale av stort sett nakne jenter i ulike settinger. Alene, men ogs\u00e5 i samleie med andre, forklarer han. <\/p>\n<p class=\"_paragraph_145nj_4 _paragraph_6fko5_10 layout-component text-serif-m layout-normal text-serif-m layout-padded\">S\u00e6ther sier at han kjente igjen flere av ofrene fra tidligere straffesaker. <\/p>\n<p class=\"_paragraph_145nj_4 _paragraph_6fko5_10 layout-component text-serif-m layout-normal text-serif-m layout-padded\">15 av de 109 forn\u00e6rmede er offentlig kjente personer, if\u00f8lge politiet. <\/p>\n<p class=\"_paragraph_145nj_4 _paragraph_6fko5_10 layout-component text-serif-m layout-normal text-serif-m layout-padded\"><strong class=\"_strong_145nj_25\">Etterforskningslederen sier at dette er typen bilder og videoer som aldri blir borte. <\/strong><\/p>\n<p class=\"_paragraph_145nj_4 _paragraph_6fko5_10 layout-component text-serif-m layout-normal text-serif-m layout-padded\">\u2013 At alle kan se dem nakne i disse situasjonene er en evigvarende krenkelse, sier han. <\/p>\n<p><img alt=\"Ankesaken g\u00e5r i Borgarting lagmannsrett i Oslo.  Foto: Bendik Hansen \/ VG\" class=\"_image_jw3bv_65 layout-component layout-normal\" data-fullscreen- data-track-element-type=\"Article image fullscreen\" data-track-name=\"ImageFullscreen\" decoding=\"async\" loading=\"lazy\" height=\"3894\" itemprop=\"image\"  src=\"https:\/\/www.europesays.com\/no\/wp-content\/uploads\/2026\/08\/16c80715-7e11-3490-a4e0-e4f68a332f18.jpeg\"  style=\"object-position:0% 0%\" width=\"5838\"\/>Ankesaken g\u00e5r i Borgarting lagmannsrett i Oslo.  Foto: Bendik Hansen \/ VG<\/p>\n<p class=\"_paragraph_145nj_4 _paragraph_6fko5_10 layout-component text-serif-m layout-normal text-serif-m layout-padded\">De to forn\u00e6rmede kvinnene er tydelig preget n\u00e5r de forklarer seg.<\/p>\n<p class=\"_paragraph_145nj_4 _paragraph_6fko5_10 layout-component text-serif-m layout-normal text-serif-m layout-padded\">De private bildene og videoene av dem ble tatt for flere \u00e5r siden, ogs\u00e5 f\u00f8r de fylte 18 \u00e5r. <\/p>\n<p class=\"_paragraph_145nj_4 _paragraph_6fko5_10 layout-component text-serif-m layout-normal text-serif-m layout-padded\">Da materialet dukket opp i \u00abGuttas dr\u00f8m\u00bb, hadde dette allerede blitt spredt over flere \u00e5r. <\/p>\n<p class=\"_paragraph_145nj_4 _paragraph_6fko5_10 layout-component text-serif-m layout-normal text-serif-m layout-padded\">\u2013 Jeg har aktivt pr\u00f8vd \u00e5 fjerne innhold siden 2020, og sendte siste melding til Nettpatruljen VestNettpatruljen VestPolitiets nettpatrulje jobber for \u00e5 v\u00e6re et synlig og tilgjengelig politi der folk ferdes p\u00e5 internett og i sosiale medier. De jobber ogs\u00e5 for \u00e5 forebygge digital kriminalitet.  for \u00e9n uke siden. Det er nesten umulig \u00e5 fjerne det, og jeg har innfunnet meg med at dette vil v\u00e6re p\u00e5 nett resten av livet mitt, forklarer en av de forn\u00e6rmede. <\/p>\n<p class=\"_paragraph_145nj_4 _paragraph_6fko5_10 layout-component text-serif-m layout-normal text-serif-m layout-padded\">Hun gr\u00e5ter mens hun forklarer seg om bildedelingen. <\/p>\n<p class=\"_paragraph_145nj_4 _paragraph_6fko5_10 layout-component text-serif-m layout-normal text-serif-m layout-padded\"><strong class=\"_strong_145nj_25\">\u2013 Det er urettferdig og skamfullt at folk jeg aldri har valgt ut, skal se meg p\u00e5 den m\u00e5ten.<\/strong><\/p>\n<p class=\"_paragraph_145nj_4 _paragraph_6fko5_10 layout-component text-serif-m layout-normal text-serif-m layout-padded\">\u2013 Jeg g\u00e5r daglig inn og googler meg selv for \u00e5 se at internett er \u00abfritt\u00bb for meg. <\/p>\n<p><img alt=\"Randulf Schumann Hansen er bistandsadvokat for de 109 forn\u00e6rmede norske kvinnene.  Foto: Bendik Hansen \/ VG\" class=\"_image_jw3bv_65 layout-component layout-normal\" data-fullscreen- data-track-element-type=\"Article image fullscreen\" data-track-name=\"ImageFullscreen\" decoding=\"async\" loading=\"lazy\" height=\"4351\" itemprop=\"image\"  src=\"https:\/\/www.europesays.com\/no\/wp-content\/uploads\/2026\/08\/c6026d2a-be45-3a56-91e2-9f4d9e7f1552.jpeg\"  style=\"object-position:0% 0%\" width=\"6524\"\/>Randulf Schumann Hansen er bistandsadvokat for de 109 forn\u00e6rmede norske kvinnene.  Foto: Bendik Hansen \/ VG<\/p>\n<p class=\"_paragraph_145nj_4 _paragraph_6fko5_10 layout-component text-serif-m layout-normal text-serif-m layout-padded\">Den andre forn\u00e6rmede forklarer at bildene er noe som \u00abhele tiden er der\u00bb.<\/p>\n<p class=\"_paragraph_145nj_4 _paragraph_6fko5_10 layout-component text-serif-m layout-normal text-serif-m layout-padded\"><strong class=\"_strong_145nj_25\">\u2013 Kj\u00e6resten min har spurt om jeg klarer \u00e5 legge det bak meg, men det har jeg pr\u00f8vd i et halvt liv. Det g\u00e5r ikke n\u00e5r det aktivt blir spredt, sier hun. <\/strong><\/p>\n<p class=\"_paragraph_145nj_4 _paragraph_6fko5_10 layout-component text-serif-m layout-normal text-serif-m layout-padded\">Begge to fikk vite om \u00abGuttas dr\u00f8m\u00bb-saken i fjor. <\/p>\n<p class=\"_paragraph_145nj_4 _paragraph_6fko5_10 layout-component text-serif-m layout-normal text-serif-m layout-padded\">\u2013 Jeg fikk sjokk og en kroppslig reaksjon med skjelvinger, forteller en av de.<\/p>\n<p class=\"_paragraph_145nj_4 _paragraph_6fko5_10 layout-component text-serif-m layout-normal text-serif-m layout-padded\">N\u00e5 unng\u00e5r hun sosiale settinger, sliter med tankekj\u00f8r og lurer p\u00e5 hvem som vet om bildene. <\/p>\n<p><img alt=\"Politifullmektig Sofie Earl F\u00e6r\u00f8vig (t.v.) og politiadvokat Hildegunn Teigen er aktor i saken.  Foto: Bendik Hansen \/ VG\" class=\"_image_jw3bv_65 layout-component layout-normal\" data-fullscreen- data-track-element-type=\"Article image fullscreen\" data-track-name=\"ImageFullscreen\" decoding=\"async\" loading=\"lazy\" height=\"5464\" itemprop=\"image\"  src=\"https:\/\/www.europesays.com\/no\/wp-content\/uploads\/2026\/08\/4d2f58f9-c38f-3dbf-a78c-5c95def0bc40.jpeg\"  style=\"object-position:0% 0%\" width=\"8192\"\/>Politifullmektig Sofie Earl F\u00e6r\u00f8vig (t.v.) og politiadvokat Hildegunn Teigen er aktor i saken.  Foto: Bendik Hansen \/ VG<\/p>\n<p class=\"_paragraph_145nj_4 _paragraph_6fko5_10 layout-component text-serif-m layout-normal text-serif-m layout-padded\">S\u00e6ther sier at flere av de 109 forn\u00e6rmede er kjent med at bildene og videoene av dem har florert p\u00e5 nett i flere \u00e5r, og har funnet m\u00e5ter \u00e5 leve med det. <\/p>\n<p class=\"_paragraph_145nj_4 _paragraph_6fko5_10 layout-component text-serif-m layout-normal text-serif-m layout-padded\">\u2013 Men plutselig f\u00e5r de meldinger p\u00e5 Snapchat med \u00aber dette deg?\u00bb, og da er det i gang igjen. <\/p>\n<p class=\"_paragraph_145nj_4 _paragraph_6fko5_10 layout-component text-serif-m layout-normal text-serif-m layout-padded\"><strong class=\"_strong_145nj_25\">\u2013 At tiltalte sitter her og har stoppet \u00abGuttas dr\u00f8m\u00bb betyr ikke at dette har stoppet. <\/strong><\/p>\n<ul class=\"_list_145nj_3 _list_6fko5_9 _unordered_145nj_106 layout-component text-serif-m layout-normal text-serif-m layout-padded\">\n<li class=\"_item_145nj_30\"><strong class=\"_strong_145nj_25\">Les ogs\u00e5: <\/strong><a href=\"https:\/\/www.vg.no\/nyheter\/i\/JOLrA6\/guttas-droem-saken-utelukker-ikke-at-andre-kan-ha-staatt-bak-utpressing\" data-track-element-type=\"Link\" data-track-id=\"link:JOLrA6\" class=\"_link_145nj_39\" rel=\"nofollow noopener\" target=\"_blank\">\u00abDu er ferdig. Politiet er etter deg\u00bb<\/a><\/li>\n<\/ul>\n<p><img alt=\"Advokat Stian M\u00e6land forsvarer den siktede mannen i 20-\u00e5rene.  Foto: Bendik Hansen \/ VG\" class=\"_image_jw3bv_65 layout-component layout-normal\" data-fullscreen- data-track-element-type=\"Article image fullscreen\" data-track-name=\"ImageFullscreen\" decoding=\"async\" loading=\"lazy\" height=\"5464\" itemprop=\"image\"  src=\"https:\/\/www.europesays.com\/no\/wp-content\/uploads\/2026\/08\/a1dabb94-72f5-3753-9675-4cd967d60a18.jpeg\"  style=\"object-position:0% 0%\" width=\"8192\"\/>Advokat Stian M\u00e6land forsvarer den siktede mannen i 20-\u00e5rene.  Foto: Bendik Hansen \/ VG<\/p>\n<p class=\"_paragraph_145nj_4 _paragraph_6fko5_10 layout-component text-serif-m layout-normal text-serif-m layout-padded\">Forsvarer Stian M\u00e6land sier at det er tungt for tiltalte \u00e5 h\u00f8re de forn\u00e6rmede forklare seg. <\/p>\n<p class=\"_paragraph_145nj_4 _paragraph_6fko5_10 layout-component text-serif-m layout-normal text-serif-m layout-padded\">\u2013 Han synes det er f\u00e6lt \u00e5 h\u00f8re. <\/p>\n<p class=\"_paragraph_145nj_4 _paragraph_6fko5_10 layout-component text-serif-m layout-normal text-serif-m layout-padded\">\u2013 Men det er viktig \u00e5 huske p\u00e5 at da han gjorde dette, s\u00e5 var han under 18 \u00e5r, n\u00e5 er han mye eldre og skj\u00f8nner konsekvensene av sine handlinger, og synes det er forferdelig \u00e5 h\u00f8re hvordan det p\u00e5virker enkeltindividet, sier han til VG. <\/p>\n<p><img alt=\"\u00abSend bildebevis etter betaling for \u00e5 f\u00e5 tilgang\u00bb, het det i kanalen.  Foto: Skjermdump \/ Skjermdump\" class=\"_image_jw3bv_65 layout-component layout-fullwidth\" data-fullscreen- data-track-element-type=\"Article image fullscreen\" data-track-name=\"ImageFullscreen\" decoding=\"async\" loading=\"lazy\" height=\"471\" itemprop=\"image\"  src=\"https:\/\/www.europesays.com\/no\/wp-content\/uploads\/2026\/08\/3433a83e-d33e-3508-8d78-314c5a354894.jpeg\"  style=\"object-position:0% 0%\" width=\"1113\"\/>\u00abSend bildebevis etter betaling for \u00e5 f\u00e5 tilgang\u00bb, het det i kanalen.  Foto: Skjermdump \/ Skjermdump<\/p>\n<p class=\"_paragraph_145nj_4 _paragraph_6fko5_10 layout-component text-serif-m layout-normal text-serif-m layout-padded\">Mannen ble ogs\u00e5 d\u00f8mt for ulovlig bruk av dopingmidler, utpressing av 52 kj\u00f8pere og for \u00e5 ha fors\u00f8kt \u00e5 utpresse ytterligere 1262 personer ved \u00e5 true med \u00e5 anmelde dem eller dele personlig informasjon.<\/p>\n<p class=\"_paragraph_145nj_4 _paragraph_6fko5_10 layout-component text-serif-m layout-normal text-serif-m layout-padded\"><strong class=\"_strong_145nj_25\"><a href=\"https:\/\/www.vg.no\/nyheter\/i\/Okar5l\/guttas-droem-saken-mann-i-20-aarene-nekter-utpressing\" data-track-element-type=\"Link\" data-track-id=\"link:Okar5l\" class=\"_link_145nj_39\" rel=\"nofollow noopener\" target=\"_blank\">Dette nekter han straffskyld for<\/a>. Han har ogs\u00e5 anket straffeutm\u00e5lingen.<\/strong><\/p>\n<p class=\"_paragraph_145nj_4 _paragraph_6fko5_10 layout-component text-serif-m layout-normal text-serif-m layout-padded\">Tiltalte og flesteparten av de forn\u00e6rmede har anket erstatningskraveterstatningskravetPenger som en person m\u00e5 betale til en annen som kompensasjon for skade eller tap. som til sammen er p\u00e5 over 6 millioner kroner. <\/p>\n<p class=\"_paragraph_145nj_4 _paragraph_6fko5_10 layout-component text-serif-m layout-normal text-serif-m layout-padded\">Dette vil bli behandlet i en egen sivil sak.<\/p>\n<p>       <img decoding=\"async\" alt=\"Tips oss illustrasjon\" src=\"https:\/\/www.europesays.com\/no\/wp-content\/uploads\/2026\/08\/1786654844_782_pssst-small.webp\"\/>    <\/p>\n<p class=\"title-serif-s\">Har du tips?<\/p>\n<p class=\"text-sans-m\">Send oss informasjon, bilder eller video.<\/p>\n<p>  <a href=\"https:\/\/www.vg.no\/tips-oss\" rel=\"nofollow noopener\" target=\"_blank\"> Tips oss <\/a>      <\/p>\n","protected":false},"excerpt":{"rendered":"Politiet kj\u00f8pte tusenvis av nakenbilder og -videoer for \u00e5 verifisere bevis i \u00abGuttas dr\u00f8m\u00bb-saken. Ankesaken mot den tiltalte&hellip;\n","protected":false},"author":2,"featured_media":321872,"comment_status":"","ping_status":"","sticky":false,"template":"","format":"standard","meta":{"footnotes":"","_share_on_mastodon":"0"},"categories":[5],"tags":[1468,20,21,24,25,15,19,148,1957,22,23,17,18,13,30,28,29,14,16,26,27],"class_list":["post-321871","post","type-post","status-publish","format-standard","has-post-thumbnail","category-overskrifter","tag-borgarting-lagmannsrett","tag-breaking-news","tag-breakingnews","tag-featured-news","tag-featurednews","tag-headlines","tag-hovedoppslag","tag-kriminalitet","tag-kripos","tag-latest-news","tag-latestnews","tag-main-news","tag-mainnews","tag-news","tag-no","tag-norge","tag-norway","tag-nyheter","tag-overskrifter","tag-top-stories","tag-topstories"],"share_on_mastodon":{"url":"https:\/\/pubeurope.com\/@no\/117090218073446925","error":""},"_links":{"self":[{"href":"https:\/\/www.europesays.com\/no\/wp-json\/wp\/v2\/posts\/321871","targetHints":{"allow":["GET"]}}],"collection":[{"href":"https:\/\/www.europesays.com\/no\/wp-json\/wp\/v2\/posts"}],"about":[{"href":"https:\/\/www.europesays.com\/no\/wp-json\/wp\/v2\/types\/post"}],"author":[{"embeddable":true,"href":"https:\/\/www.europesays.com\/no\/wp-json\/wp\/v2\/users\/2"}],"replies":[{"embeddable":true,"href":"https:\/\/www.europesays.com\/no\/wp-json\/wp\/v2\/comments?post=321871"}],"version-history":[{"count":0,"href":"https:\/\/www.europesays.com\/no\/wp-json\/wp\/v2\/posts\/321871\/revisions"}],"wp:featuredmedia":[{"embeddable":true,"href":"https:\/\/www.europesays.com\/no\/wp-json\/wp\/v2\/media\/321872"}],"wp:attachment":[{"href":"https:\/\/www.europesays.com\/no\/wp-json\/wp\/v2\/media?parent=321871"}],"wp:term":[{"taxonomy":"category","embeddable":true,"href":"https:\/\/www.europesays.com\/no\/wp-json\/wp\/v2\/categories?post=321871"},{"taxonomy":"post_tag","embeddable":true,"href":"https:\/\/www.europesays.com\/no\/wp-json\/wp\/v2\/tags?post=321871"}],"curies":[{"name":"wp","href":"https:\/\/api.w.org\/{rel}","templated":true}]}}