{"id":322085,"date":"2026-08-14T04:46:13","date_gmt":"2026-08-14T04:46:13","guid":{"rendered":"https:\/\/www.europesays.com\/no\/322085\/"},"modified":"2026-08-14T04:46:13","modified_gmt":"2026-08-14T04:46:13","slug":"asker-live-asker-jeg-elsket-oslo-men-med-barn-var-det-deilig-a-flytte-hit","status":"publish","type":"post","link":"https:\/\/www.europesays.com\/no\/322085\/","title":{"rendered":"Asker Live, Asker | \u2013 Jeg elsket Oslo, men med barn var det deilig \u00e5 flytte hit"},"content":{"rendered":"\n<p>Han har st\u00e5tt foran titusenvis av hoppende festivalgjengere, levert noen av Norgeshistoriens mest slitesterke hiphop-l\u00e5ter og spilt opptil 200 konserter i \u00e5ret.<\/p>\n<p>Over 20 \u00e5r har g\u00e5tt siden Klovner i Kamp snudde norsk musikkbransje p\u00e5 hodet med albumet Bj\u00f8lsen Hospital og ikoniske l\u00e5ter som Kaninkoker og Nattens S\u00f8nner.<\/p>\n<p>For 11 \u00e5r siden byttet Aslak Hartberg ut bylivet med Asker-idyll. Han bor p\u00e5 Vak\u00e5s med kone og tre s\u00f8nner. <\/p>\n<p>\u2013 Jeg elsket \u00e5 bo i Oslo som ung, men etter at vi fikk barn var det deilig \u00e5 flytte ut hit. Jeg har trivdes fra f\u00f8rste dag. Dagen blir aller best hvis jeg rekker en runde rundt Semsvannet, og det gj\u00f8r jeg nesten hver dag. Om vinteren g\u00e5r jeg p\u00e5 ski i marka, forteller han.<\/p>\n<p>Neste helg st\u00e5r han p\u00e5 scenen under Asker Live, foran naboer, venner og gamle og nye fans.<\/p>\n<p>  <a href=\"https:\/\/www.budstikka.no\/5-55-2337692\" class=\"related-teaser has-image article--c-MkAkR\" rel=\"nofollow noopener\" target=\"_blank\"><\/p>\n<p>    <img decoding=\"async\" width=\"155\"  loading=\"lazy\"  src=\"https:\/\/www.europesays.com\/no\/wp-content\/uploads\/2026\/08\/Elise+Hatl%C3%B8.jpg\" alt=\"\" class=\"brick-c-cFOWSL\" style=\"\"\/><\/p>\n<p>\n            Les ogs\u00e5<\/p>\n<p>            Elise (45) lover stor fest i Asker: \u2013 Tusen ting skal ordnes!\n        <\/p>\n<p>  <\/a><br \/>\n  Kj\u00f8per ikke nye kl\u00e6r<\/p>\n<p>Aslak Hartberg er glad i Asker sentrum. <\/p>\n<p>\u2013 De to siste b\u00f8kene mine har jeg skrevet delvis p\u00e5 biblioteket og delvis p\u00e5 Kaffebrenneriet. Det synes jeg er koselige steder, sier han. <\/p>\n<p>Hvis resten av gutta i Klovner i Kamp tilbringer en dag i Asker, tar Aslak dem med rundt Semsvannet.<\/p>\n<p>\u2013 S\u00e5 stikker vi innom Mathallen p\u00e5 Trekanten. Jeg og Finger\u2019n (Thomas Gullestad, red.anm.) har en avtale om at vi ikke skal kj\u00f8pe nye kl\u00e6r. Derfor tar jeg dem med i gjenbruksbutikkene i Asker sentrum, eller p\u00e5 bruktmarked, forteller han.<\/p>\n<p>  <a href=\"https:\/\/www.budstikka.no\/5-55-2336107\" class=\"related-teaser has-image article--c-MkAkR\" rel=\"nofollow noopener\" target=\"_blank\"><\/p>\n<p>    <img decoding=\"async\" width=\"155\"  loading=\"lazy\"  src=\"https:\/\/www.europesays.com\/no\/wp-content\/uploads\/2026\/08\/%C3%98l+tett.jpeg\" alt=\"\" class=\"brick-c-cFOWSL\" style=\"\"\/><\/p>\n<p>\n            Les ogs\u00e5<\/p>\n<p>            \u00c5pner krana etter \u00f8lkr\u00f8ll\n        <\/p>\n<p>  <\/a><br \/>\n   \u2013 Hvorfor holder jeg p\u00e5 med dette?<\/p>\n<p>Alle i bandet driver ogs\u00e5 med andre prosjekter. <\/p>\n<p>\u2013 Vi er tr\u00f8tte p\u00e5 fredagskvelden, vi som alle andre. N\u00e5r vi skal ut og spille, venter ikke sofaen. Vi setter oss i bilen, kj\u00f8rer noen timer, har lydpr\u00f8ver, venter og g\u00e5r kanskje p\u00e5 scenen en time f\u00f8r midnatt, forteller han.<\/p>\n<p>Av og til, n\u00e5r klokken er kvart p\u00e5 elleve en l\u00f8rdagskveld, lurer han p\u00e5 hvorfor han fortsatt holder p\u00e5 med dette. Men bedyrer at det alltid blir veldig g\u00f8y. <\/p>\n<p>\u2013 I det samme vi l\u00f8per ut p\u00e5 scenen og h\u00f8rer br\u00f8let fra publikum, er det som om vi er tyve \u00e5r igjen, sier han.<\/p>\n<p>Aslak Hartberg mener den st\u00f8rste forskjellen p\u00e5 \u00e5 spille konserter som 45\u201350-\u00e5ringer, sammenlignet med da de var i 20-\u00e5rene, er at de g\u00e5r og legger seg rett etter konserten.<\/p>\n<p>\u2013 Det blir minimalt med fest \u2013 mandag morgen venter en ny arbeidsuke med jobb, plenklipp, vedlikehold av hus og hjem og familieliv \u2013 det viktigste av alt, sier han.<\/p>\n<p>  <a href=\"https:\/\/www.budstikka.no\/5-55-2259320\" class=\"related-teaser has-image article--c-MkAkR\" rel=\"nofollow noopener\" target=\"_blank\"><\/p>\n<p>    <img decoding=\"async\" width=\"155\"  loading=\"lazy\"  src=\"https:\/\/www.europesays.com\/no\/wp-content\/uploads\/2026\/08\/NTB_aAG2YuN4_V0.jpg\" alt=\"\" class=\"brick-c-cFOWSL\" style=\"\"\/><\/p>\n<p>\n            Les ogs\u00e5<\/p>\n<p>            Pet Shop Boys til Fornebu\n        <\/p>\n<p>  <\/a><br \/>\n  Spiller for naboer og venner<\/p>\n<p>Om f\u00e5 dager forvandles r\u00e5dhusparken til festivalomr\u00e5de for Asker Live. For rapperen blir det en spesiell opplevelse \u00e5 st\u00e5 p\u00e5 scenen i sitt eget nabolag.<\/p>\n<p>\u2013 Jeg gleder meg! N\u00e5 kommer det folk jeg skal m\u00f8te i skoleg\u00e5rden uken etter og p\u00e5 butikken. Det blir en stor fest med mennesker jeg er glad i, foreldre til barnas venner og naboer. Det er herlig med et lokalsamfunn, sier han. <\/p>\n<p>Klovner i Kamps publikum best\u00e5r av b\u00e5de gamle fans fra tidlig p\u00e5 2000-tallet og ungdommer. <\/p>\n<p>\u2013 Det store mysteriet er jo at musikken v\u00e5r fenger folk i alle aldre, av en aller annen rar grunn! Det er alltid masse unge folk p\u00e5 konsert. Vi er b\u00e5de takknemlige og glade for at nye generasjoner oppdager musikken v\u00e5r, sier han.<\/p>\n<p>\u2013 Vet aldri hva som sl\u00e5r an<\/p>\n<p>Hartberg tror ikke Asker-publikummet skiller seg fra publikummet andre steder.<\/p>\n<p>\u2013 Vi spilte p\u00e5 Hvalstrandfestivalen for noen \u00e5r siden, det var god stemning og kjempeg\u00f8y!<\/p>\n<p>Nylig spilte bandet p\u00e5 Skeikampen, der flere tusen mennesker var p\u00e5 konsert innpakket i ull og allv\u00e6rsjakker.<\/p>\n<p>\u2013 Det var s\u00e5 moro \u2013 vi opplever at publikum koser seg overalt, enten det er sol, storm eller \u00f8sende regn, forteller han.<\/p>\n<p>   <img decoding=\"async\" width=\"4724\" height=\"3155\" fetchpriority=\"low\"  loading=\"lazy\"  src=\"https:\/\/www.europesays.com\/no\/wp-content\/uploads\/2026\/08\/26_kul_hvalstrand_kik_5.jpg\" alt=\"\" class=\"brick-c-cFOWSL\" style=\"--brick-image-ratio: 4724 \/ 3155;\"\/><\/p>\n<p>      Klovner i Kamp i aksjon p\u00e5 Hvalstrandfestivalen i 2017.<br \/>\n      Foto: JOAKIM S. ENGER\n    <\/p>\n<p>N\u00e5r bandet tr\u00e5r til med l\u00e5ta \u00abLangt \u00e5 g\u00e5\u00bb blir det ofte allsang.<\/p>\n<p>\u2013 Jeg skrev den til en Fl\u00e5klypafilm, og tenkte ikke at Klovner i Kamp skulle spille den p\u00e5 konserter i det hele tatt. S\u00e5 spilte vi den en gang, og det tok jo helt av. Det er aldri lett \u00e5 vite hva som sl\u00e5r an, det er noe av det morsomme i denne bransjen, sier han.<\/p>\n<p>Nye prosjekter<\/p>\n<p>I dag spiller bandet rundt ti konserter i \u00e5ret. Aslak Hartberg jobber med musikk og produserer plater for andre artister. <\/p>\n<p>Han har ogs\u00e5 utdannet seg til kognitiv terapeut. Han driver egen praksis, og hjelper folk som har angstanfall, fobier og OCD. <\/p>\n<p>   <img decoding=\"async\" width=\"5464\" height=\"8192\" fetchpriority=\"low\"  loading=\"lazy\"  src=\"https:\/\/www.europesays.com\/no\/wp-content\/uploads\/2026\/08\/HARTBERG-030.jpg\" alt=\"\" class=\"brick-c-cFOWSL\" style=\"--brick-image-ratio: 5464 \/ 8192;\"\/><\/p>\n<p>      Aslak Hartberg er utdannet pedagog og jazzmusiker ved Norges Musikkh\u00f8gskole, og i senere tid ogs\u00e5 kognitiv terapeut.<br \/>\n      Foto: KNUT BJERKE\n    <\/p>\n<p>Som ung opplevde han selv panikkangst, og fikk hjelp til \u00e5 bli kvitt det. <\/p>\n<p>\u2013 Jeg ser at folk synes det er godt \u00e5 snakke med en som selv har erfart dette, og har funnet gode metoder for \u00e5 komme ut av det, sier han.<\/p>\n<p>Klovner i Kamp har ingen konkrete planer om \u00e5 lage ny musikk. <\/p>\n<p>\u2013 Det er en sakteg\u00e5ende materie. Vi har helt flat struktur i bandet, noe som betyr at ingen tar ansvar. N\u00e5r vi alle tre blir enige om \u00e5 gi ut noe nytt, s\u00e5 kommer det, sier han og smiler.<\/p>\n<p>Klar for folkefest<\/p>\n<p>Om noen dager er Klovner i Kamp klare til \u00e5 m\u00f8te et publikum i ekstase i R\u00e5dhusparken.<\/p>\n<p>Selv om bandet har holdt det g\u00e5ende i flere ti\u00e5r, er energien p\u00e5 scenen den samme. Hartberg lover at Asker-publikumet skal f\u00e5 alt de forventer \u2013 og litt til.<\/p>\n<p>\u2013 Kom p\u00e5 festival! Vi skal lage fest i Asker, og gutta og jeg gleder oss veldig. Her skal vi levere, sier han.<\/p>\n","protected":false},"excerpt":{"rendered":"Han har st\u00e5tt foran titusenvis av hoppende festivalgjengere, levert noen av Norgeshistoriens mest slitesterke hiphop-l\u00e5ter og spilt opptil&hellip;\n","protected":false},"author":2,"featured_media":322086,"comment_status":"","ping_status":"","sticky":false,"template":"","format":"standard","meta":{"footnotes":"","_share_on_mastodon":"0"},"categories":[58],"tags":[36,996,25547,71,3616,30,28,29,1510,72],"class_list":["post-322085","post","type-post","status-publish","format-standard","has-post-thumbnail","category-underholdning","tag-art","tag-asker","tag-asker-live","tag-entertainment","tag-klovner-i-kamp","tag-no","tag-norge","tag-norway","tag-story","tag-underholdning"],"share_on_mastodon":{"url":"https:\/\/pubeurope.com\/@no\/117092050157466812","error":""},"_links":{"self":[{"href":"https:\/\/www.europesays.com\/no\/wp-json\/wp\/v2\/posts\/322085","targetHints":{"allow":["GET"]}}],"collection":[{"href":"https:\/\/www.europesays.com\/no\/wp-json\/wp\/v2\/posts"}],"about":[{"href":"https:\/\/www.europesays.com\/no\/wp-json\/wp\/v2\/types\/post"}],"author":[{"embeddable":true,"href":"https:\/\/www.europesays.com\/no\/wp-json\/wp\/v2\/users\/2"}],"replies":[{"embeddable":true,"href":"https:\/\/www.europesays.com\/no\/wp-json\/wp\/v2\/comments?post=322085"}],"version-history":[{"count":0,"href":"https:\/\/www.europesays.com\/no\/wp-json\/wp\/v2\/posts\/322085\/revisions"}],"wp:featuredmedia":[{"embeddable":true,"href":"https:\/\/www.europesays.com\/no\/wp-json\/wp\/v2\/media\/322086"}],"wp:attachment":[{"href":"https:\/\/www.europesays.com\/no\/wp-json\/wp\/v2\/media?parent=322085"}],"wp:term":[{"taxonomy":"category","embeddable":true,"href":"https:\/\/www.europesays.com\/no\/wp-json\/wp\/v2\/categories?post=322085"},{"taxonomy":"post_tag","embeddable":true,"href":"https:\/\/www.europesays.com\/no\/wp-json\/wp\/v2\/tags?post=322085"}],"curies":[{"name":"wp","href":"https:\/\/api.w.org\/{rel}","templated":true}]}}