{"id":322427,"date":"2026-08-14T11:07:21","date_gmt":"2026-08-14T11:07:21","guid":{"rendered":"https:\/\/www.europesays.com\/no\/322427\/"},"modified":"2026-08-14T11:07:21","modified_gmt":"2026-08-14T11:07:21","slug":"fritz-aanes-rampenisse-rampenissen-er-tilbake-narvik-kjendis-klar","status":"publish","type":"post","link":"https:\/\/www.europesays.com\/no\/322427\/","title":{"rendered":"Fritz aanes, Rampenisse | \u00abRampenissen\u00bb er tilbake \u2013 Narvik-kjendis klar"},"content":{"rendered":"\n<p>Etter en f\u00f8rste sesong med over \u00e9n million seere p\u00e5 \u00e5pningsepisoden og et snitt p\u00e5 over 700 000 seere totalt, gj\u00f8r TV 2 klar en ny runde av julesatsingen \u00abRampenissen\u00bb, melder TV2 i en pressemelding. Serien ble ogs\u00e5 nominert til \u00ab\u00c5rets nyskapning\u00bb under Gullruten i mai.<\/p>\n<p>\u2013 At den nye gjengen med kjendiser skal f\u00e5 kj\u00f8rt seg gjennom hele f\u00f8rjulstiden, er det liten tvil om. Rampenissen er minst like uforutsigbar som i fjor, da over en million seere fulgte serien p\u00e5 det meste. Vi gleder oss til \u00e5 vise fram oppf\u00f8lgeren etter fjor\u00e5rets store julesuksess p\u00e5 TV 2, sier programredakt\u00f8r Trygve R\u00f8nningen.<\/p>\n<p>Blant de 25 rampenissene som er med, kommer garantert en av de mest rampete til \u00e5 v\u00e6re narviking.<\/p>\n<p>Tidligere bryter Fritz Aanes har v\u00e6rt fast mann p\u00e5 en rekke realityshow, etter at han ble en sv\u00e6rt popul\u00e6r skikkelse i dokumentaren Hode i klemme. Blant programmene har har deltatt i er Skal vi danse og 71 grader nord.<\/p>\n<p>Slik fungerer julespillet<\/p>\n<p>Rampenissen er en utspekulert og rampete nisse som har invitert 25 kjente profiler til et humoristisk julespill i studio. Hver dag presenteres en ny konkurranse som deltakerne m\u00e5 l\u00f8se.<\/p>\n<p>\u00c9n deltaker rykker ut hver dag fram til julaften, s\u00e5 den som best klarer \u00e5 man\u00f8vrere seg gjennom Rampenissens utspekulerte spill, er den som st\u00e5r igjen som vinner p\u00e5 julaften.<\/p>\n<p>Aurora Gude f\u00e5r ny sjanse<\/p>\n<p>Blant de 25 deltakerne gj\u00f8r influenser og TV-profil Aurora Gude et uventet comeback, etter at hun r\u00f8yk ut allerede i f\u00f8rste episode forrige sesong.<\/p>\n<p>   <img decoding=\"async\" width=\"7008\" height=\"4672\" fetchpriority=\"low\"  loading=\"lazy\"  src=\"https:\/\/www.europesays.com\/no\/wp-content\/uploads\/2026\/08\/Aurora+Gude+p+Viaplays+vrlansering.bin.jpeg\" alt=\"\" class=\"brick-c-cFOWSL\" style=\"--brick-image-ratio: 7008 \/ 4672;\"\/><\/p>\n<p>      NY SJANSE: Aurora Gude r\u00f8yk ut i f\u00f8rste episode i fjor. N\u00e5 gj\u00f8r TV-profilen comeback i \u00e5rets sesong av \u00abRampenissen\u00bb p\u00e5 TV 2.<br \/>\n      Foto: H\u00e5vard Hjorthaug Vege (Nettavisen)\n    <\/p>\n<p>\u2013 Det var veldig hyggelig \u00e5 f\u00e5 komme tilbake, men jeg m\u00e5 innr\u00f8mme at jeg ble nesten litt redd og. Hva om nissen sier at jeg bare m\u00e5 dra igjen fordi jeg fikk sjansen i fjor, man vet jo aldri med Rampenissen, sier Gude sm\u00e5tt bekymret. <\/p>\n<p>Rampenissen, som vi m\u00f8ter som en fysisk dukke i studio, vil hver dag presentere en ny konkurranse som deltakerne m\u00e5 gj\u00f8re sitt beste for \u00e5 l\u00f8se. P\u00e5 kontrollrommet sitter ogs\u00e5 i \u00e5r Harald Eia, Else K\u00e5ss Furuseth og Oskar Westerlin. Det er denne trekl\u00f8veren som er den egentlige Rampenissen, og som styrer alt Rampenissen gj\u00f8r i studio.<\/p>\n<p><b>Les ogs\u00e5: <a href=\"https:\/\/www.nettavisen.no\/kjendis\/aurora-gude-om-ensomhet-i-sommer-det-var-ingenting-a-gjore\/s\/5-95-3167334\" rel=\"Follow nofollow noopener\" target=\"_blank\">\u00c5pner opp om ensomhet: \u2013 Mye tid til overs<\/a><\/b><\/p>\n<p>\u2013 Men jeg har jo en fordel, jeg vet jo hvor rampete den nissen kan v\u00e6re. Jeg har f\u00e5tt skrudd p\u00e5 hodet mitt, og er klar for spillet. Jeg er bedre forberedt og dobbelt s\u00e5 paranoid, ler Aurora Gude. <\/p>\n<p>Dette er de 25 deltakerne i Rampenissen<\/p>\n<p>Her er den fullstendige oversikten over kjendisene som deltar i \u00e5rets sesong:<\/p>\n<p>Isabelle Ringnes \u2013 Forretningskvinne<\/p>\n<p>Kathrine Moholt \u2013 Programleder<\/p>\n<p>Aurora Gude \u2013 Influenser og TV-profil<\/p>\n<p>Jonas Strand Gravli \u2013 Skuespiller<\/p>\n<p>Gaute Orm\u00e5sen \u2013 Artist<\/p>\n<p>Mayoo Indiran \u2013 TV-profil<\/p>\n<p>Fritz Aanes \u2013 Tidligere bryter og TV-profil<\/p>\n<p>Fatima Deira \u2013 Milj\u00f8terapeut<\/p>\n<p>Alex Ros\u00e9n \u2013 Musiker og programleder<\/p>\n<p>Henrik Thodesen \u2013 Komiker<\/p>\n<p>Eli Hagen \u2013 Tidligere politisk r\u00e5dgiver<\/p>\n<p>Iman Meskini \u2013 Skuespiller<\/p>\n<p>Lars Henriksen \u2013 Influenser<\/p>\n<p>Naomi Oseki \u2013 Influenser<\/p>\n<p>Kevin Lauren \u2013 Artist<\/p>\n<p>Alexander Bonsaksen \u2013 Tidligere hockeyproff<\/p>\n<p>Mona Berntsen \u2013 Danser<\/p>\n<p>Snorre Klanderud \u2013 Influenser<\/p>\n<p>Olaug Bollestad \u2013 Politiker<\/p>\n<p>Noman Mubashir \u2013 Programleder<\/p>\n<p>Fredrik Kval\u00f8y \u2013 Komiker<\/p>\n<p>Helle Staff \u2013 Influenser og programleder<\/p>\n<p>Sarah Natasha Melbye \u2013 Programleder og TV-produsent<\/p>\n<p>Anders Jacobsen \u2013 Tidligere skihopper<\/p>\n<p>Ulrikke Louise Wiik \u2013 Programleder<\/p>\n","protected":false},"excerpt":{"rendered":"Etter en f\u00f8rste sesong med over \u00e9n million seere p\u00e5 \u00e5pningsepisoden og et snitt p\u00e5 over 700 000&hellip;\n","protected":false},"author":2,"featured_media":322428,"comment_status":"","ping_status":"","sticky":false,"template":"","format":"standard","meta":{"footnotes":"","_share_on_mastodon":"0"},"categories":[58],"tags":[36,71,5210,30,28,29,11226,1510,1130,72],"class_list":["post-322427","post","type-post","status-publish","format-standard","has-post-thumbnail","category-underholdning","tag-art","tag-entertainment","tag-fritz-aanes","tag-no","tag-norge","tag-norway","tag-rampenisse","tag-story","tag-tv2","tag-underholdning"],"share_on_mastodon":{"url":"https:\/\/pubeurope.com\/@no\/117093547961557334","error":""},"_links":{"self":[{"href":"https:\/\/www.europesays.com\/no\/wp-json\/wp\/v2\/posts\/322427","targetHints":{"allow":["GET"]}}],"collection":[{"href":"https:\/\/www.europesays.com\/no\/wp-json\/wp\/v2\/posts"}],"about":[{"href":"https:\/\/www.europesays.com\/no\/wp-json\/wp\/v2\/types\/post"}],"author":[{"embeddable":true,"href":"https:\/\/www.europesays.com\/no\/wp-json\/wp\/v2\/users\/2"}],"replies":[{"embeddable":true,"href":"https:\/\/www.europesays.com\/no\/wp-json\/wp\/v2\/comments?post=322427"}],"version-history":[{"count":0,"href":"https:\/\/www.europesays.com\/no\/wp-json\/wp\/v2\/posts\/322427\/revisions"}],"wp:featuredmedia":[{"embeddable":true,"href":"https:\/\/www.europesays.com\/no\/wp-json\/wp\/v2\/media\/322428"}],"wp:attachment":[{"href":"https:\/\/www.europesays.com\/no\/wp-json\/wp\/v2\/media?parent=322427"}],"wp:term":[{"taxonomy":"category","embeddable":true,"href":"https:\/\/www.europesays.com\/no\/wp-json\/wp\/v2\/categories?post=322427"},{"taxonomy":"post_tag","embeddable":true,"href":"https:\/\/www.europesays.com\/no\/wp-json\/wp\/v2\/tags?post=322427"}],"curies":[{"name":"wp","href":"https:\/\/api.w.org\/{rel}","templated":true}]}}