{"id":32261,"date":"2025-09-11T06:56:09","date_gmt":"2025-09-11T06:56:09","guid":{"rendered":"https:\/\/www.europesays.com\/no\/32261\/"},"modified":"2025-09-11T06:56:09","modified_gmt":"2025-09-11T06:56:09","slug":"europa-skal-konkurrere-ut-kinesiske-elbiler","status":"publish","type":"post","link":"https:\/\/www.europesays.com\/no\/32261\/","title":{"rendered":"Europa skal konkurrere ut kinesiske elbiler"},"content":{"rendered":"<p class=\"kicker text-red color_mobile_text-red\" style=\"\">Ursula Von der Leyen:\u00a0<\/p>\n<p>  &#8211; Bilene skal utvikles og produseres i Europa &#8211; ogs\u00e5 batteriene.\u00a0<\/p>\n<p>\n    SKAL KJEMPE: Ursula Von der Leyen \u00f8nsker \u00e5 sikre europeisk bilindustri og g\u00e5r rett p\u00e5 elbilene. Foto: Vyacheslav Oseledko \/ AFP \/ NTB\n  <\/p>\n<p>(Elbil24): EU-kommisjonens president Ursula von der<br \/>\nLeyen holdt en tale i Europaparlamentet i Strasbourg denne uken. Der brukte hun store deler<br \/>\nav sin tale p\u00e5 \u00e5 tegne opp fremtiden for europeisk bilindustri. Budskapet var<br \/>\nklart: elektriske biler er ikke lenger et sp\u00f8rsm\u00e5l om hvis, men hvordan.<\/p>\n<p>\u2013 Uansett hva, fremtiden er elektrisk. Og<br \/>\nEuropa skal v\u00e6re en del av den, slo hun fast foran et fullsatt parlament.<\/p>\n<p>Batterier er n\u00f8kkelen \t<\/p>\n<p>Von der Leyen beskrev batteriteknologi som<br \/>\nselve hj\u00f8rnesteinen i overgangen til ren energi. <\/p>\n<p>\u2013 Batterier er en n\u00f8kkelen til andre gr\u00f8nne<br \/>\nteknologier \u2013 s\u00e6rlig elektriske kj\u00f8ret\u00f8y, sa hun, og la vekt p\u00e5 at EU<br \/>\nikke kan v\u00e6re avhengig av import dersom kontinentet skal sikre b\u00e5de klimam\u00e5l og<br \/>\nindustriarbeidsplasser.<\/p>\n<p>Hun minnet om at produksjonen av batterier og<br \/>\nelbiler ikke bare handler om \u00e5 n\u00e5 utslippsm\u00e5l, men om strategisk<br \/>\nselvstendighet. I dag er store deler av verdikjeden dominert av asiatiske<br \/>\nselskaper, og Europa risikerer \u00e5 havne i bakleksa dersom man ikke trapper opp<br \/>\ninnsatsen.<\/p>\n<p>    <a itemprop=\"url\" href=\"https:\/\/www.elbil24.no\/pro\/bildesignere-flykter-til-kina\/83443058\" rel=\"nofollow noopener\" target=\"_blank\"><\/p>\n<p>      <img loading=\"lazy\" decoding=\"async\" src=\"https:\/\/www.europesays.com\/no\/wp-content\/uploads\/2025\/09\/1757573768_860_83443120.webp\" width=\"980\" height=\"441\" title=\"Bildesignere flykter til Kina\" alt=\"\" class=\"lazyload\" style=\"--aspect-ratio-image: 2.22; \"\/><\/p>\n<p>        Bildesignere flykter til Kina<\/p>\n<p>    <\/a><\/p>\n<p>Biler bygget i Europa<\/p>\n<p>Et av de mest tydelige poengene var behovet<br \/>\nfor \u00e5 beholde bilproduksjon i Europa, for hun er smertelig klar over hva en s\u00e5<br \/>\ngigantisk bransje betyr for Europa. <\/p>\n<p>\u2013 Fremtidens biler \u2013 og bilene fra fremtiden \u2013 m\u00e5 bygges i<br \/>\nEuropa, la hun til.<\/p>\n<p>Dette er et budskap som resonnerer i flere<br \/>\nmedlemsland hvor bilindustrien er en b\u00e6rebjelke for \u00f8konomien \u2013 fra Tyskland og<br \/>\nFrankrike til Italia og Spania. Von der Leyen fors\u00f8kte \u00e5 samle parlamentet om<br \/>\net l\u00f8fte: Omstillingen skal ikke bety tap av arbeidsplasser, men skape nye,<br \/>\ngr\u00f8nne jobber.<\/p>\n<p>Rimelige biler for folk flest<\/p>\n<p>Samtidig understreket hun at elbiler ikke bare kan v\u00e6re<br \/>\nluksusprodukter for en liten del av befolkningen. <\/p>\n<p>\u00abMillioner av europeere \u00f8nsker \u00e5 kj\u00f8pe rimelige europeiske<br \/>\nbiler\u00bb, sa hun, og slo fast at det europeiske markedet m\u00e5 kunne tilby<br \/>\nrimelige alternativer.<\/p>\n<p>Dette er en tydelig adresse b\u00e5de til<br \/>\nbilprodusentene og til medlemslandene, som gjennom skatter og avgifter kan<br \/>\np\u00e5virke prissettingen. Det er ogs\u00e5 et svar p\u00e5 den \u00f8kende konkurransen fra<br \/>\nkinesiske produsenter, som allerede dominerer i lavprissegmentet.<\/p>\n<p>    <a itemprop=\"url\" href=\"https:\/\/www.elbil24.no\/pro\/kinesiske-elbiler-dette-gir-eierne-i-terningkast\/83423942\" rel=\"nofollow noopener\" target=\"_blank\"><\/p>\n<p>      <img loading=\"lazy\" decoding=\"async\" src=\"https:\/\/www.europesays.com\/no\/wp-content\/uploads\/2025\/09\/1757573769_982_80299827.webp\" width=\"980\" height=\"441\" title=\"Kinesiske elbiler: Dette gir norske eiere i terningkast\" alt=\"\" class=\"lazyload\" style=\"--aspect-ratio-image: 2.22; \"\/><\/p>\n<p>        Kinesiske elbiler: Dette gir norske eiere i terningkast<\/p>\n<p>    <\/a><\/p>\n<p>Strategisk industripolitikk<\/p>\n<p>Von der Leyens tale m\u00e5 ogs\u00e5 ses i lys av en<br \/>\nbredere strategi: \u00e5 styrke Europas konkurransekraft i en tid hvor b\u00e5de USA og<br \/>\nKina subsidierer gr\u00f8nn industri tungt. Hun koblet klimaambisjoner direkte til<br \/>\nindustriell politikk og signaliserte at EU vil m\u00f8te konkurransen med en mer<br \/>\naktiv statlig rolle.<\/p>\n<p>Talen blir dermed ikke bare st\u00e5ende som en<br \/>\nerkl\u00e6ring om klimapolitikk, men som et veikart for europeisk industri i en ny<br \/>\n\u00e6ra. Den peker mot et Europa som ikke bare skal kutte utslipp, men som ogs\u00e5 vil<br \/>\nsikre at verdiskapningen fra den gr\u00f8nne omstillingen skjer p\u00e5 europeisk jord.<\/p>\n<p>Store satsinger<\/p>\n<p>Blant viktige n\u00f8kkelfaktorer vet vi fra f\u00f8r at<br \/>\ndet er fremmet forslag om forbud mot fossildrevne biler fra 2035. Det er nok<br \/>\nogs\u00e5 en drivkraft for Von der Leyen at 70 prosent av verdens batteriproduksjon<br \/>\nskjer i Asia \u2013 hovedsaklig Kina. Europa er p\u00e5 sin side sterkt avhengig av<br \/>\nimport, og Elbil24 har mang en gang minnet om at det sitter kinesiske batterier<br \/>\ni brorparten av elbiler som selges fra andre bilprodusenter enn de kinesiske. <\/p>\n<p>Fram mot 2030 er det planer for over 40 gigafabrikker<br \/>\ni Europa, selv om vi per i dag bare har en h\u00e5ndfull som er i drift. <\/p>\n<p>Bare for \u00e5 sette bilbransjen i et perspektiv,<br \/>\ns\u00e5 sysselsetter bilsektoren rundt 14 millioner mennesker i EU og st\u00e5r for<br \/>\nrundt 7 % av BNP. Er det rart Von der Leyen er opptatt av biler?<\/p>\n","protected":false},"excerpt":{"rendered":"Ursula Von der Leyen:\u00a0 &#8211; Bilene skal utvikles og produseres i Europa &#8211; ogs\u00e5 batteriene.\u00a0 SKAL KJEMPE: Ursula&hellip;\n","protected":false},"author":2,"featured_media":32262,"comment_status":"","ping_status":"","sticky":false,"template":"","format":"standard","meta":{"footnotes":""},"categories":[56],"tags":[581,60,61,267,5138,5139,62,30,28,29,14,2155],"class_list":{"0":"post-32261","1":"post","2":"type-post","3":"status-publish","4":"format-standard","5":"has-post-thumbnail","7":"category-naeringsliv","8":"tag-batterier","9":"tag-business","10":"tag-economy","11":"tag-elbil","12":"tag-elbiler","13":"tag-europaparlamentet","14":"tag-naeringsliv","15":"tag-no","16":"tag-norge","17":"tag-norway","18":"tag-nyheter","19":"tag-ursula-von-der-leyen"},"share_on_mastodon":{"url":"","error":""},"_links":{"self":[{"href":"https:\/\/www.europesays.com\/no\/wp-json\/wp\/v2\/posts\/32261","targetHints":{"allow":["GET"]}}],"collection":[{"href":"https:\/\/www.europesays.com\/no\/wp-json\/wp\/v2\/posts"}],"about":[{"href":"https:\/\/www.europesays.com\/no\/wp-json\/wp\/v2\/types\/post"}],"author":[{"embeddable":true,"href":"https:\/\/www.europesays.com\/no\/wp-json\/wp\/v2\/users\/2"}],"replies":[{"embeddable":true,"href":"https:\/\/www.europesays.com\/no\/wp-json\/wp\/v2\/comments?post=32261"}],"version-history":[{"count":0,"href":"https:\/\/www.europesays.com\/no\/wp-json\/wp\/v2\/posts\/32261\/revisions"}],"wp:featuredmedia":[{"embeddable":true,"href":"https:\/\/www.europesays.com\/no\/wp-json\/wp\/v2\/media\/32262"}],"wp:attachment":[{"href":"https:\/\/www.europesays.com\/no\/wp-json\/wp\/v2\/media?parent=32261"}],"wp:term":[{"taxonomy":"category","embeddable":true,"href":"https:\/\/www.europesays.com\/no\/wp-json\/wp\/v2\/categories?post=32261"},{"taxonomy":"post_tag","embeddable":true,"href":"https:\/\/www.europesays.com\/no\/wp-json\/wp\/v2\/tags?post=32261"}],"curies":[{"name":"wp","href":"https:\/\/api.w.org\/{rel}","templated":true}]}}