{"id":323,"date":"2025-08-06T07:00:41","date_gmt":"2025-08-06T07:00:41","guid":{"rendered":"https:\/\/www.europesays.com\/no\/323\/"},"modified":"2025-08-06T07:00:41","modified_gmt":"2025-08-06T07:00:41","slug":"dnb-lanserer-digital-investeringsradgiver-dnb-nyheter","status":"publish","type":"post","link":"https:\/\/www.europesays.com\/no\/323\/","title":{"rendered":"DNB lanserer digital investeringsr\u00e5dgiver &#8211; DNB Nyheter"},"content":{"rendered":"<p>    Investeringsalternativene<\/p>\n<p>\u2013 For \u00e5 gi deg en god sammensetning av sparingen trenger den digitale r\u00e5dgiveren \u00e5 vite hvor mye du kan spare, hvor lenge du \u00f8nsker \u00e5 spare, hvilken risiko du er komfortabel med \u00e5 h\u00e5ndtere og hensikten med sparingen din. Den stiller mange av de samme sp\u00f8rsm\u00e5lene som en menneskelig investeringsr\u00e5dgiver ville stilt, sier Ganji.<\/p>\n<p>Den sp\u00f8r ogs\u00e5 om du foretrekker <a href=\"https:\/\/www.dnb.no\/sparing\/fond\/indeksfond\" target=\"_blank\" rel=\"nofollow noopener\">indeksforvaltning<\/a> eller <a href=\"https:\/\/www.dnb.no\/sparing\/fond\/aksjefond\" target=\"_blank\" rel=\"nofollow noopener\">aktiv forvaltning<\/a> og om du \u00f8nsker en mer b\u00e6rekraftig sparing. Du f\u00e5r opp alternativer hvor du huker av det som er n\u00e6rmest det du syns passer for deg og dine \u00f8nsker.<\/p>\n<p>\u2013 Basert p\u00e5 svarene dine f\u00e5r du et konkret investeringsforslag som du kan vurdere n\u00e6rmere, eller inng\u00e5 en avtale om \u00e5 gjennomf\u00f8re, sier Ganji.<\/p>\n<p>Du f\u00e5r ogs\u00e5 en hypotetisk framstilling av utviklingen av portef\u00f8ljen framover. Investeringene settes i den mest hensiktsmessige kontoformen, eksempelvis <a href=\"https:\/\/www.dnb.no\/sparing\/aksjesparekonto\" target=\"_blank\" rel=\"nofollow noopener\">aksjesparekonto for aksjefond<\/a>.<\/p>\n<p>\u2013 Deretter vil du tilbys en l\u00f8pende oppf\u00f8lging \u00e5rlig. Det er viktig \u00e5 b\u00e5de sjekke at du er p\u00e5 rett vei og justere dersom \u00f8nsker og forutsetninger har endret seg, sier Ganji.<\/p>\n<p>\u00c5rlig justering av sparingen<\/p>\n<p>Sparingen blir deretter justert for \u00e5 ta hensyn til eventuelle endringer, eller at noen av fondene har stukket fra med h\u00f8yere avkastning og at posisjonen dermed b\u00f8r trimmes for \u00e5 f\u00e5 den innenfor det som er i planen.<\/p>\n<p>\u2013 Det er verdt \u00e5 huske p\u00e5 at salg av fond som har hatt gevinst, kan ha skattemessige konsekvenser, sier Ganji.<\/p>\n<p>Innenfor aksjesparekonto kan du riktignok ta ut innskudd pluss opparbeidet skjermingsfradrag f\u00f8r du m\u00e5 skatte av gevinsten. Eventuelle tap kan gi rett til fradrag, i aksjesparekonto m\u00e5 du ha et sammenlagt tap p\u00e5 hele aksjesparekontoen. Tjenesten er gratis ut 2025, men er prislagt fra 2026 med en kostnad p\u00e5 0,3 prosent av markedsverdien av sparingen, i tillegg kommer kostnadene til de <a href=\"https:\/\/www.dnb.no\/sparing\/fond\/prismodell-for-fond\" target=\"_blank\" rel=\"nofollow noopener\">underliggende fondene og plattformhonorar<\/a>.\u00a0<\/p>\n","protected":false},"excerpt":{"rendered":"Investeringsalternativene \u2013 For \u00e5 gi deg en god sammensetning av sparingen trenger den digitale r\u00e5dgiveren \u00e5 vite hvor&hellip;\n","protected":false},"author":2,"featured_media":324,"comment_status":"","ping_status":"","sticky":false,"template":"","format":"standard","meta":{"footnotes":"","_share_on_mastodon":"0"},"categories":[56],"tags":[135,60,139,61,140,138,136,62,30,28,29,137],"class_list":["post-323","post","type-post","status-publish","format-standard","has-post-thumbnail","category-naeringsliv","tag-aksjefond","tag-business","tag-din-okonomiske-radgiver","tag-economy","tag-huninvesterer","tag-indeksfond","tag-kombinasjonsfond","tag-naeringsliv","tag-no","tag-norge","tag-norway","tag-rentefond"],"share_on_mastodon":{"url":"","error":""},"_links":{"self":[{"href":"https:\/\/www.europesays.com\/no\/wp-json\/wp\/v2\/posts\/323","targetHints":{"allow":["GET"]}}],"collection":[{"href":"https:\/\/www.europesays.com\/no\/wp-json\/wp\/v2\/posts"}],"about":[{"href":"https:\/\/www.europesays.com\/no\/wp-json\/wp\/v2\/types\/post"}],"author":[{"embeddable":true,"href":"https:\/\/www.europesays.com\/no\/wp-json\/wp\/v2\/users\/2"}],"replies":[{"embeddable":true,"href":"https:\/\/www.europesays.com\/no\/wp-json\/wp\/v2\/comments?post=323"}],"version-history":[{"count":0,"href":"https:\/\/www.europesays.com\/no\/wp-json\/wp\/v2\/posts\/323\/revisions"}],"wp:featuredmedia":[{"embeddable":true,"href":"https:\/\/www.europesays.com\/no\/wp-json\/wp\/v2\/media\/324"}],"wp:attachment":[{"href":"https:\/\/www.europesays.com\/no\/wp-json\/wp\/v2\/media?parent=323"}],"wp:term":[{"taxonomy":"category","embeddable":true,"href":"https:\/\/www.europesays.com\/no\/wp-json\/wp\/v2\/categories?post=323"},{"taxonomy":"post_tag","embeddable":true,"href":"https:\/\/www.europesays.com\/no\/wp-json\/wp\/v2\/tags?post=323"}],"curies":[{"name":"wp","href":"https:\/\/api.w.org\/{rel}","templated":true}]}}