{"id":323443,"date":"2026-08-15T11:39:11","date_gmt":"2026-08-15T11:39:11","guid":{"rendered":"https:\/\/www.europesays.com\/no\/323443\/"},"modified":"2026-08-15T11:39:11","modified_gmt":"2026-08-15T11:39:11","slug":"bokanmeldelse-anmeldelse-bok-av-remi-skytterstad-elva-som-renner-rundt-livet-apenbart-talent","status":"publish","type":"post","link":"https:\/\/www.europesays.com\/no\/323443\/","title":{"rendered":"Bokanmeldelse: Anmeldelse bok av Remi Skytterstad: \u00abElva som renner rundt livet\u00bb: \u00c5penbart talent!"},"content":{"rendered":"\n<p class=\"_prefix_nfjwc_1\">Bokanmeldelse\u00abElva som renner rundt livet\u00bb<\/p>\n<p>Terningkast 4 <\/p>\n<p class=\"_lead_145nj_2 _lead_6fko5_53 layout-component text-serif-m layout-normal text-serif-l _lead_1k67c_21 layout-component layout-normal layout-padded layout-padded\">Remi Skytterstad debuterer med en sterk, stri og s\u00e6rpreget roman som b\u00e6rer med seg en historie vi ikke b\u00f8r tie om.<\/p>\n<p>Jeg er forfatter, journalist og litteraturviter. Har jobbet som redakt\u00f8r i forlag, tidsskriftet Bokvennen og litteraturavisen BLA. Som forfatter har jeg skrevet fire b\u00f8ker. Bokanmelder i VG siden 2007. <\/p>\n<p><a href=\"https:\/\/www.vg.no\/rampelys\/i\/zOV43w\/mailto:moropost@gmail.com\" class=\"_button_6bkpv_2 button-label-large _filled_6bkpv_106 _button_1xhag_75\" rel=\"nofollow noopener\" target=\"_blank\">E-post<\/a><img alt=\"Remi Skytterstad (f. 1992) er f\u00f8dt og oppvokst i Tana. og underviser i pedagogikk ved universitet i Troms\u00f8. Foto: Vidar Dons Lindrupsen\/Oktober\" class=\"_image_jw3bv_65 layout-component layout-wide\" data-fullscreen- data-track-element-type=\"Article image fullscreen\" data-track-name=\"ImageFullscreen\" fetchpriority=\"high\" decoding=\"sync\" loading=\"eager\" height=\"889\" itemprop=\"image\"  src=\"https:\/\/www.europesays.com\/no\/wp-content\/uploads\/2026\/08\/2149f951-5f85-3579-bef7-2b51e8ac2ab1.jpeg\"  style=\"object-position:0% 0%\" width=\"1079\"\/>Remi Skytterstad (f. 1992) er f\u00f8dt og oppvokst i Tana. og underviser i pedagogikk ved universitet i Troms\u00f8. Foto: Vidar Dons Lindrupsen\/OktoberL\u00f8rdag 15. august kl. 12:00     <\/p>\n<p class=\"_paragraph_145nj_4 _paragraph_6fko5_10 layout-component text-serif-m layout-normal text-serif-m layout-padded\">De siste \u00e5rene har det kommet skarpe oppgj\u00f8r med fornorskning, taushet og nedarvet skam fra samiske forfattere som Sigbj\u00f8rn Sk\u00e5den og Kathrine Nedrejord.<\/p>\n<p class=\"_paragraph_145nj_4 _paragraph_6fko5_10 layout-component text-serif-m layout-normal text-serif-m layout-padded\">Er vi inne i en gullalder for litteratur om samisk identitet?<\/p>\n<p class=\"_paragraph_145nj_4 _paragraph_6fko5_10 layout-component text-serif-m layout-normal text-serif-m layout-padded\">Remi Skytterstad styrker i hvert fall mistanken. \u00abElva som renner rundt livet\u00bb er l\u00e6rd heimstaddiktning fra Tanaelvens bredder.<\/p>\n<p class=\"font-weight-semi-bold color-accent label-medium _label_1kitn_21\">Anmeldelse<\/p>\n<p> \u00abElva som renner rundt livet\u00bb<\/p>\n<p class=\"_paragraph_145nj_4 _paragraph_6fko5_10 _paragraph_1kitn_11 layout-component text-serif-m layout-normal text-sans-m layout-padded\">Forfatter: Remi Skytterstad<\/p>\n<p class=\"_paragraph_145nj_4 _paragraph_6fko5_10 _paragraph_1kitn_11 layout-component text-serif-m layout-normal text-sans-m layout-padded\">Sjanger: Roman<\/p>\n<p class=\"_paragraph_145nj_4 _paragraph_6fko5_10 _paragraph_1kitn_11 layout-component text-serif-m layout-normal text-sans-m layout-padded\">Forlag: Gyldendal<\/p>\n<p class=\"_paragraph_145nj_4 _paragraph_6fko5_10 _paragraph_1kitn_11 layout-component text-serif-m layout-normal text-sans-m layout-padded\">Sider: 366<\/p>\n<p class=\"_paragraph_145nj_4 _paragraph_6fko5_10 _paragraph_1kitn_11 layout-component text-serif-m layout-normal text-sans-m layout-padded\">Pris: 449<\/p>\n<p>Vis mer<\/p>\n<p class=\"label-small label-secondary\">annonse<\/p>\n<p><img decoding=\"async\" alt=\"\" class=\"_image_1uqve_43\" loading=\"lazy\" src=\"https:\/\/www.europesays.com\/no\/wp-content\/uploads\/2026\/08\/default-B53JFUhi.jpg\"\/><\/p>\n<p class=\"title-large _title_1uqve_54\">Kj\u00f8p boken<\/p>\n<p><strong>\u00abElva som renner rundt livet\u00bb<\/strong><br \/>\nAnnonselenker <\/p>\n<p>\nDe eksterne lenkene i denne annonsen f\u00f8rer til nettbutikker der VG<br \/>\n            f\u00e5r en provisjon av eventuelle salg. Inntektene bidrar til \u00e5<br \/>\n            finansiere det journalistiske arbeidet i VG. Redaksjonen prioriterer<br \/>\n            uavhengig av dette. VGs samfunnsoppdrag og rolle som uavhengig<br \/>\n            redaksjonell gransker p\u00e5virkes derfor ikke av dette innholdet.\n<\/p>\n<p class=\"_paragraph_145nj_4 _paragraph_6fko5_10 layout-component text-serif-m layout-normal text-serif-m layout-padded\"><strong class=\"_strong_145nj_25\">Romanen beveger seg mellom tre tidslag: <\/strong><\/p>\n<p class=\"_paragraph_145nj_4 _paragraph_6fko5_10 layout-component text-serif-m layout-normal text-serif-m layout-padded\">I et portrettintervju fra 2025 m\u00f8ter vi den anerkjente dikteren Sabbe i Tana bru (bygda, ikke brua), mens gamle Mattis i brev til tvillingbroren Aslak ser tilbake p\u00e5 internatskole\u00e5rene p\u00e5 1930-tallet. Gjennom manuskriptet \u00abHistorien, slik den ble oss fortalt\u00bb f\u00f8res vi enda lenger tilbake, til 1716, da den unge reingjeteren Kvive m\u00f8ter noaiden noaiden En samisk sjaman eller \u00e5ndelig leder som tradisjonelt har hatt en viktig rolle i samisk kultur og religion.Huika.<\/p>\n<p class=\"_paragraph_145nj_4 _paragraph_6fko5_10 layout-component text-serif-m layout-normal text-serif-m layout-padded\">Det er i fortellingen om Kvive romanen virkelig f\u00e5r fart. <\/p>\n<p class=\"_paragraph_145nj_4 _paragraph_6fko5_10 layout-component text-serif-m layout-normal text-serif-m layout-padded\">Han forelsker seg i den viljesterke S\u00e1r\u00e1, mens misjon\u00e6ren Thomas von Westen (1682\u20131727), den s\u00e5kalte \u00abSamenes apostel\u00bb, n\u00e6rmer seg siidaensiidaen En tradisjonell samisk samfunnsstruktur eller bosetning, ofte knyttet til reindrift.<\/p>\n<p>. Historien om Kvive er romanens h\u00f8ydepunkt og kunne ha v\u00e6rt en frittst\u00e5ende roman.<\/p>\n<p class=\"_paragraph_145nj_4 _paragraph_6fko5_10 layout-component text-serif-m layout-normal text-serif-m layout-padded\">Den kristne misjonen skildres som et m\u00e5lrettet fors\u00f8k p\u00e5 \u00e5 utslette en levende religion. Noaidenes trommer beslaglegges og forbys; offerplasser \u00f8delegges og en hel kosmologikosmologiEn gren av vitenskapen som studerer universets opprinnelse, struktur og utvikling, men her brukt for \u00e5 beskrive en helhetlig forst\u00e5else av verden i en kultur. stemples som djevelskap. <\/p>\n<p class=\"_paragraph_145nj_4 _paragraph_6fko5_10 layout-component text-serif-m layout-normal text-serif-m layout-padded\"><strong class=\"_strong_145nj_25\">Von Westen minner om oberst Joll i J.M. Coetzees \u00abF\u00f8r barbarene kommer\u00bb: Den samme kalde vissheten om at overgrepene beg\u00e5s i sivilisasjonens navn.<\/strong> <\/p>\n<p class=\"_paragraph_145nj_4 _paragraph_6fko5_10 layout-component text-serif-m layout-normal text-serif-m layout-padded\">\u00abVi mistet v\u00e5rt slektskap til verden da vi begynte \u00e5 tro at sjelen tilh\u00f8rte mennesket alene\u00bb, heter det i Kvive-fortellingen. <\/p>\n<p class=\"_paragraph_145nj_4 _paragraph_6fko5_10 layout-component text-serif-m layout-normal text-serif-m layout-padded\">Romanen utforsker hvordan kristningen rammet tro, spr\u00e5k og slektskapet mellom menneske, natur og \u00e5nd. F\u00f8lgene g\u00e5r i arv.<\/p>\n<p><img alt=\"\" class=\"_image_jw3bv_65 layout-component layout-normal\" data-fullscreen- data-track-element-type=\"Article image fullscreen\" data-track-name=\"ImageFullscreen\" decoding=\"async\" loading=\"lazy\" height=\"1668\" itemprop=\"image\"  src=\"https:\/\/www.europesays.com\/no\/wp-content\/uploads\/2026\/08\/3a305638-556c-3ab3-86da-cceb604c8303.jpeg\"  style=\"object-position:0% 0%\" width=\"2500\"\/><\/p>\n<p class=\"_paragraph_145nj_4 _paragraph_6fko5_10 layout-component text-serif-m layout-normal text-serif-m layout-padded\">P\u00e5 internatskolen blir M\u00e1htte og \u00c1sllat til Mattis og Aslak, og norsken l\u00e6res inn med bordb\u00f8nn og spanskr\u00f8r. Sabbe kaller det en \u00abforf\u00f8rende tanke\u00bb: \u00abAt spr\u00e5ket gir oss en unik forst\u00e5else av verden, som bare er v\u00e5r.\u00bb I et dikt heter det skarpere: \u00abfor at en kultur \/ skal bli lik \/ m\u00e5 spr\u00e5ket d\u00f8\u00bb.<\/p>\n<p class=\"_paragraph_145nj_4 _paragraph_6fko5_10 layout-component text-serif-m layout-normal text-serif-m layout-padded\"><strong class=\"_strong_145nj_25\">Mattis-brevene viser hvordan fornorskningenfornorskningenEn prosess hvor samiske folk ble tvunget til \u00e5 gi opp sin kultur og spr\u00e5k for \u00e5 bli mer &laquo;norske&raquo;. rammer og \u00f8delegger b\u00e5ndene i en hel familie.<\/strong> <\/p>\n<p class=\"_paragraph_145nj_4 _paragraph_6fko5_10 layout-component text-serif-m layout-normal text-serif-m layout-padded\">Det er sterkt \u00e5 lese om, men spr\u00e5ket er for h\u00f8ystemt og gjentakende; brevene kverner p\u00e5 skyld, savn og fortielsen mellom br\u00f8drene lenge etter at poenget er forst\u00e5tt.<\/p>\n<p class=\"_paragraph_145nj_4 _paragraph_6fko5_10 layout-component text-serif-m layout-normal text-serif-m layout-padded\"><strong class=\"_strong_145nj_25\">Mer underholdende og retorisk skarpe er partiene med Sabbe \u2013 vismann, bygdeoriginal og pos\u00f8r. <\/strong><\/p>\n<p class=\"_paragraph_145nj_4 _paragraph_6fko5_10 layout-component text-serif-m layout-normal text-serif-m layout-padded\">Han kaller finnmarkingene \u00abden norske kronens ulydige s\u00f8nner\u00bb og leverer en drepende dom over selvfiksjonen i samtidslitteraturen: \u00abHvis jeg er ute etter det \u2018ekte\u2019 og det \u2018n\u00e6re\u2019, s\u00e5 g\u00e5r jeg p\u00e5 pub. Jeg g\u00e5r ikke i bokhandelen.\u00bb<\/p>\n<p class=\"_paragraph_145nj_4 _paragraph_6fko5_10 layout-component text-serif-m layout-normal text-serif-m layout-padded\">Romanen insisterer p\u00e5 at Sabbe er en betydelig dikter, men diktene og utdragene fra verkene hans er til dels mer programmatiske enn briljante og b\u00e6rer ikke ber\u00f8mmelsen han tilskrives.<\/p>\n<p class=\"_paragraph_145nj_4 _paragraph_6fko5_10 layout-component text-serif-m layout-normal text-serif-m layout-padded\">Sabbe er likevel mer enn en pos\u00f8r. Han avfeier museer som \u00abhistorisk taksidermitaksidermiKunsten \u00e5 bevare og utstille d\u00f8de dyr, her brukt metaforisk for \u00e5 beskrive hvordan kultur kan bli &laquo;bevart&raquo; uten \u00e5 v\u00e6re levende.\u00bb. Tromma bak glass er ikke reddet, bare brakt til taushet: \u00abHele dens stillhet i glassmonteren er misjonens avtrykk.\u00bb <\/p>\n<p class=\"_paragraph_145nj_4 _paragraph_6fko5_10 layout-component text-serif-m layout-normal text-serif-m layout-padded\">Her treffer han romanens nerve: \u00abVi sluttet \u00e5 lage trommer fordi vi sluttet \u00e5 tromme.\u00bb<\/p>\n<p class=\"_paragraph_145nj_4 _paragraph_6fko5_10 layout-component text-serif-m layout-normal text-serif-m layout-padded\">Skytterstad skriver i mange toneleier, blander gammelmodig norsk med samiske ord som eadni og aetsji \u2013 mor og far \u2013 og leker med sjangre som brev, dikt, intervju og filmmanus. Formrikdommen imponerer, men helheten spriker. <\/p>\n<p class=\"_paragraph_145nj_4 _paragraph_6fko5_10 layout-component text-serif-m layout-normal text-serif-m layout-padded\">\u00abElva som renner rundt livet\u00bb er en debut langt over gjennomsnittet. At elva av og til g\u00e5r over sine bredder, f\u00e5r s\u00e5 v\u00e6re. Den b\u00e6rer med seg en historie vi ikke b\u00f8r tie om.<\/p>\n","protected":false},"excerpt":{"rendered":"Bokanmeldelse\u00abElva som renner rundt livet\u00bb Terningkast 4 Remi Skytterstad debuterer med en sterk, stri og s\u00e6rpreget roman som&hellip;\n","protected":false},"author":2,"featured_media":323444,"comment_status":"","ping_status":"","sticky":false,"template":"","format":"standard","meta":{"footnotes":"","_share_on_mastodon":"0"},"categories":[10],"tags":[150,124,20,21,24,25,15,22,23,13,30,28,29,14,16,26,27],"class_list":["post-323443","post","type-post","status-publish","format-standard","has-post-thumbnail","category-norge","tag-bok","tag-bokanmeldelse","tag-breaking-news","tag-breakingnews","tag-featured-news","tag-featurednews","tag-headlines","tag-latest-news","tag-latestnews","tag-news","tag-no","tag-norge","tag-norway","tag-nyheter","tag-overskrifter","tag-top-stories","tag-topstories"],"share_on_mastodon":{"url":"https:\/\/pubeurope.com\/@no\/117099336249852322","error":""},"_links":{"self":[{"href":"https:\/\/www.europesays.com\/no\/wp-json\/wp\/v2\/posts\/323443","targetHints":{"allow":["GET"]}}],"collection":[{"href":"https:\/\/www.europesays.com\/no\/wp-json\/wp\/v2\/posts"}],"about":[{"href":"https:\/\/www.europesays.com\/no\/wp-json\/wp\/v2\/types\/post"}],"author":[{"embeddable":true,"href":"https:\/\/www.europesays.com\/no\/wp-json\/wp\/v2\/users\/2"}],"replies":[{"embeddable":true,"href":"https:\/\/www.europesays.com\/no\/wp-json\/wp\/v2\/comments?post=323443"}],"version-history":[{"count":0,"href":"https:\/\/www.europesays.com\/no\/wp-json\/wp\/v2\/posts\/323443\/revisions"}],"wp:featuredmedia":[{"embeddable":true,"href":"https:\/\/www.europesays.com\/no\/wp-json\/wp\/v2\/media\/323444"}],"wp:attachment":[{"href":"https:\/\/www.europesays.com\/no\/wp-json\/wp\/v2\/media?parent=323443"}],"wp:term":[{"taxonomy":"category","embeddable":true,"href":"https:\/\/www.europesays.com\/no\/wp-json\/wp\/v2\/categories?post=323443"},{"taxonomy":"post_tag","embeddable":true,"href":"https:\/\/www.europesays.com\/no\/wp-json\/wp\/v2\/tags?post=323443"}],"curies":[{"name":"wp","href":"https:\/\/api.w.org\/{rel}","templated":true}]}}