{"id":32352,"date":"2025-09-11T08:54:37","date_gmt":"2025-09-11T08:54:37","guid":{"rendered":"https:\/\/www.europesays.com\/no\/32352\/"},"modified":"2025-09-11T08:54:37","modified_gmt":"2025-09-11T08:54:37","slug":"sport-sykkel-syk-tobias-foss-mister-sykkel-vm","status":"publish","type":"post","link":"https:\/\/www.europesays.com\/no\/32352\/","title":{"rendered":"Sport, Sykkel | Syk Tobias Foss mister sykkel-VM"},"content":{"rendered":"\n<p>Det bekrefter Vingrom-gutten <a href=\"https:\/\/www.tv2.no\/direkte\/0nr51\/sportsdognet-live\/68c14986c40bdecdca6d829b\/syk-tobias-foss-mister-vm\" rel=\"nofollow noopener\" target=\"_blank\">overfor TV 2<\/a>.<\/p>\n<p>\u2013 Jeg har v\u00e6rt d\u00e5rlig fryktelig lenge n\u00e5. Jeg er usikker p\u00e5 hva det er, men det handler om en d\u00e5rlig mage og noen runder med oppkast, sier Foss.<\/p>\n<p>Han tok et sv\u00e6rt overraskende VM-gull p\u00e5 tempo i 2022. 28-\u00e5ringen sykler til daglig for storlaget Ineos Grenadiers.<\/p>\n<p>N\u00e5 skal det hentes inn en erstatter for Foss i den norske troppen til mesterskapet i Rwanda. Hvem dette blir, er inntil videre ikke klart.<\/p>\n<p>Foss skulle syklet b\u00e5de temporittet og fellesstarten under VM.<\/p>\n<p>Det har ogs\u00e5 blitt gjort endringer p\u00e5 det norske laget i U23-klassen til mesterskapet i Afrika. Felix \u00d8rn-Kristoff trakk seg nylig, ogs\u00e5 han som f\u00f8lge av sykdom.<\/p>\n<p>Sykkel-VM innledes s\u00f8ndag 21. september.<\/p>\n<p>Les mer om: artikkelemnene<\/p>\n","protected":false},"excerpt":{"rendered":"Det bekrefter Vingrom-gutten overfor TV 2. \u2013 Jeg har v\u00e6rt d\u00e5rlig fryktelig lenge n\u00e5. Jeg er usikker p\u00e5&hellip;\n","protected":false},"author":2,"featured_media":32353,"comment_status":"","ping_status":"","sticky":false,"template":"","format":"standard","meta":{"footnotes":""},"categories":[59],"tags":[36,5144,30,28,29,83,82,1510,346],"class_list":{"0":"post-32352","1":"post","2":"type-post","3":"status-publish","4":"format-standard","5":"has-post-thumbnail","7":"category-sport","8":"tag-art","9":"tag-mesterskap","10":"tag-no","11":"tag-norge","12":"tag-norway","13":"tag-sport","14":"tag-sports","15":"tag-story","16":"tag-sykkel"},"share_on_mastodon":{"url":"","error":""},"_links":{"self":[{"href":"https:\/\/www.europesays.com\/no\/wp-json\/wp\/v2\/posts\/32352","targetHints":{"allow":["GET"]}}],"collection":[{"href":"https:\/\/www.europesays.com\/no\/wp-json\/wp\/v2\/posts"}],"about":[{"href":"https:\/\/www.europesays.com\/no\/wp-json\/wp\/v2\/types\/post"}],"author":[{"embeddable":true,"href":"https:\/\/www.europesays.com\/no\/wp-json\/wp\/v2\/users\/2"}],"replies":[{"embeddable":true,"href":"https:\/\/www.europesays.com\/no\/wp-json\/wp\/v2\/comments?post=32352"}],"version-history":[{"count":0,"href":"https:\/\/www.europesays.com\/no\/wp-json\/wp\/v2\/posts\/32352\/revisions"}],"wp:featuredmedia":[{"embeddable":true,"href":"https:\/\/www.europesays.com\/no\/wp-json\/wp\/v2\/media\/32353"}],"wp:attachment":[{"href":"https:\/\/www.europesays.com\/no\/wp-json\/wp\/v2\/media?parent=32352"}],"wp:term":[{"taxonomy":"category","embeddable":true,"href":"https:\/\/www.europesays.com\/no\/wp-json\/wp\/v2\/categories?post=32352"},{"taxonomy":"post_tag","embeddable":true,"href":"https:\/\/www.europesays.com\/no\/wp-json\/wp\/v2\/tags?post=32352"}],"curies":[{"name":"wp","href":"https:\/\/api.w.org\/{rel}","templated":true}]}}