{"id":323886,"date":"2026-08-15T20:21:14","date_gmt":"2026-08-15T20:21:14","guid":{"rendered":"https:\/\/www.europesays.com\/no\/323886\/"},"modified":"2026-08-15T20:21:14","modified_gmt":"2026-08-15T20:21:14","slug":"trafikk-samferdsel-innlandet-fylkeskommune-oppfordrer-beboere-trafikanter-og-foreldre-til-a-gjore-flere-tiltak-for-a-trygge-skolevegen-for-skolestart","status":"publish","type":"post","link":"https:\/\/www.europesays.com\/no\/323886\/","title":{"rendered":"Trafikk, Samferdsel | Innlandet fylkeskommune oppfordrer beboere, trafikanter og foreldre til \u00e5 gj\u00f8re flere tiltak for \u00e5 trygge skolevegen f\u00f8r skolestart"},"content":{"rendered":"\n<p>Det n\u00e6rmer seg skolestart igjen for barn og unge rundt om i landet.<\/p>\n<p>N\u00e5 g\u00e5r Innlandet fylkeskommune ut og oppfordrer b\u00e5de boligeiere, foreldre og andre trafikanter om \u00e5 hjelpe til for \u00e5 gj\u00f8re skolestarten s\u00e5 trygg som mulig.<\/p>\n<p>Derfor ber de om at flere tiltak gj\u00f8res f\u00f8r barna skal p\u00e5 skolen.<\/p>\n<p>V\u00e6re forsiktige i trafikken, la bilen st\u00e5 og klippe hekken er noen av tiltakene det oppfordres til.<\/p>\n<p>La bilen st\u00e5<\/p>\n<p>\u2013 Voksne trafikanter b\u00f8r vise hensyn og v\u00e6re ekstra oppmerksomme i omr\u00e5der hvor en kan m\u00f8te p\u00e5 skolebarn, sier seniorr\u00e5dgiver Bj\u00f8rn Ivar Vasaasen i fylkets trafikksikkerhetsutvalg (FTU).\u00a0<\/p>\n<p>\u00c5 forvente at de minste skoleelevene skal vurdere fart eller lese trafikkbildet, er for mye \u00e5 be om, mener han.<\/p>\n<p>I tillegg er Vasaasen klar p\u00e5 at de fleste, s\u00e5 langt det er mulig, b\u00f8r unng\u00e5 \u00e5 kj\u00f8re bil til skolen.<\/p>\n<p>Selv om det kan v\u00e6re hektisk for mange familier b\u00e5de om morgenen og ettermiddagen.<\/p>\n<p>\u2013 Med litt planlegging og tilrettelegging har mange muligheten til \u00e5 g\u00e5 eller sykle til skolen. Det er flere grunner til at vi oppfordrer flest mulig til \u00e5 g\u00e5 eller sykle i skolehverdagen, fortsetter Vasaasen og lister opp tryggere omr\u00e5der rundt skolen, mosjon og frisk luft som argumenter.<\/p>\n<p>\u2013 FTU anbefaler at de som m\u00e5 kj\u00f8re til skolen vurderer om de kan stoppe litt unna skolen og la barnet g\u00e5 det siste stykket alene eller sammen med andre barn. Dette vil ogs\u00e5 ha en gevinst for trafikksikkerheten.<\/p>\n<p>   <img decoding=\"async\" width=\"3296\" height=\"2387\" fetchpriority=\"low\"  loading=\"lazy\"  src=\"https:\/\/www.europesays.com\/no\/wp-content\/uploads\/2026\/08\/22lsGINXoVQ.jpg\" alt=\"\" class=\"brick-c-cFOWSL\" style=\"--brick-image-ratio: 3296 \/ 2387;\"\/><\/p>\n<p>      SKOLESTART: Disse skiltene blir \u00e5 se framover.<br \/>\n      Foto: Terje Pedersen\n    <\/p>\n<p>  G\u00e5 sammen<\/p>\n<p>Den siste perioden f\u00f8r skolestart b\u00f8r foreldre prioritere \u00e5 \u00f8ve p\u00e5 skolevegen sammen med barna, mener trafikksikkerhetsutvalget.<\/p>\n<p>Det kan skape trygghet den dagen de eventuelt skal g\u00e5 alene.<\/p>\n<p>\u2013 Mange skolebarn bor i samme n\u00e6romr\u00e5de, og en kan etablere f\u00f8lgegrupper for barn som bor i samme n\u00e6romr\u00e5de. Det gj\u00f8r at barna f\u00e5r v\u00e6re sosial p\u00e5 veg til og fra skolen, og foreldre kan bytte p\u00e5 \u00e5 f\u00f8lge elevene til skolevegen oppleves trygg. Dette skaper ogs\u00e5 fleksibilitet for foresatte, oppfordrer Vasaasen.\u00a0<\/p>\n<p>Ta ansvar<\/p>\n<p>Innlandet fylkeskommune har selv et ansvar for \u00e5 holde fylkesveger s\u00e5 trafikksikre som mulig.<\/p>\n<p>Men de trenger hjelp, b\u00e5de fra andre trafikanter og beboeren langs vegen.<\/p>\n<p>\u2013 For at skolevegene er trygge, trenger vi hjelp fra trafikantene. Vi oppfordrer alle til \u00e5 kj\u00f8re etter forholdene, sikrer barn riktig, holder fartsgrensene og kj\u00f8re rusfritt. B\u00e5de politiet og Statens vegvesen vil ved skolestart ha kontroller ved skolene i fylket, sier Bj\u00f8rn Ivar Vasaasen.<\/p>\n<p>Han oppfordrer ogs\u00e5 naboer om \u00e5 sjekke hekken p\u00e5 sin eiendom.<\/p>\n<p>\u2013 Det er viktig at hekker ikke henger ut over fortauet slik at det blir vanskelig \u00e5 g\u00e5 p\u00e5 fortauet, eller at hekken er s\u00e5 h\u00f8y at sm\u00e5 mennesker ikke synes fra sidegatene.\u00a0<\/p>\n<p><a class=\"brick-c-hOTghF\" href=\"#skip-\">Hopp over karusellen.<\/a><\/p>\n<p data-static=\"\" class=\"brick-c-fgNmNC\" id=\"carousel-title-\">Innholdskarusell med 20 artikler.<\/p>\n<ul data-static=\"\" aria-label=\"Navigasjon for innholdskarusell\" class=\"carousel-nav\">\n<li>\n<\/li>\n<li>\n<\/li>\n<\/ul>\n","protected":false},"excerpt":{"rendered":"Det n\u00e6rmer seg skolestart igjen for barn og unge rundt om i landet. N\u00e5 g\u00e5r Innlandet fylkeskommune ut&hellip;\n","protected":false},"author":2,"featured_media":323887,"comment_status":"","ping_status":"","sticky":false,"template":"","format":"standard","meta":{"footnotes":"","_share_on_mastodon":"0"},"categories":[10],"tags":[36,524,20,21,24,25,15,22,23,13,30,28,29,14,16,223,1510,26,27,224],"class_list":["post-323886","post","type-post","status-publish","format-standard","has-post-thumbnail","category-norge","tag-art","tag-barn-og-unge","tag-breaking-news","tag-breakingnews","tag-featured-news","tag-featurednews","tag-headlines","tag-latest-news","tag-latestnews","tag-news","tag-no","tag-norge","tag-norway","tag-nyheter","tag-overskrifter","tag-samferdsel","tag-story","tag-top-stories","tag-topstories","tag-trafikk"],"share_on_mastodon":{"url":"https:\/\/pubeurope.com\/@no\/117101388508300186","error":""},"_links":{"self":[{"href":"https:\/\/www.europesays.com\/no\/wp-json\/wp\/v2\/posts\/323886","targetHints":{"allow":["GET"]}}],"collection":[{"href":"https:\/\/www.europesays.com\/no\/wp-json\/wp\/v2\/posts"}],"about":[{"href":"https:\/\/www.europesays.com\/no\/wp-json\/wp\/v2\/types\/post"}],"author":[{"embeddable":true,"href":"https:\/\/www.europesays.com\/no\/wp-json\/wp\/v2\/users\/2"}],"replies":[{"embeddable":true,"href":"https:\/\/www.europesays.com\/no\/wp-json\/wp\/v2\/comments?post=323886"}],"version-history":[{"count":0,"href":"https:\/\/www.europesays.com\/no\/wp-json\/wp\/v2\/posts\/323886\/revisions"}],"wp:featuredmedia":[{"embeddable":true,"href":"https:\/\/www.europesays.com\/no\/wp-json\/wp\/v2\/media\/323887"}],"wp:attachment":[{"href":"https:\/\/www.europesays.com\/no\/wp-json\/wp\/v2\/media?parent=323886"}],"wp:term":[{"taxonomy":"category","embeddable":true,"href":"https:\/\/www.europesays.com\/no\/wp-json\/wp\/v2\/categories?post=323886"},{"taxonomy":"post_tag","embeddable":true,"href":"https:\/\/www.europesays.com\/no\/wp-json\/wp\/v2\/tags?post=323886"}],"curies":[{"name":"wp","href":"https:\/\/api.w.org\/{rel}","templated":true}]}}