{"id":324618,"date":"2026-08-16T16:05:41","date_gmt":"2026-08-16T16:05:41","guid":{"rendered":"https:\/\/www.europesays.com\/no\/324618\/"},"modified":"2026-08-16T16:05:41","modified_gmt":"2026-08-16T16:05:41","slug":"solformorkelse-2026-kongsberg-petter-fanget-solformorkelsen","status":"publish","type":"post","link":"https:\/\/www.europesays.com\/no\/324618\/","title":{"rendered":"Solform\u00f8rkelse 2026, Kongsberg | Petter fanget solform\u00f8rkelsen"},"content":{"rendered":"\n<p>Det var stort engasjement omkring solform\u00f8rkelsen 12. august. Men v\u00e6ret var ikke helt p\u00e5 lag i Kongsberg og det var begrenset hva folk fikk med seg, til tross for at byen var utsolgt for spesialbriller. <\/p>\n<p>Petter Solvang fra Kongsberg forteller at han f\u00f8lger med p\u00e5 hva som skjer p\u00e5 himmelhvelvingen.<\/p>\n<p>\u2013 Du er spesielt interessert, skj\u00f8nner jeg?<\/p>\n<p>\u2013 Jeg pleier \u00e5 ta med kameraet ut om det er noe uvanlig som skjer, s\u00e5 jeg er nok det.<\/p>\n<p>\u2013 Tok du bildene i Kongsberg?<\/p>\n<p>\u2013 Bildene er tatt ved Raumyr skole og jeg var heldig. Det var jo overskyet men det kom ei glippe i skylaget, forteller han.<\/p>\n<p>Resultatene kan du se selv. Det ble slett ikke d\u00e5rlig.<\/p>\n<p>   <img decoding=\"async\" width=\"6016\" height=\"4000\" fetchpriority=\"low\"  loading=\"lazy\"  src=\"https:\/\/www.europesays.com\/no\/wp-content\/uploads\/2026\/08\/SOMMER+2.jpg\" alt=\"\" class=\"brick-c-cFOWSL\" style=\"--brick-image-ratio: 6016 \/ 4000;\"\/><\/p>\n<p>      P\u00c5 RETT STED: Petter Solvang fant ei glippe i skylaget da solform\u00f8rkelsen inntraff.<br \/>\n      Foto: Jenny UIstein\n    <\/p>\n<p>  Sveisebrilleglass<\/p>\n<p>\u2013 Men det er vel ikke bare-bare \u00e5 ta bilder av sola?<\/p>\n<p>\u2013 Det krever litt ekstra. Man m\u00e5 gjerne bruke manuelle innstillinger. Jeg hadde et glass som man bruker i sveisebriller tilgjengelig og tok bildene gjennom det. Det gj\u00f8r at man f\u00e5r litt mer kontroll, forteller Solvang. <\/p>\n<p>\u2013 Brukte du teleskop?<\/p>\n<p>\u2013 Nei da, dette er en ganske standard zoomlinse type 70\u2013100. Men bildene er croppet slik at jeg f\u00e5r utsnittet du ser her, forteller han. <\/p>\n<p>   <img decoding=\"async\" width=\"1232\" height=\"821\" fetchpriority=\"low\"  loading=\"lazy\"  src=\"https:\/\/www.europesays.com\/no\/wp-content\/uploads\/2026\/08\/image1 %281%29.jpeg\" alt=\"\" class=\"brick-c-cFOWSL\" style=\"--brick-image-ratio: 1232 \/ 821;\"\/><\/p>\n<p>      KLASSISK: Et mer klassisk bildet som viser hvordan m\u00e5nen dekker solskiva, slik det s\u00e5 ut fra Kongsberg sist uke.<br \/>\n      Foto: Petter Solvang\n    <\/p>\n<p>  Flere form\u00f8rkelser<\/p>\n<p>If\u00f8lge nettstedet timeanddate.no er neste solform\u00f8rkelse som er synlig fra Kongsberg allerede 2. august neste \u00e5r \u2013 klokken 10.31. Men den er p\u00e5 langt n\u00e6r av samme omfang som 12. august. Da er det kun 25 prosent av sola som skygges over av m\u00e5nen. <\/p>\n<p>Den neste <b>totale <\/b>solform\u00f8rkelsen m\u00e5 man sm\u00f8re seg med litt t\u00e5lmodighet med \u2013 for \u00e5 si det forsiktig. I hvert fall dersom du vil se den fra Kongsberg. Samme nettsted nevner at denne vil inntreffe 16. oktober 2126 \u2026<\/p>\n<p><b>Det er ganske n\u00f8yaktig 100 \u00e5r til.<\/b><\/p>\n<p>  <a href=\"https:\/\/www.laagendalsposten.no\/5-64-1694672\" class=\"related-teaser has-image article--c-MkAkR\" rel=\"nofollow noopener\" target=\"_blank\"><\/p>\n<p>    <img decoding=\"async\" width=\"155\"  loading=\"lazy\"  src=\"https:\/\/www.europesays.com\/no\/wp-content\/uploads\/2026\/08\/Form%C3%B8rkelsesbriller.jpg\" alt=\"\" class=\"brick-c-cFOWSL\" style=\"\"\/><\/p>\n<p>\n            Les ogs\u00e5<\/p>\n<p>            Solform\u00f8rkelsen: \u2013 Som \u00e5 holde en lupe til et papir\n        <\/p>\n<p>  <\/a><\/p>\n<p>  <a href=\"https:\/\/www.laagendalsposten.no\/5-64-1605994\" class=\"related-teaser article--c-MkAkR\" rel=\"nofollow noopener\" target=\"_blank\"><\/p>\n<p>\n            Les ogs\u00e5<\/p>\n<p>            Mystisk lysglimt over Vegglifjell: \u2013 Det s\u00e5 ut som en eksplosjon\n        <\/p>\n<p>  <\/a><\/p>\n<p>  <a href=\"https:\/\/www.laagendalsposten.no\/5-64-860532\" class=\"related-teaser has-image article--c-MkAkR\" rel=\"nofollow noopener\" target=\"_blank\"><\/p>\n<p>    <img decoding=\"async\" width=\"155\"  loading=\"lazy\"  src=\"https:\/\/www.europesays.com\/no\/wp-content\/uploads\/2026\/08\/edel_1289.jpg\" alt=\"\" class=\"brick-c-cFOWSL\" style=\"\"\/><\/p>\n<p>\n            Les ogs\u00e5<\/p>\n<p>            Det skjedde p\u00e5 1950-tallet\n        <\/p>\n<p>  <\/a><\/p>\n<p>Myntgata 16 <\/p>\n<p>3616 Kongsberg<\/p>\n","protected":false},"excerpt":{"rendered":"Det var stort engasjement omkring solform\u00f8rkelsen 12. august. Men v\u00e6ret var ikke helt p\u00e5 lag i Kongsberg og&hellip;\n","protected":false},"author":2,"featured_media":324619,"comment_status":"","ping_status":"","sticky":false,"template":"","format":"standard","meta":{"footnotes":"","_share_on_mastodon":"0"},"categories":[10],"tags":[36,20,21,24,25,25648,15,5279,22,23,25647,13,30,28,29,14,16,25431,1510,26,27],"class_list":["post-324618","post","type-post","status-publish","format-standard","has-post-thumbnail","category-norge","tag-art","tag-breaking-news","tag-breakingnews","tag-featured-news","tag-featurednews","tag-fotografering","tag-headlines","tag-kongsberg","tag-latest-news","tag-latestnews","tag-leserbilder","tag-news","tag-no","tag-norge","tag-norway","tag-nyheter","tag-overskrifter","tag-solformorkelse-2026","tag-story","tag-top-stories","tag-topstories"],"share_on_mastodon":{"url":"https:\/\/pubeurope.com\/@no\/117106044882393860","error":""},"_links":{"self":[{"href":"https:\/\/www.europesays.com\/no\/wp-json\/wp\/v2\/posts\/324618","targetHints":{"allow":["GET"]}}],"collection":[{"href":"https:\/\/www.europesays.com\/no\/wp-json\/wp\/v2\/posts"}],"about":[{"href":"https:\/\/www.europesays.com\/no\/wp-json\/wp\/v2\/types\/post"}],"author":[{"embeddable":true,"href":"https:\/\/www.europesays.com\/no\/wp-json\/wp\/v2\/users\/2"}],"replies":[{"embeddable":true,"href":"https:\/\/www.europesays.com\/no\/wp-json\/wp\/v2\/comments?post=324618"}],"version-history":[{"count":0,"href":"https:\/\/www.europesays.com\/no\/wp-json\/wp\/v2\/posts\/324618\/revisions"}],"wp:featuredmedia":[{"embeddable":true,"href":"https:\/\/www.europesays.com\/no\/wp-json\/wp\/v2\/media\/324619"}],"wp:attachment":[{"href":"https:\/\/www.europesays.com\/no\/wp-json\/wp\/v2\/media?parent=324618"}],"wp:term":[{"taxonomy":"category","embeddable":true,"href":"https:\/\/www.europesays.com\/no\/wp-json\/wp\/v2\/categories?post=324618"},{"taxonomy":"post_tag","embeddable":true,"href":"https:\/\/www.europesays.com\/no\/wp-json\/wp\/v2\/tags?post=324618"}],"curies":[{"name":"wp","href":"https:\/\/api.w.org\/{rel}","templated":true}]}}