{"id":324732,"date":"2026-08-16T18:03:14","date_gmt":"2026-08-16T18:03:14","guid":{"rendered":"https:\/\/www.europesays.com\/no\/324732\/"},"modified":"2026-08-16T18:03:14","modified_gmt":"2026-08-16T18:03:14","slug":"froken-snusk-konsert-avlyst-etter-politikrav-gozzi-raser","status":"publish","type":"post","link":"https:\/\/www.europesays.com\/no\/324732\/","title":{"rendered":"Fr\u00f6ken Snusk-konsert avlyst etter politikrav \u2013 Gozzi raser"},"content":{"rendered":"\n<p class=\"_lead_145nj_2 _lead_6fko5_53 layout-component text-serif-m layout-normal text-serif-l layout-component layout-wide layout-padded _wide_17hqh_1 layout-padded\">Den svenske artisten skulle spille p\u00e5 Taco bar i V\u00e4xj\u00f6. Politiet krevde \u00e5tte vakter.<\/p>\n<p><img alt=\"Kontroversielle Fr\u00f6ken Snusk, eller Felicia Agneta Eriksson som hun het opprinnelig. En annen uidentifserbar artist har n\u00e5 tatt over artistnavnet. Foto: Jonas Ekstr\u00f6mer\/TT \/ NTB\" class=\"_image_jw3bv_65 layout-component layout-wide\" data-fullscreen- data-track-element-type=\"Article image fullscreen\" data-track-name=\"ImageFullscreen\" fetchpriority=\"high\" decoding=\"sync\" loading=\"eager\" height=\"4688\" itemprop=\"image\"  src=\"https:\/\/www.europesays.com\/no\/wp-content\/uploads\/2026\/08\/d4430fbb-a082-3119-8084-82619df13a07.jpeg\"  style=\"object-position:45.84661989795919% 38.907849829351534%\" width=\"6272\"\/>Kontroversielle Fr\u00f6ken Snusk, eller Felicia Agneta Eriksson som hun het opprinnelig. En annen uidentifserbar artist har n\u00e5 tatt over artistnavnet. Foto: Jonas Ekstr\u00f6mer\/TT \/ NTB<\/p>\n<ul aria-hidden=\"true\" class=\"_images_ntbth_112\">\n<li><a class=\"_link_ntbth_117\" href=\"https:\/\/www.vg.no\/forfatter\/stein-oestboe\" style=\"z-index:1\" title=\"Stein \u00d8stb\u00f8\" rel=\"nofollow noopener\" target=\"_blank\"><img alt=\"Bilde av Stein \u00d8stb\u00f8\" class=\"_image_ntbth_93\" fetchpriority=\"low\" loading=\"lazy\" decoding=\"async\" itemprop=\"image\"  src=\"https:\/\/www.europesays.com\/no\/wp-content\/uploads\/2026\/08\/1786903394_842_22e70fc8-5f6d-446c-8991-a91d598e4754.jpeg\"  width=\"480\"\/><\/a><\/li>\n<\/ul>\n<p> Oppdatert s\u00f8ndag 16. august kl. 19:59     <\/p>\n<p class=\"_paragraph_145nj_4 _paragraph_6fko5_10 layout-component text-serif-m layout-normal text-serif-m layout-padded\">En uke f\u00f8r <a href=\"https:\/\/www.vg.no\/tag\/froken-snusk?utm_source=vg-article&amp;utm_medium=auto-tagger&amp;utm_campaign=n1Vr4x\" class=\"_link_145nj_39\" rel=\"nofollow noopener\" target=\"_blank\">Fr\u00f6ken Snusk<\/a> skulle opptre p\u00e5 festivalen Karl-Oskardagarna i V\u00e4xj\u00f6, avlyste arrang\u00f8ren konserten. <\/p>\n<p class=\"_paragraph_145nj_4 _paragraph_6fko5_10 layout-component text-serif-m layout-normal text-serif-m layout-padded\">\u00c5rsaken var at artisten har laget en l\u00e5t sammen med Sverigedemokraternas leder Jimmie \u00c5kesson, noe som ikke passer med en politisk uavhengig byfestival, if\u00f8lge prosjektleder Jonatan Blom Ekenberg.<\/p>\n<p class=\"_paragraph_145nj_4 _paragraph_6fko5_10 layout-component text-serif-m layout-normal text-serif-m layout-padded\">Det skriver <a href=\"https:\/\/www.expressen.se\/noje\/ny-froken-snusk-spelning-installd-kritiken-helt-ofattbart\/\" class=\"_link_145nj_39\" rel=\"nofollow noopener\" target=\"_blank\">Expressen<\/a>.<\/p>\n<p class=\"_paragraph_145nj_4 _paragraph_6fko5_10 layout-component text-serif-m layout-normal text-serif-m layout-padded\">Musikkprosjektet Fr\u00f6ken Snusk ble opprinnelig gestaltet av Felicia Agneta Eriksson (24), \u00e5rets deltager for Sverige i Eurovison i Wien, men bestemte seg i den forbindelse \u00e5 g\u00e5 for en solokarriere.<\/p>\n<p class=\"_paragraph_145nj_4 _paragraph_6fko5_10 layout-component text-serif-m layout-normal text-serif-m layout-padded\">Fr\u00f6ken Snusk er senere blitt erstattet av en ny og forel\u00f8pig uidentifisert artist.<\/p>\n<p class=\"_paragraph_145nj_4 _paragraph_6fko5_10 layout-component text-serif-m layout-normal text-serif-m layout-padded\">Avlysningen skapte kraftige reaksjoner fra blant andre \u00c5kesson, Rasmus Gozzi \u2013 mannen bak Fr\u00f6ken Snusk \u2013 og kulturminister Parisa Liljestrand (M).<\/p>\n<p class=\"_paragraph_145nj_4 _paragraph_6fko5_10 layout-component text-serif-m layout-normal layout-padded\"><strong class=\"_strong_145nj_25\">Les ogs\u00e5:<\/strong> <a href=\"https:\/\/www.vg.no\/i\/8p5A22\" data-track-element-type=\"Link\" data-track-id=\"link:8p5A22\" class=\"_link_145nj_39\" rel=\"nofollow noopener\" target=\"_blank\">Sveriges Eurovision-h\u00e5p besvimte etter generalpr\u00f8ven \u2013 f\u00e5r gj\u00f8re endringer<\/a><\/p>\n<p class=\"_paragraph_145nj_4 _paragraph_6fko5_10 layout-component text-serif-m layout-normal text-serif-m layout-padded\">Etter avbookingen ble artisten booket til en annen spillejobb samme kveld \u2013 p\u00e5 Taco bar i V\u00e4xj\u00f6. Men ogs\u00e5 denne konserten ble avlyst.<\/p>\n<p class=\"_paragraph_145nj_4 _paragraph_6fko5_10 layout-component text-serif-m layout-normal text-serif-m layout-padded\">Eier Omar Al-Maksoos fikk beskjed fra politiet om at han trengte \u00e5tte vakter for \u00e5 gjennomf\u00f8re konserten trygt.<\/p>\n<p class=\"_paragraph_145nj_4 _paragraph_6fko5_10 layout-component text-serif-m layout-normal text-serif-m layout-padded\">Det klarte han ikke \u00e5 ordne.<\/p>\n<p class=\"_paragraph_145nj_4 _paragraph_6fko5_10 layout-component text-serif-m layout-normal text-serif-m layout-padded\">\u2013 \u00c6rlig talt, \u00e5tte vakter p\u00e5 et sted som tar inn 150 personer. Selv vaktselskapet jeg jobber med har aldri sett et slikt krav noensinne, sier han til Expressen.<\/p>\n<p class=\"_paragraph_145nj_4 _paragraph_6fko5_10 layout-component text-serif-m layout-normal text-serif-m layout-padded\">Rasmus Gozzi er ogs\u00e5 kritisk.<\/p>\n<p class=\"_paragraph_145nj_4 _paragraph_6fko5_10 layout-component text-serif-m layout-normal text-serif-m layout-padded\">\u2013 Det er helt ufattelig, sier han.<\/p>\n<p class=\"_paragraph_145nj_4 _paragraph_6fko5_10 layout-component text-serif-m layout-normal layout-padded\"><strong class=\"_strong_145nj_25\">Les ogs\u00e5:<\/strong> <a href=\"https:\/\/www.vg.no\/i\/Rjayz2\" data-track-element-type=\"Link\" data-track-id=\"link:Rjayz2\" class=\"_link_145nj_39\" rel=\"nofollow noopener\" target=\"_blank\">Fr\u00f6ken Snusk kastet ut av festival<\/a><\/p>\n<p class=\"_paragraph_145nj_4 _paragraph_6fko5_10 layout-component text-serif-m layout-normal text-serif-m layout-padded\">Politiet forsvarer beslutningen med henvisning til sikkerheten.<\/p>\n<p class=\"_paragraph_145nj_4 _paragraph_6fko5_10 layout-component text-serif-m layout-normal text-serif-m layout-padded\">\u2013 Man tar h\u00f8yde for en risikosituasjon, sier politiinnsatssjef Richard Bowin, som peker p\u00e5 den trange gaten, et lite lokale og fare for stor tilstr\u00f8mming.<\/p>\n<p class=\"_paragraph_145nj_4 _paragraph_6fko5_10 layout-component text-serif-m layout-normal text-serif-m layout-padded\">Fr\u00f6ken Snusk dukket likevel opp som gjesteartist under Raggarligans opptreden p\u00e5 festivalen.<\/p>\n","protected":false},"excerpt":{"rendered":"Den svenske artisten skulle spille p\u00e5 Taco bar i V\u00e4xj\u00f6. Politiet krevde \u00e5tte vakter. Kontroversielle Fr\u00f6ken Snusk, eller&hellip;\n","protected":false},"author":2,"featured_media":324733,"comment_status":"","ping_status":"","sticky":false,"template":"","format":"standard","meta":{"footnotes":"","_share_on_mastodon":"0"},"categories":[12],"tags":[20,21,2513,24,25,6330,15,155,22,23,13,30,28,29,14,16,26,27,42,46,43,44,45],"class_list":["post-324732","post","type-post","status-publish","format-standard","has-post-thumbnail","category-verden","tag-breaking-news","tag-breakingnews","tag-eurovision","tag-featured-news","tag-featurednews","tag-froken-snusk","tag-headlines","tag-konsert","tag-latest-news","tag-latestnews","tag-news","tag-no","tag-norge","tag-norway","tag-nyheter","tag-overskrifter","tag-top-stories","tag-topstories","tag-verden","tag-vgai","tag-world","tag-world-news","tag-worldnews"],"share_on_mastodon":{"url":"https:\/\/pubeurope.com\/@no\/117106508441951006","error":""},"_links":{"self":[{"href":"https:\/\/www.europesays.com\/no\/wp-json\/wp\/v2\/posts\/324732","targetHints":{"allow":["GET"]}}],"collection":[{"href":"https:\/\/www.europesays.com\/no\/wp-json\/wp\/v2\/posts"}],"about":[{"href":"https:\/\/www.europesays.com\/no\/wp-json\/wp\/v2\/types\/post"}],"author":[{"embeddable":true,"href":"https:\/\/www.europesays.com\/no\/wp-json\/wp\/v2\/users\/2"}],"replies":[{"embeddable":true,"href":"https:\/\/www.europesays.com\/no\/wp-json\/wp\/v2\/comments?post=324732"}],"version-history":[{"count":0,"href":"https:\/\/www.europesays.com\/no\/wp-json\/wp\/v2\/posts\/324732\/revisions"}],"wp:featuredmedia":[{"embeddable":true,"href":"https:\/\/www.europesays.com\/no\/wp-json\/wp\/v2\/media\/324733"}],"wp:attachment":[{"href":"https:\/\/www.europesays.com\/no\/wp-json\/wp\/v2\/media?parent=324732"}],"wp:term":[{"taxonomy":"category","embeddable":true,"href":"https:\/\/www.europesays.com\/no\/wp-json\/wp\/v2\/categories?post=324732"},{"taxonomy":"post_tag","embeddable":true,"href":"https:\/\/www.europesays.com\/no\/wp-json\/wp\/v2\/tags?post=324732"}],"curies":[{"name":"wp","href":"https:\/\/api.w.org\/{rel}","templated":true}]}}