{"id":32513,"date":"2025-09-11T12:12:11","date_gmt":"2025-09-11T12:12:11","guid":{"rendered":"https:\/\/www.europesays.com\/no\/32513\/"},"modified":"2025-09-11T12:12:11","modified_gmt":"2025-09-11T12:12:11","slug":"karin-77-evakuert-fra-flommen","status":"publish","type":"post","link":"https:\/\/www.europesays.com\/no\/32513\/","title":{"rendered":"Karin (77) evakuert fra flommen:"},"content":{"rendered":"\n<p class=\"_lead_ew2ao_2 _lead_xtcu6_50 layout-component text-serif-m layout-normal text-serif-l layout-component layout-wide layout-padded _wide_17hqh_1 layout-padded\">P\u00e5 ryggen til en brannmann ble Karin Olaug Br\u00e5ten evakuert fra hjemmet sitt.<\/p>\n<p><img alt=\"Huset til Karin Olaug Br\u00e5ten i Fl\u00e5 er omringet av vann. Foto: Privat\" class=\"_image_qp4xg_65 layout-component layout-wide\" data-fullscreen- data-track-element-type=\"Article image fullscreen\" data-track-name=\"ImageFullscreen\" fetchpriority=\"high\" decoding=\"sync\" loading=\"eager\" height=\"501\" itemprop=\"image\"  src=\"https:\/\/www.europesays.com\/no\/wp-content\/uploads\/2025\/09\/ee04b0af-67cc-4149-badb-bd058174e7ff\"  style=\"object-position:0% 0%\" width=\"624\"\/>Huset til Karin Olaug Br\u00e5ten i Fl\u00e5 er omringet av vann. Foto: Privat Oppdatert torsdag 11. september kl. 14:10     <\/p>\n<p class=\"_paragraph_ew2ao_4 _paragraph_xtcu6_10 layout-component text-serif-m layout-normal text-serif-m layout-padded\">Vannmassene omringet torsdag huset hennes s\u00f8r for Fl\u00e5 i Hallingdal.<\/p>\n<p class=\"_paragraph_ew2ao_4 _paragraph_xtcu6_10 layout-component text-serif-m layout-normal text-serif-m layout-padded\">\u2013 Det var ikke s\u00e5 godt \u00e5 vasse i, for str\u00f8mmen var stri, sier 77-\u00e5ringen til VG.<\/p>\n<p class=\"_paragraph_ew2ao_4 _paragraph_xtcu6_10 layout-component text-serif-m layout-normal text-serif-m layout-padded\">En time etter at hun var bragt i sikkerhet, fikk n\u00f8detatene melding om at to jordras var g\u00e5tt over Vollsetervegen i fjellsiden over huset hennes.<\/p>\n<p class=\"_paragraph_ew2ao_4 _paragraph_xtcu6_10 layout-component text-serif-m layout-normal text-serif-m layout-padded\">To biler var innesperret. Deler av veien er skylt bort grunnet store vannmasser. Den ene sj\u00e5f\u00f8ren gikk til en hytte i n\u00e6rheten. Den andre ble hentet ut av politihelikopter.<\/p>\n<p class=\"_paragraph_ew2ao_4 _paragraph_xtcu6_10 layout-component text-serif-m layout-normal text-serif-m layout-padded\">\u2013 Det er veldig v\u00e5tt i omr\u00e5dene, h\u00f8yt vanntrykk i vassdragene og elver g\u00e5r over sine bredder hvilket kan medf\u00f8re nye ras, skriver politiets operasjonsleder Jan Tore Gregersen.<\/p>\n<p class=\"_paragraph_ew2ao_4 _paragraph_xtcu6_10 layout-component text-serif-m layout-normal text-serif-m layout-padded\">Karin Olaug Br\u00e5ten sier det har regnet veldig de siste dagene. Torsdag morgen begynte vannet \u00e5 stige rundt huset, som ligger inntil riksvei 7 Hallingdalsvegen.<\/p>\n<p class=\"_paragraph_ew2ao_4 _paragraph_xtcu6_10 layout-component text-serif-m layout-normal text-serif-m layout-padded\">\u2013 Da begynte jeg \u00e5 f\u00e5 vann inn i kjelleren. Ikke s\u00e5 mye, men det var nok. Jeg bare reiste av g\u00e5rde.<\/p>\n<p class=\"_paragraph_ew2ao_4 _paragraph_xtcu6_10 layout-component text-serif-m layout-normal text-serif-m layout-padded\">Br\u00e5ten har bodd i huset siden 1970, men har bare opplevd noe lignende en gang f\u00f8r. <\/p>\n<p class=\"_paragraph_ew2ao_4 _paragraph_xtcu6_10 layout-component text-serif-m layout-normal text-serif-m layout-padded\">\u2013 Det var under uv\u00e6ret Hans for to \u00e5r siden. Da sto vannet oppunder taket i kjelleren.<\/p>\n<p class=\"_paragraph_ew2ao_4 _paragraph_xtcu6_10 layout-component text-serif-m layout-normal text-serif-m layout-padded\">77-\u00e5ringen stilte seg p\u00e5 trappen og ventet p\u00e5 hjelp fra kommunens folk, med sekken pakket.<\/p>\n<p class=\"_paragraph_ew2ao_4 _paragraph_xtcu6_10 layout-component text-serif-m layout-normal text-serif-m layout-padded\">\u2013 Han m\u00e5tte b\u00e6re meg et stykke, opp til veien. Men jeg fikk med meg kl\u00e6r og har tatt inn hos barnebarna. Det g\u00e5r bra med meg n\u00e5, sier Karin Olaug Br\u00e5ten.<\/p>\n<p><img alt=\"Ogs\u00e5 i Kr\u00f8dsherad har det g\u00e5trt jordras.  Foto: Bj\u00f8rn Kristian Br\u00e5ten\/Kr\u00f8dsherad kommune\" class=\"_image_qp4xg_65 layout-component layout-normal\" data-fullscreen- data-track-element-type=\"Article image fullscreen\" data-track-name=\"ImageFullscreen\" decoding=\"async\" loading=\"lazy\" height=\"749\" itemprop=\"image\"  src=\"https:\/\/www.europesays.com\/no\/wp-content\/uploads\/2025\/09\/b4226445-1e73-4d1d-b9a9-7001784b62f3\"  style=\"object-position:0% 0%\" width=\"810\"\/>Ogs\u00e5 i Kr\u00f8dsherad har det g\u00e5trt jordras.  Foto: Bj\u00f8rn Kristian Br\u00e5ten\/Kr\u00f8dsherad kommune<\/p>\n<p class=\"_paragraph_ew2ao_4 _paragraph_xtcu6_10 layout-component text-serif-m layout-normal text-serif-m layout-padded\">I Kr\u00f8dsherad har det g\u00e5tt et jordras over Norefjellveien. <\/p>\n<p class=\"_paragraph_ew2ao_4 _paragraph_xtcu6_10 layout-component text-serif-m layout-normal text-serif-m layout-padded\">Raset er ansl\u00e5tt til \u00e5 v\u00e6re rundt 200 meter langt og 20 meter bredt, skriver politiet. Hverken bygninger, biler eller personer skal v\u00e6re ber\u00f8rt av raset. <\/p>\n<p class=\"_paragraph_ew2ao_4 _paragraph_xtcu6_10 layout-component text-serif-m layout-normal text-serif-m layout-padded\">Raset skal ha g\u00e5tt 20 meter nedenfor veien, og brannvesenet er p\u00e5 stedet for \u00e5 unders\u00f8ke omr\u00e5det.<\/p>\n<p class=\"_paragraph_ew2ao_4 _paragraph_xtcu6_10 layout-component text-serif-m layout-normal text-serif-m layout-padded\"><strong class=\"_strong_ew2ao_25\">\u2013 Det regner mye p\u00e5 stedet n\u00e5 og er veldig v\u00e5tt i terrenget, skriver operasjonsleder Jan Tore Gregersen i politiloggen.<\/strong><\/p>\n<p class=\"_paragraph_ew2ao_4 _paragraph_xtcu6_10 layout-component text-serif-m layout-normal text-serif-m layout-padded\">Politihelikopter er sendt til stedet for \u00e5 bist\u00e5. <\/p>\n<p>Aktiver kart<br \/>\nGult farevarsel<\/p>\n<p class=\"_paragraph_ew2ao_4 _paragraph_xtcu6_10 layout-component text-serif-m layout-normal text-serif-m layout-padded\">Meteorologisk institutt har sendt ut gult farevarsel for styrtregn i deler av Buskerud og Innlandet. <\/p>\n<p class=\"_paragraph_ew2ao_4 _paragraph_xtcu6_10 layout-component text-serif-m layout-normal text-serif-m layout-padded\">\u2013 I Nesbyen har de f\u00e5tt 42,9 mm regn. P\u00e5 m\u00e5lestasjonen i Hemsedal har det s\u00e5 langt regnet 43,2 mm Forel\u00f8pig er det Hokksund som har f\u00e5tt mest, med 48,2 mm, forteller vakthavende meteorolog Marit Berger til VG rundt klokken 13.20. <\/p>\n<p class=\"_paragraph_ew2ao_4 _paragraph_xtcu6_10 layout-component text-serif-m layout-normal text-serif-m layout-padded\">Styrtregnet p\u00e5g\u00e5r \u2013 og farevarselet varer til klokken 20.00 i kveld. <\/p>\n<p class=\"_paragraph_ew2ao_4 _paragraph_xtcu6_10 layout-component text-serif-m layout-normal text-serif-m layout-padded\">\u2013 N\u00e5r det kommer styrtregn kan du f\u00e5 mye overvann p\u00e5 veier, i tettbygde str\u00f8k og i underganger. Det er greit for folk som er i trafikken \u00e5 v\u00f8re oppmerksom p\u00e5. <\/p>\n<p class=\"_paragraph_ew2ao_4 _paragraph_xtcu6_10 layout-component text-serif-m layout-normal text-serif-m layout-padded\">\u2013 Det er ogs\u00e5 muligheter for bekk- og elvel\u00f8psendringer, flom og jordskred, sier Berger. <\/p>\n<p>    <img decoding=\"async\" alt=\"Tips oss illustrasjon\" width=\"62px\" height=\"auto\" src=\"https:\/\/www.europesays.com\/no\/wp-content\/uploads\/2025\/08\/1754784428_95_W9avJzE.png\"\/>    <\/p>\n<p class=\"title-serif-s\">Har du tips til oss?<\/p>\n<p class=\"text-sans-m\">Send oss informasjon, bilder eller video<\/p>\n<p>  <a href=\"https:\/\/www.vg.no\/tips-oss\" rel=\"nofollow noopener\" target=\"_blank\"> Tips oss <\/a>      <\/p>\n","protected":false},"excerpt":{"rendered":"P\u00e5 ryggen til en brannmann ble Karin Olaug Br\u00e5ten evakuert fra hjemmet sitt. Huset til Karin Olaug Br\u00e5ten&hellip;\n","protected":false},"author":2,"featured_media":32514,"comment_status":"","ping_status":"","sticky":false,"template":"","format":"standard","meta":{"footnotes":""},"categories":[10],"tags":[31,20,21,24,25,15,22,23,13,30,28,29,14,16,26,27],"class_list":{"0":"post-32513","1":"post","2":"type-post","3":"status-publish","4":"format-standard","5":"has-post-thumbnail","7":"category-norge","8":"tag-breaking","9":"tag-breaking-news","10":"tag-breakingnews","11":"tag-featured-news","12":"tag-featurednews","13":"tag-headlines","14":"tag-latest-news","15":"tag-latestnews","16":"tag-news","17":"tag-no","18":"tag-norge","19":"tag-norway","20":"tag-nyheter","21":"tag-overskrifter","22":"tag-top-stories","23":"tag-topstories"},"share_on_mastodon":{"url":"","error":""},"_links":{"self":[{"href":"https:\/\/www.europesays.com\/no\/wp-json\/wp\/v2\/posts\/32513","targetHints":{"allow":["GET"]}}],"collection":[{"href":"https:\/\/www.europesays.com\/no\/wp-json\/wp\/v2\/posts"}],"about":[{"href":"https:\/\/www.europesays.com\/no\/wp-json\/wp\/v2\/types\/post"}],"author":[{"embeddable":true,"href":"https:\/\/www.europesays.com\/no\/wp-json\/wp\/v2\/users\/2"}],"replies":[{"embeddable":true,"href":"https:\/\/www.europesays.com\/no\/wp-json\/wp\/v2\/comments?post=32513"}],"version-history":[{"count":0,"href":"https:\/\/www.europesays.com\/no\/wp-json\/wp\/v2\/posts\/32513\/revisions"}],"wp:featuredmedia":[{"embeddable":true,"href":"https:\/\/www.europesays.com\/no\/wp-json\/wp\/v2\/media\/32514"}],"wp:attachment":[{"href":"https:\/\/www.europesays.com\/no\/wp-json\/wp\/v2\/media?parent=32513"}],"wp:term":[{"taxonomy":"category","embeddable":true,"href":"https:\/\/www.europesays.com\/no\/wp-json\/wp\/v2\/categories?post=32513"},{"taxonomy":"post_tag","embeddable":true,"href":"https:\/\/www.europesays.com\/no\/wp-json\/wp\/v2\/tags?post=32513"}],"curies":[{"name":"wp","href":"https:\/\/api.w.org\/{rel}","templated":true}]}}