{"id":325270,"date":"2026-08-17T08:40:21","date_gmt":"2026-08-17T08:40:21","guid":{"rendered":"https:\/\/www.europesays.com\/no\/325270\/"},"modified":"2026-08-17T08:40:21","modified_gmt":"2026-08-17T08:40:21","slug":"dette-er-arets-skal-vi-danse-deltakere-2","status":"publish","type":"post","link":"https:\/\/www.europesays.com\/no\/325270\/","title":{"rendered":"Dette er \u00e5rets Skal vi danse-deltakere"},"content":{"rendered":"<p class=\"kicker \" style=\"\">\u00abSkal vi danse\u00bb:<\/p>\n<p class=\"subtitle \" style=\"\">TV-h\u00f8sten n\u00e6rmer seg med stormskritt, og i dag skal det endelig avsl\u00f8res hvem som skal svinge seg p\u00e5 parketten i \u00abSkal vi danse\u00bb.<\/p>\n<p> For 21. gang er det duket for en ny sesong av TV 2-suksessen \u00abSkal vi danse\u00bb, og endelig skal seerne f\u00e5 vite hvem som skal sn\u00f8re p\u00e5 seg danseskoene og kjempe om \u00e5rets pokal.\u00a0<\/p>\n<p>Deltakerlisten har v\u00e6rt gjenstand for spekulasjoner i lang tid, og <a href=\"https:\/\/www.seher.no\/kjendis\/skal-vi-danse-kjendisene-avslort\/84974080\" target=\"_blank\" rel=\"nofollow noopener\">Se og H\u00f8r er blant dem som har fors\u00f8kt<\/a>\u00a0\u00e5 f\u00e5 hull p\u00e5 navnene bak \u00e5rets dansegjeng.<\/p>\n<p>Navn som Leah Behn (21), Sondre Sundby (34) og Sebastian Solberg (35) er blant dem som har blitt nevnt fra flere hold.<\/p>\n<p>    <a itemprop=\"url\" href=\"https:\/\/www.seher.no\/kjendis\/skal-vi-danse-kjendisene-avslort\/84974080\" rel=\"nofollow noopener\" target=\"_blank\"><\/p>\n<p>        <img loading=\"lazy\" decoding=\"async\" src=\"https:\/\/www.europesays.com\/no\/wp-content\/uploads\/2026\/08\/1786956011_43_84975262.webp\" width=\"180\" height=\"81\" alt=\"\" class=\"\" style=\"--aspect-ratio-image: 2.22; \"\/><\/p>\n<p>        Deltagere avsl\u00f8rt<\/p>\n<p>    <\/a><\/p>\n<p> N\u00e5 er heldigvis tiden med spekulasjoner over, og TV 2 avsl\u00f8rer endelig navnene som skal fylle parketten.\u00a0<\/p>\n<p>Og n\u00e5r dansen f\u00f8rst er i gang, er Se og H\u00f8r som alltid p\u00e5 plass. Ogs\u00e5 i \u00e5r har vi med oss tidligere proffdanser Lillian Aaseb\u00f8 som kommentator og anmelder, klar til \u00e5 vurdere \u00e5rets prestasjoner p\u00e5 parketten. <\/p>\n<p>&#8211; Jeg har s\u00e5 store forventninger. Det kribler litt i magen. Jeg h\u00e5per \u00e5 se en deilig blanding &#8211; alt fra idrettsut\u00f8vere, til artister, til komikere, sier Aaseb\u00f8 kort tid f\u00f8r presentasjonen. <\/p>\n<p>        <img loading=\"lazy\" decoding=\"async\" src=\"https:\/\/www.europesays.com\/no\/wp-content\/uploads\/2026\/08\/85023408.webp\" width=\"667\" height=\"401\" alt=\"\" class=\"\" style=\"--aspect-ratio-image: 1.66; \"\/><\/p>\n<p>\n        ANMELDER: Tidligere proffdanser Lillian Aaseb\u00f8. Foto: Kristian Ridder-Nielsen \/ Dagbladet\n    <\/p>\n<p>Disse deltar:<\/p>\n<p>Kim Wigaard (38), artist.\u00a0<\/p>\n<p>        <img loading=\"lazy\" decoding=\"async\" src=\"https:\/\/www.europesays.com\/no\/wp-content\/uploads\/2026\/08\/85023477.webp\" width=\"667\" height=\"461\" alt=\"\" class=\"\" style=\"--aspect-ratio-image: 1.45; \"\/><\/p>\n<p>\n        Kim Wigaard og Marielle Holgersen. Foto: Kristian Ridder-Nielsen \/ Dagbladet\n    <\/p>\n<p>Hans dansepartner er Marielle Holgersen.\u00a0<\/p>\n<p>Leah Behn (21), influenser og gr\u00fcnder.\u00a0<\/p>\n<p>        <img loading=\"lazy\" decoding=\"async\" src=\"https:\/\/www.europesays.com\/no\/wp-content\/uploads\/2026\/08\/85023478.webp\" width=\"667\" height=\"474\" alt=\"\" class=\"\" style=\"--aspect-ratio-image: 1.41; \"\/><\/p>\n<p>\n        Leah Behn og Andreas Hiim. Foto: Kristian Ridder-Nielsen \/ Dagbladet\n    <\/p>\n<p>Leah skal danse med Andreas Hiim.<\/p>\n<p>Alexander Bonsaksen (39), tidligere ishockeyspiller.\u00a0<\/p>\n<p>        <img loading=\"lazy\" decoding=\"async\" src=\"https:\/\/www.europesays.com\/no\/wp-content\/uploads\/2026\/08\/85023503.webp\" width=\"667\" height=\"467\" alt=\"\" class=\"\" style=\"--aspect-ratio-image: 1.43; \"\/><\/p>\n<p>\n        Alexander Bonsaksen og Rikke Lund: Foto: Kristian Ridder-Nielsen \/ Dagbladet\n    <\/p>\n<p>Alexanders dansepartner er Rikke Lund. <\/p>\n<p class=\"font-weight-bold m-font-weight-bold\" data-lab-font_weight=\"font-weight-bold\">Katelyn Garbin (33), skuespiller.\u00a0<\/p>\n<p>        <img loading=\"lazy\" decoding=\"async\" src=\"https:\/\/www.europesays.com\/no\/wp-content\/uploads\/2026\/08\/85023518.webp\" width=\"667\" height=\"474\" alt=\"\" class=\"\" style=\"--aspect-ratio-image: 1.41; \"\/><\/p>\n<p>\n        Katelyn Garbin og Ole Thomas Hansen. Foto: Kristian Ridder-Nielsen \/ Dagbladet\n    <\/p>\n<p>Katelyn skal danse med Ole Thomas Hansen.<\/p>\n<p class=\"font-weight-bold m-font-weight-bold\" data-lab-font_weight=\"font-weight-bold\">Maria Stavang (31), komiker.\u00a0<\/p>\n<p>        <img loading=\"lazy\" decoding=\"async\" src=\"https:\/\/www.europesays.com\/no\/wp-content\/uploads\/2026\/08\/85023544.webp\" width=\"667\" height=\"441\" alt=\"\" class=\"\" style=\"--aspect-ratio-image: 1.51; \"\/><\/p>\n<p>\n        Maria Stavang. Foto: Kristian Ridder-Nielsen \/ Dagbladet\n    <\/p>\n<p>Hennes dansepartner er J\u00f8rgen Nilsen.\u00a0<\/p>\n<p class=\"font-weight-bold m-font-weight-bold\" data-lab-font_weight=\"font-weight-bold\">Espen PA Lervaaag (47), serieskaper og skuespiller.\u00a0<\/p>\n<p>        <img loading=\"lazy\" decoding=\"async\" src=\"https:\/\/www.europesays.com\/no\/wp-content\/uploads\/2026\/08\/85023556.webp\" width=\"667\" height=\"441\" alt=\"\" class=\"\" style=\"--aspect-ratio-image: 1.51; \"\/><\/p>\n<p>\n        Espen PA Lervaag og Louise Heise. Foto: Kristian Ridder-Nielsen \/ Dagbladet\n    <\/p>\n<p>Espen skal danse med Louise Heise.\u00a0<\/p>\n<p class=\"font-weight-bold m-font-weight-bold\" data-lab-font_weight=\"font-weight-bold\">Victoria Nadine (26), artist.\u00a0<\/p>\n<p>        <img loading=\"lazy\" decoding=\"async\" src=\"https:\/\/www.europesays.com\/no\/wp-content\/uploads\/2026\/08\/85023683.webp\" width=\"667\" height=\"441\" alt=\"\" class=\"\" style=\"--aspect-ratio-image: 1.51; \"\/><\/p>\n<p>\n        Victoria Nadine og Antonio Careri. Foto: Kristian Ridder-Nielsen \/ Dagbladet\n    <\/p>\n<p>Victoria Nadine skal danse med Antonio Careri.<\/p>\n<p class=\"font-weight-bold m-font-weight-bold\" data-lab-font_weight=\"font-weight-bold\">Alessandra Mele (23), artist.\u00a0<\/p>\n<p>        <img loading=\"lazy\" decoding=\"async\" src=\"https:\/\/www.europesays.com\/no\/wp-content\/uploads\/2026\/08\/85023612.webp\" width=\"667\" height=\"381\" alt=\"\" class=\"\" style=\"--aspect-ratio-image: 1.75; \"\/><\/p>\n<p>\n        Alessandra Mele og Jone Snilstveit. Foto: Kristian Ridder-Nielsen \/ Dagbladet\n    <\/p>\n<p>Alessandra skal danse med Jone Snilstveit.<\/p>\n<p class=\"font-weight-bold m-font-weight-bold\" data-lab-font_weight=\"font-weight-bold\">Tim Kristian (26), skj\u00f8nnhetsinfluenser.\u00a0<\/p>\n<p>        <img loading=\"lazy\" decoding=\"async\" src=\"https:\/\/www.europesays.com\/no\/wp-content\/uploads\/2026\/08\/85023631.webp\" width=\"688\" height=\"393\" alt=\"\" class=\"\" style=\"--aspect-ratio-image: 1.75; \"\/><\/p>\n<p>\n        Tim Kristian og Amalie Aune. Foto: Kristian Ridder-Nielsen \/ Dagbladet\n    <\/p>\n<p>Hans dansepartner er Amalie Aune.<\/p>\n<p class=\"font-weight-bold m-font-weight-bold\" data-lab-font_weight=\"font-weight-bold\">Henriette Lien (56), skuespiller og programleder.\u00a0<\/p>\n<p>        <img loading=\"lazy\" decoding=\"async\" src=\"https:\/\/www.europesays.com\/no\/wp-content\/uploads\/2026\/08\/85023705.webp\" width=\"688\" height=\"393\" alt=\"\" class=\"\" style=\"--aspect-ratio-image: 1.75; \"\/><\/p>\n<p>\n        Henriette Lien og Tarjei Svalastog. Foto: Kristian Ridder-Nielsen \/ Dagbladet\n    <\/p>\n<p>Henriette skal danse med Tarjei Svalastog.<\/p>\n<p class=\"font-weight-bold m-font-weight-bold\" data-lab-font_weight=\"font-weight-bold\">Sondre Sundby (34), treningsprofil.\u00a0<\/p>\n<p>        <img loading=\"lazy\" decoding=\"async\" src=\"https:\/\/www.europesays.com\/no\/wp-content\/uploads\/2026\/08\/85023713.webp\" width=\"667\" height=\"441\" alt=\"\" class=\"\" style=\"--aspect-ratio-image: 1.51; \"\/><\/p>\n<p>\n        Sondre Sundby og Norunn Ringvoll. Foto: Kristian Ridder-Nielsen \/ Dagbladet\n    <\/p>\n<p>Hans dansepartner er Norunn Ringvoll.<\/p>\n<p class=\"font-weight-bold m-font-weight-bold\" data-lab-font_weight=\"font-weight-bold\">Sandra Lyng (39), artist, gr\u00fcnder og mentaltrener.\u00a0<\/p>\n<p>        <img loading=\"lazy\" decoding=\"async\" src=\"https:\/\/www.europesays.com\/no\/wp-content\/uploads\/2026\/08\/85023721.webp\" width=\"667\" height=\"447\" alt=\"\" class=\"\" style=\"--aspect-ratio-image: 1.49; \"\/><\/p>\n<p>\n        Sandra Lyng og Santino Mirenna. Foto: Kristian Ridder-Nielsen \/ Dagbladet\n    <\/p>\n<p>Sandra skal danse med Santino Mirenna.\u00a0<\/p>\n<p class=\"font-weight-bold m-font-weight-bold\" data-lab-font_weight=\"font-weight-bold\">Sebastian Solberg (35), influenser.<\/p>\n<p>        <img loading=\"lazy\" decoding=\"async\" src=\"https:\/\/www.europesays.com\/no\/wp-content\/uploads\/2026\/08\/85023727.webp\" width=\"667\" height=\"414\" alt=\"\" class=\"\" style=\"--aspect-ratio-image: 1.61; \"\/><\/p>\n<p>\n        Sebastian Solberg og Marianne Sandaker. Foto: Kristian Ridder-Nielsen \/ Dagbladet\n    <\/p>\n<p>Sebastians dansepartner er Marianne Sandaker.<\/p>\n<p> \u00abSkal vi danse\u00bb har premiere l\u00f8rdag 26. september p\u00e5 TV 2 Play og TV 2 Direkte, og sendes direkte hver l\u00f8rdag frem til finalen l\u00f8rdag 12. desember. <\/p>\n","protected":false},"excerpt":{"rendered":"\u00abSkal vi danse\u00bb: TV-h\u00f8sten n\u00e6rmer seg med stormskritt, og i dag skal det endelig avsl\u00f8res hvem som skal&hellip;\n","protected":false},"author":2,"featured_media":325271,"comment_status":"","ping_status":"","sticky":false,"template":"","format":"standard","meta":{"footnotes":"","_share_on_mastodon":"0"},"categories":[5],"tags":[20,21,8111,24,25,15,19,2286,479,2543,22,23,17,18,9574,8604,13,30,28,29,14,16,2177,2280,26,27,208],"class_list":["post-325270","post","type-post","status-publish","format-standard","has-post-thumbnail","category-overskrifter","tag-breaking-news","tag-breakingnews","tag-cengiz-al","tag-featured-news","tag-featurednews","tag-headlines","tag-hovedoppslag","tag-jan-thomas","tag-kjendis","tag-kjendisdesken","tag-latest-news","tag-latestnews","tag-main-news","tag-mainnews","tag-merete-lingjaerde","tag-nadya-khamitskaya","tag-news","tag-no","tag-norge","tag-norway","tag-nyheter","tag-overskrifter","tag-reality-tv","tag-skal-vi-danse","tag-top-stories","tag-topstories","tag-tv-2"],"share_on_mastodon":{"url":"https:\/\/pubeurope.com\/@no\/117109957425424933","error":""},"_links":{"self":[{"href":"https:\/\/www.europesays.com\/no\/wp-json\/wp\/v2\/posts\/325270","targetHints":{"allow":["GET"]}}],"collection":[{"href":"https:\/\/www.europesays.com\/no\/wp-json\/wp\/v2\/posts"}],"about":[{"href":"https:\/\/www.europesays.com\/no\/wp-json\/wp\/v2\/types\/post"}],"author":[{"embeddable":true,"href":"https:\/\/www.europesays.com\/no\/wp-json\/wp\/v2\/users\/2"}],"replies":[{"embeddable":true,"href":"https:\/\/www.europesays.com\/no\/wp-json\/wp\/v2\/comments?post=325270"}],"version-history":[{"count":0,"href":"https:\/\/www.europesays.com\/no\/wp-json\/wp\/v2\/posts\/325270\/revisions"}],"wp:featuredmedia":[{"embeddable":true,"href":"https:\/\/www.europesays.com\/no\/wp-json\/wp\/v2\/media\/325271"}],"wp:attachment":[{"href":"https:\/\/www.europesays.com\/no\/wp-json\/wp\/v2\/media?parent=325270"}],"wp:term":[{"taxonomy":"category","embeddable":true,"href":"https:\/\/www.europesays.com\/no\/wp-json\/wp\/v2\/categories?post=325270"},{"taxonomy":"post_tag","embeddable":true,"href":"https:\/\/www.europesays.com\/no\/wp-json\/wp\/v2\/tags?post=325270"}],"curies":[{"name":"wp","href":"https:\/\/api.w.org\/{rel}","templated":true}]}}