{"id":325398,"date":"2026-08-17T10:34:23","date_gmt":"2026-08-17T10:34:23","guid":{"rendered":"https:\/\/www.europesays.com\/no\/325398\/"},"modified":"2026-08-17T10:34:23","modified_gmt":"2026-08-17T10:34:23","slug":"nyhet-reality-dette-er-arets-deltakere-i-skal-vi-danse","status":"publish","type":"post","link":"https:\/\/www.europesays.com\/no\/325398\/","title":{"rendered":"Nyhet, Reality | Dette er \u00e5rets deltakere i \u00abSkal vi danse\u00bb"},"content":{"rendered":"\n<p><a href=\"https:\/\/www.nettavisen.no\/kjendis\/dette-er-arets-deltakere-i-skal-vi-danse\/s\/5-95-3200874\" rel=\"Follow nofollow noopener\" target=\"_blank\">(Nettavisen): <\/a>Fjor\u00e5rets jubileumssesong av \u00abSkal vi danse\u00bb var den mest sette sesongen av programmet p\u00e5 over ti \u00e5r. <\/p>\n<p>Mandag formiddag presenterte TV 2 deltakerne som skal kjempe om seieren i \u00e5rets sesong.<\/p>\n<p>\u2013 I \u00e5r har vi samlet en ny fantastisk gjeng som er en god miks av profiler fra scenen, idretten og sosiale medier, som vi gleder oss stort til \u00e5 sende ut p\u00e5 parketten. Vi legger som alltid lista h\u00f8yt, og forventer en sesong som blir minst like underholdende og engasjerende som i fjor, sier programredakt\u00f8r i TV 2, Trygve R\u00f8nningen.<\/p>\n<p>Programmet ledes av Helene Olafsen og Anders Hoff. Dommerpanelet best\u00e5r av Cengiz Al, Jan Thomas, Nadya Khamitskaya og Merete M\u00f8rk Lingj\u00e6rde.<\/p>\n<p>Dette er \u00e5rets deltakere:<\/p>\n<ul>\n<li>Alessandra Mele (23), artist.<\/li>\n<li>Espen PA Lervaag (49), komiker.<\/li>\n<li>Leah Behn (21), influenser.<\/li>\n<li>Alexander Bonsaksen (39), tidligere ishockeyspiller.<\/li>\n<li>Katelyn Garbin (33), skuespiller.<\/li>\n<li>Maria Stavang (31), komiker.<\/li>\n<li>Kim WIgaard (38), artist.<\/li>\n<li>Sandra Lyng (39), artist.<\/li>\n<li>Sebastian Solberg (35), influenser.<\/li>\n<li>Victoria Nadine (36), artist.<\/li>\n<li>Sondre Sundby (35), treningsprofil.<\/li>\n<li>Tim Kristian (25), influenser.<\/li>\n<li>Henriette Lien (56), skuespiller.<\/li>\n<\/ul>\n<p>\u2013 Dette er en dr\u00f8mmecast<\/p>\n<p>Nettavisens underholdningskommentator, Maria Ludvigsen, er fra seg av begeistring over \u00e5rets deltakere.<\/p>\n<p>\u2013 Umiddelbart tenker jeg at dette er en dr\u00f8mmecast. God variasjon, mange morsomme folk og mange som kan bli skikkelig gode! Jeg er selvf\u00f8lgelig skuffa over at ikke Durek ogs\u00e5 er med, men det blir spennende \u00e5 f\u00f8lge Leah, sier Ludvigsen til Nettavisen.<\/p>\n<p>   <img decoding=\"async\" width=\"4500\" height=\"3000\" fetchpriority=\"low\"  loading=\"lazy\"  src=\"https:\/\/www.europesays.com\/no\/wp-content\/uploads\/2026\/08\/cueres_scp-mangler_navn_4pYqQETLHIg_1.jpg\" alt=\"\" class=\"brick-c-cFOWSL\" style=\"--brick-image-ratio: 4500 \/ 3000;\"\/><\/p>\n<p>      \u00d8NSKER ENDRING: Maris Ludvigsen skulle \u00f8nske de frisket opp dommerpanelet.<br \/>\n      Foto: Thomas Andersen \/ TV 2\n    <\/p>\n<p>Dommerpanelet kunne derimot ha f\u00e5tt en justering eller to, mener Ludvigsen.<\/p>\n<p>\u2013 Jeg hadde kanskje h\u00e5pet p\u00e5 en oppfriskning av dommerpanelet. Mer sier jeg ikke, hehe, sier Ludvigsen med et glimt i \u00f8yet.<\/p>\n<p><b>Se bilder av alle deltakerne under:<\/b><\/p>\n<p>   <img decoding=\"async\" width=\"4266\" height=\"6400\" fetchpriority=\"low\"  loading=\"lazy\"  src=\"https:\/\/www.europesays.com\/no\/wp-content\/uploads\/2026\/08\/SKALVIDANSE-S21-PORTRETTER-UTENLOGO-ALESSANDRA_1.png\" alt=\"\" class=\"brick-c-cFOWSL\" style=\"--brick-image-ratio: 4266 \/ 6400;\"\/><\/p>\n<p>      Foto: Fredrik Arff (TV 2)\n    <\/p>\n<p>   <img decoding=\"async\" width=\"4266\" height=\"6400\" fetchpriority=\"low\"  loading=\"lazy\"  src=\"https:\/\/www.europesays.com\/no\/wp-content\/uploads\/2026\/08\/SKALVIDANSE-S21-PORTRETTER-UTENLOGO-ESPEN2_1.png\" alt=\"\" class=\"brick-c-cFOWSL\" style=\"--brick-image-ratio: 4266 \/ 6400;\"\/><\/p>\n<p>      Foto: Fredrik Arff (TV 2)\n    <\/p>\n<p>   <img decoding=\"async\" width=\"4266\" height=\"6400\" fetchpriority=\"low\"  loading=\"lazy\"  src=\"https:\/\/www.europesays.com\/no\/wp-content\/uploads\/2026\/08\/SKALVIDANSE-S21-PORTRETTER-UTENLOGO-LEAH_1.png\" alt=\"\" class=\"brick-c-cFOWSL\" style=\"--brick-image-ratio: 4266 \/ 6400;\"\/><\/p>\n<p>      Foto: Fredrik Arff (TV 2)\n    <\/p>\n<p>   <img decoding=\"async\" width=\"4266\" height=\"6400\" fetchpriority=\"low\"  loading=\"lazy\"  src=\"https:\/\/www.europesays.com\/no\/wp-content\/uploads\/2026\/08\/SKALVIDANSE-S21-PORTRETTER-UTENLOGO-ALEXANDER_1.png\" alt=\"\" class=\"brick-c-cFOWSL\" style=\"--brick-image-ratio: 4266 \/ 6400;\"\/><\/p>\n<p>      Foto: Fredrik Arff (TV 2)\n    <\/p>\n<p>   <img decoding=\"async\" width=\"4266\" height=\"6400\" fetchpriority=\"low\"  loading=\"lazy\"  src=\"https:\/\/www.europesays.com\/no\/wp-content\/uploads\/2026\/08\/SKALVIDANSE-S21-PORTRETTER-UTENLOGO-KATELYN_1.png\" alt=\"\" class=\"brick-c-cFOWSL\" style=\"--brick-image-ratio: 4266 \/ 6400;\"\/><\/p>\n<p>      Foto: Fredrik Arff (TV 2)\n    <\/p>\n<p>   <img decoding=\"async\" width=\"4266\" height=\"6400\" fetchpriority=\"low\"  loading=\"lazy\"  src=\"https:\/\/www.europesays.com\/no\/wp-content\/uploads\/2026\/08\/SKALVIDANSE-S21-PORTRETTER-UTENLOGO-KIM_1.png\" alt=\"\" class=\"brick-c-cFOWSL\" style=\"--brick-image-ratio: 4266 \/ 6400;\"\/><\/p>\n<p>      Foto: Fredrik Arff (TV 2)\n    <\/p>\n<p>   <img decoding=\"async\" width=\"4266\" height=\"6400\" fetchpriority=\"low\"  loading=\"lazy\"  src=\"https:\/\/www.europesays.com\/no\/wp-content\/uploads\/2026\/08\/SKALVIDANSE-S21-PORTRETTER-UTENLOGO-SANDRA_1.png\" alt=\"\" class=\"brick-c-cFOWSL\" style=\"--brick-image-ratio: 4266 \/ 6400;\"\/><\/p>\n<p>      Foto: Fredrik Arff (TV 2)\n    <\/p>\n<p>   <img decoding=\"async\" width=\"4266\" height=\"6400\" fetchpriority=\"low\"  loading=\"lazy\"  src=\"https:\/\/www.europesays.com\/no\/wp-content\/uploads\/2026\/08\/SKALVIDANSE-S21-PORTRETTER-UTENLOGO-SEBASTIAN_1.png\" alt=\"\" class=\"brick-c-cFOWSL\" style=\"--brick-image-ratio: 4266 \/ 6400;\"\/><\/p>\n<p>      Foto: Fredrik Arff (TV 2)\n    <\/p>\n<p>   <img decoding=\"async\" width=\"4266\" height=\"6400\" fetchpriority=\"low\"  loading=\"lazy\"  src=\"https:\/\/www.europesays.com\/no\/wp-content\/uploads\/2026\/08\/SKALVIDANSE-S21-PORTRETTER-UTENLOGO-VICTORIA3_1.png\" alt=\"\" class=\"brick-c-cFOWSL\" style=\"--brick-image-ratio: 4266 \/ 6400;\"\/><\/p>\n<p>      Foto: Fredrik Arff (TV 2)\n    <\/p>\n<p>   <img decoding=\"async\" width=\"4266\" height=\"6400\" fetchpriority=\"low\"  loading=\"lazy\"  src=\"https:\/\/www.europesays.com\/no\/wp-content\/uploads\/2026\/08\/SKALVIDANSE-S21-PORTRETTER-UTENLOGO-SONDRE_1.png\" alt=\"\" class=\"brick-c-cFOWSL\" style=\"--brick-image-ratio: 4266 \/ 6400;\"\/><\/p>\n<p>      Foto: Fredrik Arff (TV 2)\n    <\/p>\n<p>   <img decoding=\"async\" width=\"4266\" height=\"6400\" fetchpriority=\"low\"  loading=\"lazy\"  src=\"https:\/\/www.europesays.com\/no\/wp-content\/uploads\/2026\/08\/SKALVIDANSE-S21-PORTRETTER-UTENLOGO-TIM2_1.png\" alt=\"\" class=\"brick-c-cFOWSL\" style=\"--brick-image-ratio: 4266 \/ 6400;\"\/><\/p>\n<p>      Foto: Fredrik Arff (TV 2)\n    <\/p>\n<p>   <img decoding=\"async\" width=\"4266\" height=\"6400\" fetchpriority=\"low\"  loading=\"lazy\"  src=\"https:\/\/www.europesays.com\/no\/wp-content\/uploads\/2026\/08\/SKALVIDANSE-S21-PORTRETTER-UTENLOGO-HENRIETTE_1.png\" alt=\"\" class=\"brick-c-cFOWSL\" style=\"--brick-image-ratio: 4266 \/ 6400;\"\/><\/p>\n<p>      Foto: Fredrik Arff (TV 2)\n    <\/p>\n","protected":false},"excerpt":{"rendered":"(Nettavisen): Fjor\u00e5rets jubileumssesong av \u00abSkal vi danse\u00bb var den mest sette sesongen av programmet p\u00e5 over ti \u00e5r.&hellip;\n","protected":false},"author":2,"featured_media":325399,"comment_status":"","ping_status":"","sticky":false,"template":"","format":"standard","meta":{"footnotes":"","_share_on_mastodon":"0"},"categories":[5],"tags":[36,20,21,24,25,15,19,22,23,17,18,13,30,28,29,447,14,16,2587,1510,26,27,207],"class_list":["post-325398","post","type-post","status-publish","format-standard","has-post-thumbnail","category-overskrifter","tag-art","tag-breaking-news","tag-breakingnews","tag-featured-news","tag-featurednews","tag-headlines","tag-hovedoppslag","tag-latest-news","tag-latestnews","tag-main-news","tag-mainnews","tag-news","tag-no","tag-norge","tag-norway","tag-nyhet","tag-nyheter","tag-overskrifter","tag-reality","tag-story","tag-top-stories","tag-topstories","tag-tv"],"share_on_mastodon":{"url":"https:\/\/pubeurope.com\/@no\/117110405398751087","error":""},"_links":{"self":[{"href":"https:\/\/www.europesays.com\/no\/wp-json\/wp\/v2\/posts\/325398","targetHints":{"allow":["GET"]}}],"collection":[{"href":"https:\/\/www.europesays.com\/no\/wp-json\/wp\/v2\/posts"}],"about":[{"href":"https:\/\/www.europesays.com\/no\/wp-json\/wp\/v2\/types\/post"}],"author":[{"embeddable":true,"href":"https:\/\/www.europesays.com\/no\/wp-json\/wp\/v2\/users\/2"}],"replies":[{"embeddable":true,"href":"https:\/\/www.europesays.com\/no\/wp-json\/wp\/v2\/comments?post=325398"}],"version-history":[{"count":0,"href":"https:\/\/www.europesays.com\/no\/wp-json\/wp\/v2\/posts\/325398\/revisions"}],"wp:featuredmedia":[{"embeddable":true,"href":"https:\/\/www.europesays.com\/no\/wp-json\/wp\/v2\/media\/325399"}],"wp:attachment":[{"href":"https:\/\/www.europesays.com\/no\/wp-json\/wp\/v2\/media?parent=325398"}],"wp:term":[{"taxonomy":"category","embeddable":true,"href":"https:\/\/www.europesays.com\/no\/wp-json\/wp\/v2\/categories?post=325398"},{"taxonomy":"post_tag","embeddable":true,"href":"https:\/\/www.europesays.com\/no\/wp-json\/wp\/v2\/tags?post=325398"}],"curies":[{"name":"wp","href":"https:\/\/api.w.org\/{rel}","templated":true}]}}