{"id":325400,"date":"2026-08-17T10:36:14","date_gmt":"2026-08-17T10:36:14","guid":{"rendered":"https:\/\/www.europesays.com\/no\/325400\/"},"modified":"2026-08-17T10:36:14","modified_gmt":"2026-08-17T10:36:14","slug":"tv2-victoria-nadine-victoria-nadine-fra-skien-er-klar-for-arets-skal-vi-danse","status":"publish","type":"post","link":"https:\/\/www.europesays.com\/no\/325400\/","title":{"rendered":"TV2, Victoria Nadine | Victoria Nadine fra Skien er klar for \u00e5rets \u00abSkal vi danse\u00bb"},"content":{"rendered":"\n<p>\u2013 Fjor\u00e5rets sesong av \u00abSkal vi danse\u00bb ble en formidabel suksess, noe som viser hvor sterkt dette programmet st\u00e5r hos det norske folk. I \u00e5r har vi samlet en ny fantastisk gjeng som er en god miks av profiler fra scenen, idretten og sosiale medier, som vi gleder oss stort til \u00e5 sende ut p\u00e5 parketten. Vi legger som alltid lista h\u00f8yt, og forventer en sesong som blir minst like underholdende og engasjerende som i fjor, sier programredakt\u00f8r i TV 2, Trygve R\u00f8nningen.<\/p>\n<p>En av deltakerne er alts\u00e5 Victoria Nadine fra Skien. Hun har sunget hele livet, men valgte \u00e5 g\u00e5 p\u00e5 idrettslinja. En gang var hun turntrener i Skien.<\/p>\n<p>\u2013 Ja, det stemmer, men det hadde jeg nesten glemt, sier hun og ler. Jeg turnet fra jeg var tre til jeg var 16 \u00e5r, sa hun til TA i 2024.<\/p>\n<p><b>Her er \u00e5rets deltakere:<\/b><\/p>\n<p><b>Leah Behn,<\/b> influenser og gr\u00fcnder. Leah skal danse med Andreas Hiim.<\/p>\n<p><b>Kim Wigaard, <\/b>artist. Hans dansepartner er Marielle Holgersen. <\/p>\n<p><b>Katelyn Garbin, <\/b>skuespiller. Katelyn skal danse med Ole Thomas Hansen.<\/p>\n<p><b>Maria Stavang,<\/b> komiker. Hennes dansepartner er J\u00f8rgen Nilsen. <\/p>\n<p><b>Espen PA Lervaaag,<\/b> serieskaper og skuespiller. Espen skal danse med Louise Heise. <\/p>\n<p>   <img decoding=\"async\" width=\"4266\" height=\"6400\" fetchpriority=\"low\"  loading=\"lazy\"  src=\"https:\/\/www.europesays.com\/no\/wp-content\/uploads\/2026\/08\/Nadine_1.png\" alt=\"\" class=\"brick-c-cFOWSL\" style=\"--brick-image-ratio: 4266 \/ 6400;\"\/><\/p>\n<p>      Foto: Fredrik Arff\/TV 2 (montasje)\n    <\/p>\n<p><b>Victoria Nadine,<\/b> artist. Victoria Nadine skal danse med Antonio Careri.<\/p>\n<p><b>Alexander Bonsaksen,<\/b> tidligere ishockeyspiller. Alexanders dansepartner er Rikke Lund. <\/p>\n<p><b>Alessandra Mele,<\/b> artist. Alessandra skal danse med Jone Snilstveit.<\/p>\n<p><b>Tim Kristian,<\/b> skj\u00f8nnhetsinfluenser. Hans dansepartner er Amalie Aune.<\/p>\n<p><b>Henriette Lien,<\/b> skuespiller og programleder. Henriette skal danse med Tarjei Svalastog.<\/p>\n<p><b>Sondre Sundby,<\/b> treningsprofil. Hans dansepartner er Norunn Ringvoll.<\/p>\n<p><b>Sandra Lyng, <\/b>artist, gr\u00fcnder og mentaltrener. Sandra skal danse med Santino Mirenna. <\/p>\n<p><b>Sebastian Solberg<\/b>, influenser. Sebastians dansepartner er Marianne Sandaker.<\/p>\n<p>Programmet ledes av Helene Olafsen og Anders Hoff. Dommerpanelet best\u00e5r av Cengiz Al, Jan Thomas, Nadya Khamitskaya og Merete M\u00f8rk Lingj\u00e6rde. <\/p>\n<p>Det er Nordisk Film TV som produserer \u00abSkal vi danse\u00bb for TV 2. <\/p>\n<p>   <img decoding=\"async\" width=\"7680\" height=\"4320\" fetchpriority=\"low\"  loading=\"lazy\"  src=\"https:\/\/www.europesays.com\/no\/wp-content\/uploads\/2026\/08\/Danse_1.png\" alt=\"\" class=\"brick-c-cFOWSL\" style=\"--brick-image-ratio: 7680 \/ 4320;\"\/><\/p>\n<p>      Foto: Fredrik Arff\/TV 2 (montasje)\n    <\/p>\n","protected":false},"excerpt":{"rendered":"\u2013 Fjor\u00e5rets sesong av \u00abSkal vi danse\u00bb ble en formidabel suksess, noe som viser hvor sterkt dette programmet&hellip;\n","protected":false},"author":2,"featured_media":325401,"comment_status":"","ping_status":"","sticky":false,"template":"","format":"standard","meta":{"footnotes":"","_share_on_mastodon":"0"},"categories":[58],"tags":[36,71,30,28,29,2280,1510,1130,72,13019],"class_list":["post-325400","post","type-post","status-publish","format-standard","has-post-thumbnail","category-underholdning","tag-art","tag-entertainment","tag-no","tag-norge","tag-norway","tag-skal-vi-danse","tag-story","tag-tv2","tag-underholdning","tag-victoria-nadine"],"share_on_mastodon":{"url":"https:\/\/pubeurope.com\/@no\/117110413298244449","error":""},"_links":{"self":[{"href":"https:\/\/www.europesays.com\/no\/wp-json\/wp\/v2\/posts\/325400","targetHints":{"allow":["GET"]}}],"collection":[{"href":"https:\/\/www.europesays.com\/no\/wp-json\/wp\/v2\/posts"}],"about":[{"href":"https:\/\/www.europesays.com\/no\/wp-json\/wp\/v2\/types\/post"}],"author":[{"embeddable":true,"href":"https:\/\/www.europesays.com\/no\/wp-json\/wp\/v2\/users\/2"}],"replies":[{"embeddable":true,"href":"https:\/\/www.europesays.com\/no\/wp-json\/wp\/v2\/comments?post=325400"}],"version-history":[{"count":0,"href":"https:\/\/www.europesays.com\/no\/wp-json\/wp\/v2\/posts\/325400\/revisions"}],"wp:featuredmedia":[{"embeddable":true,"href":"https:\/\/www.europesays.com\/no\/wp-json\/wp\/v2\/media\/325401"}],"wp:attachment":[{"href":"https:\/\/www.europesays.com\/no\/wp-json\/wp\/v2\/media?parent=325400"}],"wp:term":[{"taxonomy":"category","embeddable":true,"href":"https:\/\/www.europesays.com\/no\/wp-json\/wp\/v2\/categories?post=325400"},{"taxonomy":"post_tag","embeddable":true,"href":"https:\/\/www.europesays.com\/no\/wp-json\/wp\/v2\/tags?post=325400"}],"curies":[{"name":"wp","href":"https:\/\/api.w.org\/{rel}","templated":true}]}}