{"id":325498,"date":"2026-08-17T12:26:24","date_gmt":"2026-08-17T12:26:24","guid":{"rendered":"https:\/\/www.europesays.com\/no\/325498\/"},"modified":"2026-08-17T12:26:24","modified_gmt":"2026-08-17T12:26:24","slug":"debatt-hamkam-briskeby-skal-vaere-noe-man-drommer-om-som-liten","status":"publish","type":"post","link":"https:\/\/www.europesays.com\/no\/325498\/","title":{"rendered":"Debatt, HamKam | Briskeby skal v\u00e6re noe man dr\u00f8mmer om som liten"},"content":{"rendered":"<p class=\"vignette\">Debattinnlegg<\/p>\n<p class=\"disclaimer\">Dette er et debattinnlegg, skrevet av en ekstern bidragsyter. Innlegget gir uttrykk for skribentens holdninger.<\/p>\n<p>Det er en undring jeg deler fullt ut. For en som omtrent er oppvokst i Ankern, b\u00e5de gjennom organiserte treninger med HamKam og utallige timer med lek og ball, er det trist \u00e5 se hvor lite aktivitet det er der i dag. <\/p>\n<p><b>Der det tidligere<\/b> var yrende liv og full aktivitet p\u00e5 ettermiddagene og i helgene, er det n\u00e5 s\u00e5 vidt man ser noen spille ball der lenger. S\u00e5 godt som all organisert aktivitet i HamKam Yngres er flyttet til kunstgresset p\u00e5 Briskeby og B\u00f8rstad. <\/p>\n<p>  <a href=\"https:\/\/www.h-a.no\/5-139-2070819\" class=\"related-teaser has-image article--c-MkAkR\" rel=\"nofollow noopener\" target=\"_blank\"><\/p>\n<p>    <img decoding=\"async\" width=\"155\"  loading=\"lazy\"  src=\"https:\/\/www.europesays.com\/no\/wp-content\/uploads\/2026\/08\/1786969583_953_DSC_7654.JPG\" alt=\"\" class=\"brick-c-cFOWSL\" style=\"\"\/><\/p>\n<p>\n            Les ogs\u00e5<\/p>\n<p>            Mener Ankerskogen kan spille en n\u00f8kkelrolle: \u2013\u00a0For meg er det helt uforst\u00e5elig\n        <\/p>\n<p>  <\/a><\/p>\n<p>Jeg synes det er synd av flere grunner. Briskeby brukes altfor mye i forhold til hva banen egentlig skal t\u00e5le. Men det handler ikke bare om slitasje. <\/p>\n<p>Briskeby burde i st\u00f8rre grad v\u00e6re en gulrot. Et sted man gleder seg til den dagen man endelig f\u00e5r muligheten til \u00e5 spille der. Hvor stort er det egentlig for en ung gutt eller jente \u00e5 komme p\u00e5 kampdag p\u00e5 Briskeby i 2026? <\/p>\n<p><b>For meg skal<\/b> Briskeby v\u00e6re litt mystisk. Det skal v\u00e6re noe man dr\u00f8mmer om som liten. N\u00e5r Briskeby blir en del av hverdagen allerede fra man er fem-seks \u00e5r gammel, tror jeg noe av den f\u00f8lelsen forsvinner. <\/p>\n<p>  <a href=\"https:\/\/www.h-a.no\/5-139-2069450\" class=\"related-teaser has-image article--c-MkAkR\" rel=\"nofollow noopener\" target=\"_blank\"><\/p>\n<p>    <img decoding=\"async\" width=\"155\"  loading=\"lazy\"  src=\"https:\/\/www.europesays.com\/no\/wp-content\/uploads\/2026\/08\/JB_1.JPG\" alt=\"\" class=\"brick-c-cFOWSL\" style=\"\"\/><\/p>\n<p>\n            Les ogs\u00e5<\/p>\n<p>            \u2013 Jeg har lagt lokk p\u00e5 dette lenge for \u00e5 unng\u00e5 un\u00f8dvendige scener\n        <\/p>\n<p>  <\/a><\/p>\n<p>Jeg trente selv i Ankerskogen fra barneskolealder og helt opp til gutte- og juniorlag. Jeg elsket det. Naturgresset, milj\u00f8et og lyden av andre lag som trente eller spilte kamper rundt meg. <\/p>\n<p>Det var nesten alltid folk der og alltid noe som skjedde. At Ankerskogen i dag ikke skal v\u00e6re \u00abfint nok\u00bb til organisert barne- og ungdomsfotball, kj\u00f8per jeg ikke. Kanskje trenger ikke rammene rundt barnefotballen alltid \u00e5 v\u00e6re perfekte &#8211; noen ganger ligger verdien i nettopp dette. <\/p>\n<p><b>Som forelder har<\/b> man kanskje ikke sitteplass p\u00e5 en tribune med tak i Ankerskogen, men til gjengjeld f\u00e5r barna naturgress, god plass og et omr\u00e5de hvor det er mulig \u00e5 bli igjen og leke med ball ogs\u00e5 etter at treningen er ferdig.<\/p>\n<p>   <img decoding=\"async\" width=\"4288\" height=\"2103\" fetchpriority=\"low\"  loading=\"lazy\"  src=\"https:\/\/www.europesays.com\/no\/wp-content\/uploads\/2026\/08\/Briskebyturneringen15_1.jpg\" alt=\"\" class=\"brick-c-cFOWSL\" style=\"--brick-image-ratio: 4288 \/ 2103;\"\/><\/p>\n<p>      En ung Fredrik Sj\u00f8lstad (nummer fem \u00f8verst fra venstre) i Briskebyturneningen i 2010.<br \/>\n      Foto: Lars Hulleberg\n    <\/p>\n<p>Mangel p\u00e5 fasiliteter og frisbeegolf brukes som argumenter mot mer organisert fotball i Ankerskogen. Som Erik Wettermark sier, er det vanskelig \u00e5 se for seg at det skal v\u00e6re noe stort problem for verken fotballagene eller frisbeespillerne at begge bruker omr\u00e5det. <\/p>\n<p>Det burde v\u00e6re mulig \u00e5 finne gode l\u00f8sninger for begge. N\u00e5r det gjelder fasilitetene, er dette selvf\u00f8lgelig en utfordring sammenlignet med Briskeby. Men det burde heller ikke v\u00e6re umulig \u00e5 gj\u00f8re noe med. <\/p>\n<p><b>Er det mulig<\/b> \u00e5 f\u00e5 p\u00e5 plass toaletter og noen enkle fasiliteter? Kanskje et lite klubbhus p\u00e5 sikt? Kunne flere av lagene i HamKam Yngres hatt treningene og kampene sine der? Og kunne man p\u00e5 den m\u00e5ten f\u00e5tt tilbake litt av livet som en gang var i Ankerskogen? <\/p>\n<p>Jeg h\u00e5per i hvert fall man kan se p\u00e5 muligheten for \u00e5 flytte mer av aktiviteten tilbake til Ankerskogen. Jeg tror b\u00e5de klubben, spillerne og omr\u00e5det hadde hatt godt av det.<\/p>\n","protected":false},"excerpt":{"rendered":"Debattinnlegg Dette er et debattinnlegg, skrevet av en ekstern bidragsyter. Innlegget gir uttrykk for skribentens holdninger. Det er&hellip;\n","protected":false},"author":2,"featured_media":325499,"comment_status":"","ping_status":"","sticky":false,"template":"","format":"standard","meta":{"footnotes":"","_share_on_mastodon":"0"},"categories":[59],"tags":[36,37,25678,870,30,28,29,1533,83,82],"class_list":["post-325498","post","type-post","status-publish","format-standard","has-post-thumbnail","category-sport","tag-art","tag-debatt","tag-fredrik-sjolstad","tag-hamkam","tag-no","tag-norge","tag-norway","tag-opinion","tag-sport","tag-sports"],"share_on_mastodon":{"url":"https:\/\/pubeurope.com\/@no\/117110845708219341","error":""},"_links":{"self":[{"href":"https:\/\/www.europesays.com\/no\/wp-json\/wp\/v2\/posts\/325498","targetHints":{"allow":["GET"]}}],"collection":[{"href":"https:\/\/www.europesays.com\/no\/wp-json\/wp\/v2\/posts"}],"about":[{"href":"https:\/\/www.europesays.com\/no\/wp-json\/wp\/v2\/types\/post"}],"author":[{"embeddable":true,"href":"https:\/\/www.europesays.com\/no\/wp-json\/wp\/v2\/users\/2"}],"replies":[{"embeddable":true,"href":"https:\/\/www.europesays.com\/no\/wp-json\/wp\/v2\/comments?post=325498"}],"version-history":[{"count":0,"href":"https:\/\/www.europesays.com\/no\/wp-json\/wp\/v2\/posts\/325498\/revisions"}],"wp:featuredmedia":[{"embeddable":true,"href":"https:\/\/www.europesays.com\/no\/wp-json\/wp\/v2\/media\/325499"}],"wp:attachment":[{"href":"https:\/\/www.europesays.com\/no\/wp-json\/wp\/v2\/media?parent=325498"}],"wp:term":[{"taxonomy":"category","embeddable":true,"href":"https:\/\/www.europesays.com\/no\/wp-json\/wp\/v2\/categories?post=325498"},{"taxonomy":"post_tag","embeddable":true,"href":"https:\/\/www.europesays.com\/no\/wp-json\/wp\/v2\/tags?post=325498"}],"curies":[{"name":"wp","href":"https:\/\/api.w.org\/{rel}","templated":true}]}}