{"id":325566,"date":"2026-08-17T13:43:14","date_gmt":"2026-08-17T13:43:14","guid":{"rendered":"https:\/\/www.europesays.com\/no\/325566\/"},"modified":"2026-08-17T13:43:14","modified_gmt":"2026-08-17T13:43:14","slug":"trafikk-stad-no-er-kontrakten-signert-arbeidet-startar-neste-ar","status":"publish","type":"post","link":"https:\/\/www.europesays.com\/no\/325566\/","title":{"rendered":"Trafikk, Stad | No er kontrakten signert. Arbeidet startar neste \u00e5r"},"content":{"rendered":"\n<p>I ei pressemelding fr\u00e5 Kystverket g\u00e5r det fram at Kystverket og AF Gruppen m\u00e5ndag signerte kontrakten for bygging av Stad skipstunnel.<\/p>\n<p>AF Gruppen vann totalentreprisen i juni, og byggjestart er planlagt tidleg i 2027.<\/p>\n<p>\u2013 Dette er ein historisk dag. Stad skipstunnel er eit prosjekt som har vore planlagt og diskutert i mange ti\u00e5r, og no er vi komne s\u00e5 langt at vi kan signere kontrakten med entrepren\u00f8ren som skal bygge tunnelen, seier kystdirekt\u00f8r Einar Vik Arset i Kystverket i pressemeldinga. <\/p>\n<p>Kontrakten er verd om lag 5,6 milliardar kroner. Tunnelen blir 1700 meter lang, 50 meter h\u00f8g og 36 meter brei, og skal g\u00e5 gjennom Stad-halv\u00f8ya. M\u00e5let er \u00e5 gje skipstrafikken ein tryggare og meir f\u00f8reseieleg sj\u00f8veg forbi det v\u00earharde Stad.<\/p>\n<p>\u2013 Det er sjeldan vi som totalentrepren\u00f8r har moglegheita til \u00e5 bryne oss p\u00e5 eit s\u00e5 spesielt anleggsprosjekt, med h\u00f8g lokal, nasjonal og internasjonal interesse, seier direkt\u00f8r Ivar Galaaen i AF Anlegg.<\/p>\n<p>Samhandlingsm\u00f8te mellom partane startar allereie i tysdag. Stortinget vedtok i juni ei ny kostnadsramme p\u00e5 8,588 milliardar kroner for prosjektet, inkludert moms.<\/p>\n<p>  <a href=\"https:\/\/www.firda.no\/5-15-2062063\" class=\"related-teaser has-image article--c-MkAkR\" rel=\"nofollow noopener\" target=\"_blank\"><\/p>\n<p>    <img decoding=\"async\" width=\"155\"  loading=\"lazy\"  src=\"https:\/\/www.europesays.com\/no\/wp-content\/uploads\/2026\/08\/3Q7A9451.jpg\" alt=\"\" class=\"brick-c-cFOWSL\" style=\"\"\/><\/p>\n<p>\n            Les ogs\u00e5<\/p>\n<p>            Stad skipstunnel tilbake p\u00e5 budsjettet\n        <\/p>\n<p>  <\/a><\/p>\n<p>  <a href=\"https:\/\/www.firda.no\/5-15-2030956\" class=\"related-teaser has-image article--c-MkAkR\" rel=\"nofollow noopener\" target=\"_blank\"><\/p>\n<p>    <img decoding=\"async\" width=\"155\"  loading=\"lazy\"  src=\"https:\/\/www.europesays.com\/no\/wp-content\/uploads\/2026\/08\/5_15_1478967+cueres_scp+kdmgjywy_k2dMg8jY8WY.jpg\" alt=\"\" class=\"brick-c-cFOWSL\" style=\"\"\/><\/p>\n<p>\n            Les ogs\u00e5<\/p>\n<p>            Ny pris for skipstunnelen: 8,6 milliardar\n        <\/p>\n<p>  <\/a><\/p>\n<p>  <a href=\"https:\/\/www.firda.no\/5-15-2052078\" class=\"related-teaser has-image article--c-MkAkR\" rel=\"nofollow noopener\" target=\"_blank\"><\/p>\n<p>    <img decoding=\"async\" width=\"155\"  loading=\"lazy\"  src=\"https:\/\/www.europesays.com\/no\/wp-content\/uploads\/2026\/08\/5_15_365806+29686980744_0904b8d604_o.jpg\" alt=\"\" class=\"brick-c-cFOWSL\" style=\"\"\/><\/p>\n<p>\n            Les ogs\u00e5<\/p>\n<p>            Frp og Sp gir ikkje opp skipstunnelen\n        <\/p>\n<p>  <\/a><\/p>\n<p>  <a href=\"https:\/\/www.firda.no\/5-15-1969417\" class=\"related-teaser has-image article--c-MkAkR\" rel=\"nofollow noopener\" target=\"_blank\"><\/p>\n<p>    <img decoding=\"async\" width=\"155\"  loading=\"lazy\"  src=\"https:\/\/www.europesays.com\/no\/wp-content\/uploads\/2026\/08\/Ny+innsatsgruppe+Stad+skipstunnel.jpg\" alt=\"\" class=\"brick-c-cFOWSL\" style=\"\"\/><\/p>\n<p>\n            Les ogs\u00e5<\/p>\n<p>            Startar ny innsatsgruppe for Stad skipstunnel\n        <\/p>\n<p>  <\/a><\/p>\n","protected":false},"excerpt":{"rendered":"I ei pressemelding fr\u00e5 Kystverket g\u00e5r det fram at Kystverket og AF Gruppen m\u00e5ndag signerte kontrakten for bygging&hellip;\n","protected":false},"author":2,"featured_media":325567,"comment_status":"","ping_status":"","sticky":false,"template":"","format":"standard","meta":{"footnotes":"","_share_on_mastodon":"0"},"categories":[5],"tags":[36,20,21,24,25,15,19,22,23,17,18,13,30,28,29,14,16,41,2027,1504,1510,26,27,224],"class_list":["post-325566","post","type-post","status-publish","format-standard","has-post-thumbnail","category-overskrifter","tag-art","tag-breaking-news","tag-breakingnews","tag-featured-news","tag-featurednews","tag-headlines","tag-hovedoppslag","tag-latest-news","tag-latestnews","tag-main-news","tag-mainnews","tag-news","tag-no","tag-norge","tag-norway","tag-nyheter","tag-overskrifter","tag-politikk","tag-stad","tag-stad-skipstunnel","tag-story","tag-top-stories","tag-topstories","tag-trafikk"],"share_on_mastodon":{"url":"https:\/\/pubeurope.com\/@no\/117111148524246371","error":""},"_links":{"self":[{"href":"https:\/\/www.europesays.com\/no\/wp-json\/wp\/v2\/posts\/325566","targetHints":{"allow":["GET"]}}],"collection":[{"href":"https:\/\/www.europesays.com\/no\/wp-json\/wp\/v2\/posts"}],"about":[{"href":"https:\/\/www.europesays.com\/no\/wp-json\/wp\/v2\/types\/post"}],"author":[{"embeddable":true,"href":"https:\/\/www.europesays.com\/no\/wp-json\/wp\/v2\/users\/2"}],"replies":[{"embeddable":true,"href":"https:\/\/www.europesays.com\/no\/wp-json\/wp\/v2\/comments?post=325566"}],"version-history":[{"count":0,"href":"https:\/\/www.europesays.com\/no\/wp-json\/wp\/v2\/posts\/325566\/revisions"}],"wp:featuredmedia":[{"embeddable":true,"href":"https:\/\/www.europesays.com\/no\/wp-json\/wp\/v2\/media\/325567"}],"wp:attachment":[{"href":"https:\/\/www.europesays.com\/no\/wp-json\/wp\/v2\/media?parent=325566"}],"wp:term":[{"taxonomy":"category","embeddable":true,"href":"https:\/\/www.europesays.com\/no\/wp-json\/wp\/v2\/categories?post=325566"},{"taxonomy":"post_tag","embeddable":true,"href":"https:\/\/www.europesays.com\/no\/wp-json\/wp\/v2\/tags?post=325566"}],"curies":[{"name":"wp","href":"https:\/\/api.w.org\/{rel}","templated":true}]}}