{"id":32561,"date":"2025-09-11T12:59:19","date_gmt":"2025-09-11T12:59:19","guid":{"rendered":"https:\/\/www.europesays.com\/no\/32561\/"},"modified":"2025-09-11T12:59:19","modified_gmt":"2025-09-11T12:59:19","slug":"hva-skjer-med-skittent-undertoy-i-tekstilboksene-ekspertene-forklarer","status":"publish","type":"post","link":"https:\/\/www.europesays.com\/no\/32561\/","title":{"rendered":"Hva skjer med skittent undert\u00f8y i tekstilboksene? Ekspertene forklarer"},"content":{"rendered":"<p class=\"kicker bg-cyan color_mobile_bg-cyan text-black hasTextPadding mobile-hasTextPadding\" style=\"\">Truserefs:\u00a0<\/p>\n<p>  Har trusene dine havnet p\u00e5 feil sted? N\u00e5 f\u00e5r du svaret.<\/p>\n<p>\n    &#8211; IKKE GJ\u00d8R DET!: Oslo kommune kommer med en klar oppfordring p\u00e5 hvor de ikke \u00f8nsker at du skal plassere dine skitne truser. Foto: NTB\/ Shutterstock\n  <\/p>\n<p>Hva gj\u00f8r man n\u00e5r trusa er for sliten, sokken har hull, eller BH-en har sett sine bedre dager?\u00a0<\/p>\n<p class=\"font-weight-bold m-font-weight-bold\" data-lab-font_weight=\"font-weight-bold\">Ikke lever den i tekstilboksen, advarer Kildesortering Oslo.\u00a0<\/p>\n<p>P\u00e5 Instagram oppfordret de nylig folk til \u00e5 slutte \u00e5 levere inn skitne truser og annet undert\u00f8y, som stadig dukker opp i boksene rundt om i byen.<\/p>\n<p>Misforst\u00e5else\t<\/p>\n<p>Mange leverer fortsatt kl\u00e6r som egentlig h\u00f8rer hjemme i restavfallet, og innsamlerne ser stadig mer uvasket undert\u00f8y. N\u00e5 vil kommunen rydde opp i misforst\u00e5elsene.<\/p>\n<p>&#8211; Folk m\u00e5 sjekke informasjonen for den kommunen de bor i om hvordan de \u00f8nsker sorteringen, sier J\u00f8rgen Bakke Fredriksen, kommunikasjonsr\u00e5dgiver i Renovasjon- og gjenvinningsetaten, til Dagbladet.\u00a0<\/p>\n<p> Dagbladet har ogs\u00e5 snakket med Fretex, som samler inn kl\u00e6r over hele landet. De \u00f8nsker heller ikke undert\u00f8y i sine bokser. Les mer om det lenger nede i saken! <\/p>\n<p>          <img loading=\"lazy\" decoding=\"async\" src=\"https:\/\/www.europesays.com\/no\/wp-content\/uploads\/2025\/09\/83574910.webp\" width=\"686\" height=\"584\" title=\"IKKE HER: Tekstilboksene er ikke stedet for undert\u00f8yet ditt. Det skal i s\u00f8ppla, mener Kildesortering Oslo. Foto: Oslo kommune.\" alt=\"\" class=\"\" style=\"--aspect-ratio-image: 1.17; \"\/><\/p>\n<p>\n          IKKE HER: Tekstilboksene er ikke stedet for undert\u00f8yet ditt. Det skal i s\u00f8ppla, mener Kildesortering Oslo. Foto: Oslo kommune.\n      <\/p>\n<p>N\u00e5r det gjelder Oslo-befolkningens undert\u00f8y, har Fredriksen en enkel forklaring p\u00e5 hvorfor det ikke kan sorteres til gjenbruk.<\/p>\n<p class=\"font-weight-bold m-font-weight-bold\" data-lab-font_weight=\"font-weight-bold\">&#8211; Undert\u00f8y er av tynt stoff i utgangspunktet, og ofte enda mer slitt n\u00e5r vi f\u00f8rst kaster det. Det har derfor veldig liten verdi for gjenvinningsanlegg, sier Fredriksen.\u00a0<\/p>\n<p>Han p\u00e5peker at undert\u00f8y uansett skilles vekk til forbrenning, og at det ikke er vits \u00e5 levere det i gjenvinningsdunker rundt om i byen.\u00a0<\/p>\n<p>    <a itemprop=\"url\" href=\"https:\/\/dinside.dagbladet.no\/fritid\/kast-den\/83554904\" rel=\"nofollow noopener\" target=\"_blank\"><\/p>\n<p>      <img loading=\"lazy\" decoding=\"async\" src=\"https:\/\/www.europesays.com\/no\/wp-content\/uploads\/2025\/09\/83555195.webp\" width=\"980\" height=\"441\" title=\"- Kast den!\" alt=\"\" class=\"lazyload\" style=\"--aspect-ratio-image: 2.22; \"\/><\/p>\n<p>        &#8211; Kast den!<\/p>\n<p>    <\/a><\/p>\n<p>&#8211; Sunn fornuft\t<\/p>\n<p> Selv sm\u00e5 flekker eller fukt kan \u00f8delegge andre kl\u00e6r som skulle v\u00e6rt til gjenbruk, opplyser Fredriksen.<\/p>\n<p>&#8211; Alt du leverer til tekstilboksene m\u00e5 v\u00e6re rent og t\u00f8rt, sier han.\u00a0<\/p>\n<p>Han forteller at hvis man pr\u00f8ver \u00e5 n\u00e5 ut til befolkningen med en for detaljert beskrivelse av hvordan man skal sortere, kan det fort oppst\u00e5 misforst\u00e5elser.\u00a0<\/p>\n<p class=\"font-weight-bold m-font-weight-bold\" data-lab-font_weight=\"font-weight-bold\">&#8211; Undert\u00f8y (h\u00e5per jeg) b\u00f8r v\u00e6re greit \u00e5 skj\u00f8nne. Her er det bare \u00e5 bruke sunn fornuft, sier han.\u00a0<\/p>\n<p class=\"font-weight-bold m-font-weight-bold\" data-lab-font_weight=\"font-weight-bold\">For \u00e5 gi enda et eksempel p\u00e5 plagg som ikke skal i tekstildunkene, trekker Fredriksen fram t\u00e5fisens bestevenn; sokkene dine.\u00a0<\/p>\n<p>&#8211; Hvis du kommer hjem og oppdager et hull i sokken din, skal den ikke leveres med andre tekstiler. Den kan g\u00e5 rett i restavfallet, sier Fredriksen.\u00a0<\/p>\n<p> &#8211; Oslo-beboere kan trygt kaste det som er skittent, \u00f8delagt eller v\u00e5tt i restavfallet, s\u00e5 slipper innsamlerne \u00e5 h\u00e5ndtere skitne truser, legger han til.\u00a0<\/p>\n<p>&#8211; Lar seg ikke gjenvinne\t<\/p>\n<p>Fredriksen forteller at de ikke har oversikt over hva som oftest leveres feil, da \u00abkommunen ikke smugtitter i de innsamlede posene\u00bb.\u00a0<\/p>\n<p> Her peker han p\u00e5 innsamlere som Uff, Kirkens Bymisjon eller Fretex, og mener de kan sitte p\u00e5 svaret. Vi tar en telefon til sistnevnte og h\u00f8rer: <\/p>\n<p>&#8211;\u00a0 I utgangspunktet har ikke undert\u00f8y noe gjenbruksverdi. De f\u00e6rreste \u00f8nsker \u00e5 kj\u00f8pe brukt undert\u00f8y. Det lar seg ikke gjenvinne, s\u00e5 det skal som regel i restavfallet, sier Kristin Hareide, direkt\u00f8r i Fretex Milj\u00f8, til Dagbladet.\u00a0<\/p>\n<p>          <img loading=\"lazy\" decoding=\"async\" src=\"https:\/\/www.europesays.com\/no\/wp-content\/uploads\/2025\/09\/83574200.webp\" width=\"980\" height=\"559\" title=\"INNSAMLING: Fretex er kjent for gjenbruk, men de vil ikke ha alt. Foto: Fretex\" alt=\"\" class=\"\" style=\"--aspect-ratio-image: 1.75; \"\/><\/p>\n<p>\n          INNSAMLING: Fretex er kjent for gjenbruk, men de vil ikke ha alt. Foto: Fretex\n      <\/p>\n<p>Hun sier at Fretex ikke tar imot kl\u00e6r direkte fra Oslo kommune, men at de tar imot store mengder kl\u00e6r over hele landet.\u00a0<\/p>\n<p>&#8211; Om plagget ikke er helt rent eller t\u00f8rt da \u00f8nsker vi heller ikke \u00e5 motta det, fordi det ikke har noe gjenbruksverdi, sier hun.\u00a0<\/p>\n<p>    Fretex i Norge:<\/p>\n<ul>\n<li class=\"lab-bodytext-line\"> Fretex har ikke bokser p\u00e5 kommunens grunn i Oslo, nettopp fordi de ikke \u00f8nsker \u00e5 motta tekstilavfall (noe som er at krav fra kommunen).<\/li>\n<li class=\"lab-bodytext-line\">De f\u00e5 Fretex-boksene i Oslo st\u00e5r derfor p\u00e5 privat grunn. Fretex er en gjenbruksakt\u00f8r, som s\u00f8rger for at kl\u00e6rne f\u00e5r lengst mulig levetid.\u00a0<\/li>\n<li class=\"lab-bodytext-line\">M\u00e5let dems er at gjenbruk skal erstatte kj\u00f8p av nye varer. Undert\u00f8y\/sokker egner seg ikke for gjenbruk, og er derfor ikke noe de \u00f8nsker. Undert\u00f8y som eventuelt kommer inn, g\u00e5r til energigjenvinning.<\/li>\n<li class=\"lab-bodytext-line\">Ulempen med det, er at Fretex m\u00e5 betale et gebyr for gjenvinning, mens alle innbyggerne allerede har betalt for den gjenvinningen via renovasjonsgebyret. <\/li>\n<li class=\"lab-bodytext-line\">N\u00e5r det gjelder hva innbyggerne skal gj\u00f8re med tekstilavfall, s\u00e5 anbefaler vi at de kontakter sin kommune.<\/li>\n<\/ul>\n<p>Kilde: Fretex Norge<\/p>\n<p>      Vis mer<br \/>\n      Vis mindre<\/p>\n<p>    <a itemprop=\"url\" href=\"https:\/\/dinside.dagbladet.no\/fritid\/slar-alarm-vet-ikke-hva-vi-spiser\/83540899\" rel=\"nofollow noopener\" target=\"_blank\"><\/p>\n<p>      <img loading=\"lazy\" decoding=\"async\" src=\"https:\/\/www.europesays.com\/no\/wp-content\/uploads\/2025\/09\/83540907.webp\" width=\"980\" height=\"441\" title=\"Sl\u00e5r alarm: - Vet ikke hva vi spiser\" alt=\"\" class=\"lazyload\" style=\"--aspect-ratio-image: 2.22; \"\/><\/p>\n<p>        Sl\u00e5r alarm: &#8211; Vet ikke hva vi spiser<\/p>\n<p>    <\/a><\/p>\n<p>Nye l\u00f8sninger\t<\/p>\n<p> Selv om det ikke finnes noen innsamlings- eller gjenvinningssystemer for undert\u00f8y i dag, p\u00e5peker Fredriksen at det stadig dukker opp nye l\u00f8sninger for gjenvinning.\u00a0<\/p>\n<p>Han trekker fram systemet reMadrass, som tar gamle madrasser og gj\u00f8r dem om til nytt materiale.<\/p>\n<p>&#8211; I Norge kastes rundt 750 000 madrasser hvert \u00e5r, og det er et voldsomt tall. Fram til n\u00e5 har de fleste havnet til forbrenning. Derfor er det sv\u00e6rt positivt at akt\u00f8rer som reMadrass n\u00e5 utnytter dette potensialet for gjenvinning.<\/p>\n<p>S\u00e5 gjenst\u00e5r det \u00e5 se om man finner en b\u00e6rekraftig m\u00e5te \u00e5 utnytte det gamle undert\u00f8yet ditt p\u00e5, i framtida &#8230; <\/p>\n","protected":false},"excerpt":{"rendered":"Truserefs:\u00a0 Har trusene dine havnet p\u00e5 feil sted? N\u00e5 f\u00e5r du svaret. &#8211; IKKE GJ\u00d8R DET!: Oslo kommune&hellip;\n","protected":false},"author":2,"featured_media":32562,"comment_status":"","ping_status":"","sticky":false,"template":"","format":"standard","meta":{"footnotes":""},"categories":[5],"tags":[20,21,24,25,728,5192,15,19,22,23,17,18,13,30,28,29,14,636,16,26,27],"class_list":{"0":"post-32561","1":"post","2":"type-post","3":"status-publish","4":"format-standard","5":"has-post-thumbnail","7":"category-overskrifter","8":"tag-breaking-news","9":"tag-breakingnews","10":"tag-featured-news","11":"tag-featurednews","12":"tag-fritid","13":"tag-gjenvinning","14":"tag-headlines","15":"tag-hovedoppslag","16":"tag-latest-news","17":"tag-latestnews","18":"tag-main-news","19":"tag-mainnews","20":"tag-news","21":"tag-no","22":"tag-norge","23":"tag-norway","24":"tag-nyheter","25":"tag-oslo","26":"tag-overskrifter","27":"tag-top-stories","28":"tag-topstories"},"share_on_mastodon":{"url":"","error":""},"_links":{"self":[{"href":"https:\/\/www.europesays.com\/no\/wp-json\/wp\/v2\/posts\/32561","targetHints":{"allow":["GET"]}}],"collection":[{"href":"https:\/\/www.europesays.com\/no\/wp-json\/wp\/v2\/posts"}],"about":[{"href":"https:\/\/www.europesays.com\/no\/wp-json\/wp\/v2\/types\/post"}],"author":[{"embeddable":true,"href":"https:\/\/www.europesays.com\/no\/wp-json\/wp\/v2\/users\/2"}],"replies":[{"embeddable":true,"href":"https:\/\/www.europesays.com\/no\/wp-json\/wp\/v2\/comments?post=32561"}],"version-history":[{"count":0,"href":"https:\/\/www.europesays.com\/no\/wp-json\/wp\/v2\/posts\/32561\/revisions"}],"wp:featuredmedia":[{"embeddable":true,"href":"https:\/\/www.europesays.com\/no\/wp-json\/wp\/v2\/media\/32562"}],"wp:attachment":[{"href":"https:\/\/www.europesays.com\/no\/wp-json\/wp\/v2\/media?parent=32561"}],"wp:term":[{"taxonomy":"category","embeddable":true,"href":"https:\/\/www.europesays.com\/no\/wp-json\/wp\/v2\/categories?post=32561"},{"taxonomy":"post_tag","embeddable":true,"href":"https:\/\/www.europesays.com\/no\/wp-json\/wp\/v2\/tags?post=32561"}],"curies":[{"name":"wp","href":"https:\/\/api.w.org\/{rel}","templated":true}]}}