{"id":32565,"date":"2025-09-11T13:04:07","date_gmt":"2025-09-11T13:04:07","guid":{"rendered":"https:\/\/www.europesays.com\/no\/32565\/"},"modified":"2025-09-11T13:04:07","modified_gmt":"2025-09-11T13:04:07","slug":"norges-bank-rapport-ikke-okt-lonnsvekst","status":"publish","type":"post","link":"https:\/\/www.europesays.com\/no\/32565\/","title":{"rendered":"Norges Bank-rapport: Ikke \u00f8kt l\u00f8nnsvekst"},"content":{"rendered":"<p>Sjef\u00f8konom Marius Gonsholt Hov i Handelsbanken Capital Markets varslet onsdag at Regionalt Nettverk kunne v\u00e6re spikeren i kista for et rentekutt neste uke.<\/p>\n<p><b>Torsdag lander han p\u00e5 at det neppe blir noe kutt, men fortsatt under sterk tvil.\u00a0<\/b><\/p>\n<p>Hov mener at nettverksrapporten i seg selv ikke viste seg \u00e5 v\u00e6re en sterk faktor i fav\u00f8r av hverken rentekutt eller pause.<\/p>\n<p>\u2013 Derfor koker det ned til om Norges Bank revurderer sin inflasjonsprognose etter onsdagens KPI-tall. Drivkreftene bak inflasjonen er, if\u00f8lge nettverket, ikke \u00f8kt, med uendret l\u00f8nnsvekst og en produktivitetsvekst som holder seg oppe.\u00a0<\/p>\n<p>Ogs\u00e5 i rentemarkedet sank prisingen av et rentekutt n\u00e5 noe, men det var torsdag morgen fortsatt priset inn klar sannsynlighetsovervekt, rundt 70 prosent, for at Norges Bank senker styringsrenten til 4,00 prosent.<\/p>\n<p><b>\u2013 Konsumpristallene endrer ikke bildet n\u00e5, mener Jullum etter at Regionalt Nettverk ikke viste tiltakende press i norske fastlandsbedrifter.<\/b><\/p>\n<p class=\"subhead\" data-element-type=\"subhead\" data-element-label=\"Mellomtittel\">\u2013 Tre p\u00e5 rad<\/p>\n<p>Her er sjef\u00f8konom Tore Grob\u00e6k Vamraak i Sparebanken Norge helt uenig:<\/p>\n<p>\u2013 Denne uken har vi f\u00e5tt tre nyheter, som alle taler mot et rentekutt, mener han.<\/p>\n<p>\u2013 F\u00f8rst fikk vi valgutfallet, som gj\u00f8re at Arbeiderpartiet trenger st\u00f8tte fra fire partier, mot tidligere bare to. Det blir ytterligere komplisert av at Senterpartiet kan sikre flertall p\u00e5 motsatt side og p\u00e5f\u00f8re \u00f8kte utgifter. All erfaring viser at vanskelig styring l\u00f8ses ved \u00e5 bruke mer penger, b\u00e5de p\u00e5 \u00f8kte utgifter og ved at det ikke blir flertall for fornuftige, men upopul\u00e6re, innsparinger, mener Vamraak.<\/p>\n<p><b>\u2013 S\u00e5 fikk vi inflasjonstallene onsdag, som viste h\u00f8yere inflasjon n\u00e5r man korrigerer for barnehageprisene. Og n\u00e5 har vi f\u00e5tt nettverket, som viser at det koker i hele Norge.<\/b><\/p>\n<p>\u2013 Ville Norges Bank gj\u00f8re en stor feil hvis renten kuttes som ventet neste uke, men signalene viser at det s\u00e5 blir mer eller mindre slutt p\u00e5 rentekutt?<\/p>\n<p>\u2013 Da m\u00e5 de i s\u00e5 fall gj\u00f8re begge deler. Et rentekutt n\u00e5 vil ytterligere bidra til \u00f8kt byggeaktivitet og til \u00f8kt aktivitet i andre rentesensitive sektorer. Da m\u00e5 budskapet v\u00e6re at det er lenge til neste rentekutt.<\/p>\n<p>Vamraak var overrasket over at Norges Bank i juni s\u00e5 tydelig guidet for et rentekutt i september og kanskje ett kutt til i \u00e5r.<\/p>\n<p><img decoding=\"async\" class=\"lazyload \" src=\"https:\/\/www.europesays.com\/no\/wp-content\/uploads\/2025\/09\/1757595847_775_pipe\"  data- alt=\"\"\/><\/p>\n<p>\u2013 DET KOKER: Norges Bank-rapporten bekrefter behovet for en h\u00f8y rente, mener\u00a0Tore Grob\u00e6k Vamraak. <strong>Foto: Are Haram<\/strong><\/p>\n<p><b>\u2013 N\u00e5 viser Regionalt Nettverk at det har v\u00e6rt, og vil v\u00e6re, riktig \u00e5 holde renten h\u00f8y. Vi har ikke f\u00e5tt den avdempingen som m\u00e5 til for \u00e5 gj\u00f8re et rentekutt riktig.<\/b><\/p>\n<p class=\"body\" data-element-type=\"body\" data-element-label=\"Tekst\">Norges Bank-rapporten peker p\u00e5 enkelte trekk som kan tilsi \u00f8kt press fremover. Bedriftene opplever, og forventer, sterk konsumvekst, og de tror boligbyggingen har snudd oppover. Dessuten er det noen flere bedrifter som sliter med \u00e5 f\u00e5 tak i arbeidskraft.\u00a0<\/p>\n","protected":false},"excerpt":{"rendered":"Sjef\u00f8konom Marius Gonsholt Hov i Handelsbanken Capital Markets varslet onsdag at Regionalt Nettverk kunne v\u00e6re spikeren i kista&hellip;\n","protected":false},"author":2,"featured_media":32566,"comment_status":"","ping_status":"","sticky":false,"template":"","format":"standard","meta":{"footnotes":""},"categories":[56],"tags":[60,61,5193,1345,62,30,28,29,3819],"class_list":{"0":"post-32565","1":"post","2":"type-post","3":"status-publish","4":"format-standard","5":"has-post-thumbnail","7":"category-naeringsliv","8":"tag-business","9":"tag-economy","10":"tag-frank-jullum","11":"tag-marius-gonsholt-hov","12":"tag-naeringsliv","13":"tag-no","14":"tag-norge","15":"tag-norway","16":"tag-tore-grobaek-vamraak"},"share_on_mastodon":{"url":"","error":""},"_links":{"self":[{"href":"https:\/\/www.europesays.com\/no\/wp-json\/wp\/v2\/posts\/32565","targetHints":{"allow":["GET"]}}],"collection":[{"href":"https:\/\/www.europesays.com\/no\/wp-json\/wp\/v2\/posts"}],"about":[{"href":"https:\/\/www.europesays.com\/no\/wp-json\/wp\/v2\/types\/post"}],"author":[{"embeddable":true,"href":"https:\/\/www.europesays.com\/no\/wp-json\/wp\/v2\/users\/2"}],"replies":[{"embeddable":true,"href":"https:\/\/www.europesays.com\/no\/wp-json\/wp\/v2\/comments?post=32565"}],"version-history":[{"count":0,"href":"https:\/\/www.europesays.com\/no\/wp-json\/wp\/v2\/posts\/32565\/revisions"}],"wp:featuredmedia":[{"embeddable":true,"href":"https:\/\/www.europesays.com\/no\/wp-json\/wp\/v2\/media\/32566"}],"wp:attachment":[{"href":"https:\/\/www.europesays.com\/no\/wp-json\/wp\/v2\/media?parent=32565"}],"wp:term":[{"taxonomy":"category","embeddable":true,"href":"https:\/\/www.europesays.com\/no\/wp-json\/wp\/v2\/categories?post=32565"},{"taxonomy":"post_tag","embeddable":true,"href":"https:\/\/www.europesays.com\/no\/wp-json\/wp\/v2\/tags?post=32565"}],"curies":[{"name":"wp","href":"https:\/\/api.w.org\/{rel}","templated":true}]}}