{"id":32570,"date":"2025-09-11T13:09:07","date_gmt":"2025-09-11T13:09:07","guid":{"rendered":"https:\/\/www.europesays.com\/no\/32570\/"},"modified":"2025-09-11T13:09:07","modified_gmt":"2025-09-11T13:09:07","slug":"irland-boikotter-eurovision-om-israel-blir-med","status":"publish","type":"post","link":"https:\/\/www.europesays.com\/no\/32570\/","title":{"rendered":"Irland boikotter Eurovision om Israel blir med"},"content":{"rendered":"\n<p class=\"_lead_ew2ao_2 _lead_xtcu6_50 layout-component text-serif-m layout-normal text-serif-l layout-component layout-wide layout-padded _wide_17hqh_1 layout-padded\">Det melder den irske kringkasteren RT\u00c9 torsdag.<\/p>\n<p><img alt=\"Yuval Raphael sang Israel til en annenplass i \u00e5rets Eurovision i Basel i Sveits. Foto: Ohad Zwigenberg \/ AP \/ NTB\" class=\"_image_qp4xg_65 layout-component layout-wide\" data-fullscreen- data-track-element-type=\"Article image fullscreen\" data-track-name=\"ImageFullscreen\" fetchpriority=\"high\" decoding=\"sync\" loading=\"eager\" height=\"3005\" itemprop=\"image\"  src=\"https:\/\/www.europesays.com\/no\/wp-content\/uploads\/2025\/09\/e3fdb385-da1b-48ab-a400-ff70258a22d2\"  style=\"object-position:0% 0%\" width=\"4507\"\/>Yuval Raphael sang Israel til en annenplass i \u00e5rets Eurovision i Basel i Sveits. Foto: Ohad Zwigenberg \/ AP \/ NTB<\/p>\n<ul aria-hidden=\"true\" class=\"_images_1y6fe_106\">\n<li><a class=\"_link_1y6fe_111\" href=\"https:\/\/www.vg.no\/forfatter\/catherine-gonsholt-ighanian\" style=\"z-index:1\" title=\"Catherine Gonsholt Ighanian\" rel=\"nofollow noopener\" target=\"_blank\"><img alt=\"Bilde av Catherine Gonsholt Ighanian\" class=\"_image_1y6fe_88\" fetchpriority=\"low\" loading=\"lazy\" decoding=\"async\" itemprop=\"image\"  src=\"https:\/\/www.europesays.com\/no\/wp-content\/uploads\/2025\/09\/1757596147_74_72dca32d-ee6f-474c-a50e-72a9bb49f38a\"  width=\"480\"\/><\/a><\/li>\n<\/ul>\n<p> Oppdatert torsdag 11. september kl. 14:43    <\/p>\n<ul class=\"_list_ew2ao_3 _list_64s2r_85 _unordered_ew2ao_99 text-sans-m\">\n<li class=\"_item_ew2ao_30\">RT\u00c9 sier Irland st\u00e5r over Eurovision 2026 hvis Israel deltar, p\u00e5 grunn av situasjonen i Gaza.<\/li>\n<li class=\"_item_ew2ao_30\">Kringkasteren peker ogs\u00e5 p\u00e5 drap p\u00e5 journalister p\u00e5 Gaza og manglende adgang for internasjonal presse.<\/li>\n<\/ul>\n<p>Vis mer <\/p>\n<p class=\"_paragraph_ew2ao_4 _paragraph_xtcu6_10 layout-component text-serif-m layout-normal text-serif-m layout-padded\">\u00abDet er RT\u00c9s standpunkt at <a href=\"https:\/\/www.vg.no\/tag\/irland?utm_source=vg-article&amp;utm_medium=auto-tagger&amp;utm_campaign=wgabvn\" class=\"_link_ew2ao_39\" rel=\"nofollow noopener\" target=\"_blank\">Irland<\/a> ikke vil delta i Eurovision 2026 hvis Israel fortsatt f\u00e5r delta\u00bb, skriver <a href=\"https:\/\/www.rte.ie\/entertainment\/2025\/0911\/1532957-rte-eurovision\/\" class=\"_link_ew2ao_39\" rel=\"nofollow noopener\" target=\"_blank\">RT\u00c9<\/a> \u2013 Irlands svar p\u00e5 NRK \u2013 p\u00e5 egne nettsider<\/p>\n<p class=\"_paragraph_ew2ao_4 _paragraph_xtcu6_10 layout-component text-serif-m layout-normal text-serif-m layout-padded\">TV-kanalen begrunner beslutningen med situasjonen i Gaza.<\/p>\n<p class=\"_paragraph_ew2ao_4 _paragraph_xtcu6_10 layout-component text-serif-m layout-normal text-serif-m layout-padded\"><strong class=\"_strong_ew2ao_25\">\u00abRT\u00c9 mener at Irlands deltagelse ville v\u00e6rt samvittighetsl\u00f8s med tanke p\u00e5 det som skjer i Gaza og alle forferdelige tap av liv\u00bb, heter det i uttalelsen.<\/strong><\/p>\n<p class=\"_paragraph_ew2ao_4 _paragraph_xtcu6_10 layout-component text-serif-m layout-normal text-serif-m layout-padded\">Kringkasteren skriver at de ogs\u00e5 er bekymret for drapene p\u00e5 journalister i Gaza, og at internasjonale journalister nektes adgang.<\/p>\n<p class=\"_paragraph_ew2ao_4 _paragraph_xtcu6_10 layout-component text-serif-m layout-normal text-serif-m layout-padded\">Eurovision 2026 skal arrangeres i Wien i mai neste \u00e5r. <\/p>\n<p>Eurovisoin-veteraner<\/p>\n<p class=\"_paragraph_ew2ao_4 _paragraph_xtcu6_10 layout-component text-serif-m layout-normal text-serif-m layout-padded\">Irland har deltatt i sangkonkurransen siden 1965 og vunnet hele syv ganger. Sammen med Sverige er Irland det landet som har vunnet flest ganger. <\/p>\n<p class=\"_paragraph_ew2ao_4 _paragraph_xtcu6_10 layout-component text-serif-m layout-normal text-serif-m layout-padded\">I \u00e5r stilte Irland med <a href=\"https:\/\/www.vg.no\/rampelys\/i\/3Me89q\/emmy-skal-representere-irland-i-eurovision-med-laika-party\" data-track-element-type=\"Link\" data-track-id=\"link:3Me89q\" class=\"_link_ew2ao_39\" rel=\"nofollow noopener\" target=\"_blank\">norsk artist<\/a>, Emmy Kristine Guttulsrud Kristiansen (23). Denne gangen r\u00f8k de ut i semifinalen. <\/p>\n<p class=\"_paragraph_ew2ao_4 _paragraph_xtcu6_10 layout-component text-serif-m layout-normal text-serif-m layout-padded\"><strong class=\"_strong_ew2ao_25\">Israel kom p\u00e5 <a href=\"https:\/\/www.vg.no\/rampelys\/i\/Avyrax\/eurovision-her-avgjoeres-det\" data-track-element-type=\"Link\" data-track-id=\"link:Avyrax\" class=\"_link_ew2ao_39\" rel=\"nofollow noopener\" target=\"_blank\">annenplass i finalen<\/a>.<\/strong><\/p>\n<p class=\"_paragraph_ew2ao_4 _paragraph_xtcu6_10 layout-component text-serif-m layout-normal text-serif-m layout-padded\">Det har de siste par \u00e5rene v\u00e6rt massive protester mot Israels Eurovision-deltagelse. Store demonstrasjoner ble ogs\u00e5 holdt under konkurransen i Basel i \u00e5r samt i Malm\u00f6 i fjor.<\/p>\n<p class=\"_paragraph_ew2ao_4 _paragraph_xtcu6_10 layout-component text-serif-m layout-normal text-serif-m layout-padded\"><strong class=\"_strong_ew2ao_25\">\u00d8sterrikske JJ (24), som vant i \u00e5r, uttalte etter seieren at han h\u00e5per neste \u00e5rs konkurranse g\u00e5r sin gang uten israelsk deltagelse.<\/strong><\/p>\n<p class=\"_paragraph_ew2ao_4 _paragraph_xtcu6_10 layout-component text-serif-m layout-normal text-serif-m layout-padded\">RT\u00c9 opplyser at de sammen med spanske og slovenske kringkastere har bedt om konsultasjoner med Eurovision-organisasjonen EBUEBUEBU: European Broadcasting Union er en organisasjon som best\u00e5r av nasjonale kringkastere fra Europa og noen andre regioner, og som organiserer Eurovision Song Contest., European Broadcasting Union, om Israels deltagelse. <\/p>\n<p class=\"_paragraph_ew2ao_4 _paragraph_xtcu6_10 layout-component text-serif-m layout-normal text-serif-m layout-padded\">EBU skal ha gitt medlemslandene frist til desember med \u00e5 trekke seg uten konsekvenser.<\/p>\n<p class=\"_paragraph_ew2ao_4 _paragraph_xtcu6_10 layout-component text-serif-m layout-normal text-serif-m layout-padded\">Kringkasteren sier at en endelig beslutning vil tas n\u00e5r EBU formelt bekrefter om Israel f\u00e5r stille ogs\u00e5 til neste \u00e5r.<\/p>\n<p class=\"_paragraph_ew2ao_4 _paragraph_xtcu6_10 layout-component text-serif-m layout-normal text-serif-m layout-padded\"><strong class=\"_strong_ew2ao_25\">Fikk du med deg dette opptrinnet under \u00e5rets finale? Se VGTV:<\/strong><\/p>\n<p>Les ogs\u00e5<\/p>\n","protected":false},"excerpt":{"rendered":"Det melder den irske kringkasteren RT\u00c9 torsdag. Yuval Raphael sang Israel til en annenplass i \u00e5rets Eurovision i&hellip;\n","protected":false},"author":2,"featured_media":32571,"comment_status":"","ping_status":"","sticky":false,"template":"","format":"standard","meta":{"footnotes":""},"categories":[58],"tags":[71,2513,5194,1243,30,28,29,207,72],"class_list":{"0":"post-32570","1":"post","2":"type-post","3":"status-publish","4":"format-standard","5":"has-post-thumbnail","7":"category-underholdning","8":"tag-entertainment","9":"tag-eurovision","10":"tag-irland","11":"tag-israel-palestina","12":"tag-no","13":"tag-norge","14":"tag-norway","15":"tag-tv","16":"tag-underholdning"},"share_on_mastodon":{"url":"","error":""},"_links":{"self":[{"href":"https:\/\/www.europesays.com\/no\/wp-json\/wp\/v2\/posts\/32570","targetHints":{"allow":["GET"]}}],"collection":[{"href":"https:\/\/www.europesays.com\/no\/wp-json\/wp\/v2\/posts"}],"about":[{"href":"https:\/\/www.europesays.com\/no\/wp-json\/wp\/v2\/types\/post"}],"author":[{"embeddable":true,"href":"https:\/\/www.europesays.com\/no\/wp-json\/wp\/v2\/users\/2"}],"replies":[{"embeddable":true,"href":"https:\/\/www.europesays.com\/no\/wp-json\/wp\/v2\/comments?post=32570"}],"version-history":[{"count":0,"href":"https:\/\/www.europesays.com\/no\/wp-json\/wp\/v2\/posts\/32570\/revisions"}],"wp:featuredmedia":[{"embeddable":true,"href":"https:\/\/www.europesays.com\/no\/wp-json\/wp\/v2\/media\/32571"}],"wp:attachment":[{"href":"https:\/\/www.europesays.com\/no\/wp-json\/wp\/v2\/media?parent=32570"}],"wp:term":[{"taxonomy":"category","embeddable":true,"href":"https:\/\/www.europesays.com\/no\/wp-json\/wp\/v2\/categories?post=32570"},{"taxonomy":"post_tag","embeddable":true,"href":"https:\/\/www.europesays.com\/no\/wp-json\/wp\/v2\/tags?post=32570"}],"curies":[{"name":"wp","href":"https:\/\/api.w.org\/{rel}","templated":true}]}}