{"id":32583,"date":"2025-09-11T13:19:10","date_gmt":"2025-09-11T13:19:10","guid":{"rendered":"https:\/\/www.europesays.com\/no\/32583\/"},"modified":"2025-09-11T13:19:10","modified_gmt":"2025-09-11T13:19:10","slug":"star-sammen-med-trump","status":"publish","type":"post","link":"https:\/\/www.europesays.com\/no\/32583\/","title":{"rendered":"\u2013 St\u00e5r sammen med Trump"},"content":{"rendered":"<p class=\"kicker text-red color_mobile_text-red\" style=\"\">Belarus l\u00f8slater 52 fanger:<\/p>\n<p>  Belarus har l\u00f8slatt 52 fanger fra ulike land etter anmodning fra president Donald Trump, melder landets statlige nyhetsbyr\u00e5.<\/p>\n<p>\n    Belarus&#8217; president Aleksandr Lukasjenko l\u00f8slater 52 fanger. Foto: Alexander Kazakov \/ Sputnik via AP \/ NTB\n  <\/p>\n<p>I gjengjeld skal USA oppheve sanksjoner mot det statlige belarusiske flyselskapet Belavia.<\/p>\n<p>\u2013 V\u00e5r fremste oppgave er \u00e5 st\u00e5 sammen med Trump og hjelpe ham i hans fors\u00f8k p\u00e5 \u00e5 skape fred, sier president Aleksandr Lukasjenko i en uttalelse torsdag.<\/p>\n<p>    <a itemprop=\"url\" href=\"https:\/\/sol.no\/nyheter\/harris-sier-det-var-skjodeslost-a-la-biden-stille-til-gjenvalg-2024\/83579911\" rel=\"nofollow noopener\" target=\"_blank\"><\/p>\n<p>      <img loading=\"lazy\" decoding=\"async\" src=\"https:\/\/www.europesays.com\/no\/wp-content\/uploads\/2025\/09\/83579918.webp\" width=\"980\" height=\"441\" title=\"Kommer med innr\u00f8mmelse\" alt=\"\" class=\"lazyload\" style=\"--aspect-ratio-image: 2.22; \"\/><\/p>\n<p>        Kommer med innr\u00f8mmelse<\/p>\n<p>sol.no<\/p>\n<p>    <\/a><\/p>\n<p>Kunngj\u00f8ringen fra Minsk kommer samme dag som Lukasjenko m\u00f8tte USA-representant John Coale. Trump sa tidligere i september at han hadde snakket med Lukasjenko om \u00e5 l\u00f8slate fanger.<\/p>\n<p>Coale skal if\u00f8lge Belarus&#8217; statlige nyhetsbyr\u00e5 Belta ha fortalt Lukasjenko at USA, i tillegg til \u00e5 lette p\u00e5 sanksjoner, \u00f8nsker \u00e5 gjen\u00e5pne sin ambassade i Belarus.<\/p>\n<p>    <a itemprop=\"url\" href=\"https:\/\/sol.no\/nyheter\/en-skandale-og-en-tragedie-for-hoyre\/83577568\" rel=\"nofollow noopener\" target=\"_blank\"><\/p>\n<p>      <img loading=\"lazy\" decoding=\"async\" src=\"https:\/\/www.europesays.com\/no\/wp-content\/uploads\/2025\/09\/83577690.webp\" width=\"980\" height=\"441\" title=\"\u2013 En skandale og en tragedie for H\u00f8yre\" alt=\"\" class=\"lazyload\" style=\"--aspect-ratio-image: 2.22; \"\/><\/p>\n<p>        \u2013 En skandale og en tragedie for H\u00f8yre<\/p>\n<p>sol.no<\/p>\n<p>    <\/a><\/p>\n<p>Blant de som er l\u00f8slatt, er seks litauere, to latviere, to polakker, to tyskere, \u00e9n franskmann og \u00e9n brite. De har n\u00e5 ankommet Litauen, if\u00f8lge landets president Gitanas Nauseda.<\/p>\n<p>\u2013 Jeg er takknemlig overfor USA og Donald Trump for deres arbeid med \u00e5 sette fri politiske fanger. 52 er mange, veldig mange, skriver Nauseda p\u00e5\u00a0<a href=\"https:\/\/x.com\/GitanasNauseda\/status\/1966096794472849875\" target=\"_blank\" rel=\"nofollow\">X<\/a>.<\/p>\n<p>De 14 utenlandske statsborgerne var d\u00f8mt for en rekke ulike lovbrudd, deriblant spionasje, ekstremisme og terrorisme.<\/p>\n","protected":false},"excerpt":{"rendered":"Belarus l\u00f8slater 52 fanger: Belarus har l\u00f8slatt 52 fanger fra ulike land etter anmodning fra president Donald Trump,&hellip;\n","protected":false},"author":2,"featured_media":32584,"comment_status":"","ping_status":"","sticky":false,"template":"","format":"standard","meta":{"footnotes":""},"categories":[12],"tags":[5196,1065,20,21,55,24,25,15,22,23,13,30,28,29,14,16,2003,26,27,42,43,44,45],"class_list":{"0":"post-32583","1":"post","2":"type-post","3":"status-publish","4":"format-standard","5":"has-post-thumbnail","7":"category-verden","8":"tag-aleksandr-lukasjenko","9":"tag-belarus","10":"tag-breaking-news","11":"tag-breakingnews","12":"tag-donald-trump","13":"tag-featured-news","14":"tag-featurednews","15":"tag-headlines","16":"tag-latest-news","17":"tag-latestnews","18":"tag-news","19":"tag-no","20":"tag-norge","21":"tag-norway","22":"tag-nyheter","23":"tag-overskrifter","24":"tag-sanksjoner","25":"tag-top-stories","26":"tag-topstories","27":"tag-verden","28":"tag-world","29":"tag-world-news","30":"tag-worldnews"},"share_on_mastodon":{"url":"","error":""},"_links":{"self":[{"href":"https:\/\/www.europesays.com\/no\/wp-json\/wp\/v2\/posts\/32583","targetHints":{"allow":["GET"]}}],"collection":[{"href":"https:\/\/www.europesays.com\/no\/wp-json\/wp\/v2\/posts"}],"about":[{"href":"https:\/\/www.europesays.com\/no\/wp-json\/wp\/v2\/types\/post"}],"author":[{"embeddable":true,"href":"https:\/\/www.europesays.com\/no\/wp-json\/wp\/v2\/users\/2"}],"replies":[{"embeddable":true,"href":"https:\/\/www.europesays.com\/no\/wp-json\/wp\/v2\/comments?post=32583"}],"version-history":[{"count":0,"href":"https:\/\/www.europesays.com\/no\/wp-json\/wp\/v2\/posts\/32583\/revisions"}],"wp:featuredmedia":[{"embeddable":true,"href":"https:\/\/www.europesays.com\/no\/wp-json\/wp\/v2\/media\/32584"}],"wp:attachment":[{"href":"https:\/\/www.europesays.com\/no\/wp-json\/wp\/v2\/media?parent=32583"}],"wp:term":[{"taxonomy":"category","embeddable":true,"href":"https:\/\/www.europesays.com\/no\/wp-json\/wp\/v2\/categories?post=32583"},{"taxonomy":"post_tag","embeddable":true,"href":"https:\/\/www.europesays.com\/no\/wp-json\/wp\/v2\/tags?post=32583"}],"curies":[{"name":"wp","href":"https:\/\/api.w.org\/{rel}","templated":true}]}}