{"id":326026,"date":"2026-08-17T21:35:13","date_gmt":"2026-08-17T21:35:13","guid":{"rendered":"https:\/\/www.europesays.com\/no\/326026\/"},"modified":"2026-08-17T21:35:13","modified_gmt":"2026-08-17T21:35:13","slug":"benfica-knuste-casa-pia-7-0-andreas-schjelderup-kom-inn-som-innbytter","status":"publish","type":"post","link":"https:\/\/www.europesays.com\/no\/326026\/","title":{"rendered":"Benfica knuste Casa Pia 7-0 \u2013 Andreas Schjelderup kom inn som innbytter"},"content":{"rendered":"\n<p class=\"_lead_145nj_2 _lead_6fko5_53 layout-component text-serif-m layout-normal text-serif-l layout-component layout-wide layout-padded _wide_17hqh_1 layout-padded\">Andreas Schjelderup og Benfica slo tilbake etter en treg seriepremiere. Mandag kveld knuste de Casa Pia hele 7-0!<\/p>\n<p><img alt=\"Andreas Schjelderup og Benfica vant stort mot Casa Pia. Bildet er tatt fra en kamp forrige sesong. Foto: PATRICIA DE MELO MOREIRA \/ AFP \/ NTB\" class=\"_image_jw3bv_65 layout-component layout-wide\" data-fullscreen- data-track-element-type=\"Article image fullscreen\" data-track-name=\"ImageFullscreen\" fetchpriority=\"high\" decoding=\"sync\" loading=\"eager\" height=\"3548\" itemprop=\"image\"  src=\"https:\/\/www.europesays.com\/no\/wp-content\/uploads\/2026\/08\/b3e7c74c-8fac-38bb-b018-a254f95c8420.jpeg\"  style=\"object-position:0% 0%\" width=\"5322\"\/>Andreas Schjelderup og Benfica vant stort mot Casa Pia. Bildet er tatt fra en kamp forrige sesong. Foto: PATRICIA DE MELO MOREIRA \/ AFP \/ NTB<\/p>\n<ul aria-hidden=\"true\" class=\"_images_ntbth_112\">\n<li><a class=\"_link_ntbth_117\" href=\"https:\/\/www.vg.no\/forfatter\/martin-daldosso\" style=\"z-index:1\" title=\"Martin Daldosso\" rel=\"nofollow noopener\" target=\"_blank\"><img alt=\"Bilde av Martin Daldosso\" class=\"_image_ntbth_93\" fetchpriority=\"low\" loading=\"lazy\" decoding=\"async\" itemprop=\"image\"  src=\"https:\/\/www.europesays.com\/no\/wp-content\/uploads\/2026\/08\/1787002512_603_08628443-dcab-41b6-9689-17cde1613270.jpeg\"  width=\"480\"\/><\/a><\/li>\n<\/ul>\n<p> Oppdatert mandag 17. august kl. 23:24    <\/p>\n<ul class=\"_list_145nj_3 _list_64s2r_85 _unordered_145nj_106 text-sans-m\">\n<li class=\"_item_145nj_30\">Benfica slo Casa Pia 7-0 mandag kveld.<\/li>\n<li class=\"_item_145nj_30\">Vangelis Pavlidis scoret tre m\u00e5l p\u00e5 sju minutter etter pause.<\/li>\n<li class=\"_item_145nj_30\">Fredrik Aursnes var ikke i troppen grunnet skade.<\/li>\n<li class=\"_item_145nj_30\">Benfica m\u00f8ter AGF i Europa League-playoff torsdag.<\/li>\n<\/ul>\n<p>Vis mer <\/p>\n<p class=\"_paragraph_145nj_4 _paragraph_6fko5_10 layout-component text-serif-m layout-normal text-serif-m layout-padded\">Bod\u00f8v\u00e6ringen ble byttet inn i det 60. minutt p\u00e5 stillingen 6-0, men klarte ikke \u00e5 notere seg for m\u00e5lpoeng.<\/p>\n<p class=\"_paragraph_145nj_4 _paragraph_6fko5_10 layout-component text-serif-m layout-normal text-serif-m layout-padded\">Kampens store spiller var Vangelis Pavlidis, som scoret tre m\u00e5l p\u00e5 sju minutter etter pause. Med en dr\u00f8y halvtime igjen av kampen ble han byttet ut for tidligere Premier League-profil Jhon Duran, som selv vartet opp med en scoring, bare tre minutter etter at han kom p\u00e5 banen.<\/p>\n<p class=\"_paragraph_145nj_4 _paragraph_6fko5_10 layout-component text-serif-m layout-normal text-serif-m layout-padded\">Totalt scoret Benfica fem m\u00e5l i l\u00f8pet av det f\u00f8rste kvarteret i annenomgang.<\/p>\n<p class=\"_paragraph_145nj_4 _paragraph_6fko5_10 layout-component text-serif-m layout-normal text-serif-m layout-padded\">\u2013 Det var fullstendig lekestue, sa VG-kommentator Vegard Aulstad.<\/p>\n<p class=\"_paragraph_145nj_4 _paragraph_6fko5_10 layout-component text-serif-m layout-normal text-serif-m layout-padded\"><strong class=\"_strong_145nj_25\">Alt av Liga Portugal ser du med VG + Sport!<\/strong><\/p>\n<p><img alt=\"Vangelia Pavlidids scoret hattrick for Benfica.  Foto: PAULO CUNHA \/ EPA \/ NTB\" class=\"_image_jw3bv_65 layout-component layout-normal\" data-fullscreen- data-track-element-type=\"Article image fullscreen\" data-track-name=\"ImageFullscreen\" decoding=\"async\" loading=\"lazy\" height=\"2804\" itemprop=\"image\"  src=\"https:\/\/www.europesays.com\/no\/wp-content\/uploads\/2026\/08\/3d3420a2-18d7-35b8-9637-dfb59fb84a1c.jpeg\"  style=\"object-position:0% 0%\" width=\"4206\"\/>Vangelia Pavlidids scoret hattrick for Benfica.  Foto: PAULO CUNHA \/ EPA \/ NTB<\/p>\n<p class=\"_paragraph_145nj_4 _paragraph_6fko5_10 layout-component text-serif-m layout-normal text-serif-m layout-padded\">Gianluca Prestianni og Rafa Silva sto for resten av m\u00e5lene til Benfica, i tillegg til et uheldig selvm\u00e5l av Casa Pias Lawrence Ofori.<\/p>\n<p class=\"_paragraph_145nj_4 _paragraph_6fko5_10 layout-component text-serif-m layout-normal text-serif-m layout-padded\">P\u00e5 tampen ble vondt til verre for Casa Pia, da innbytter Khaly ble utvist som f\u00f8lge av to gule kort.<\/p>\n<p class=\"_paragraph_145nj_4 _paragraph_6fko5_10 layout-component text-serif-m layout-normal text-serif-m layout-padded\"><a href=\"https:\/\/www.vg.no\/tag\/fredrik-aursnes?utm_source=vg-article&amp;utm_medium=auto-tagger&amp;utm_campaign=5poqGz\" class=\"_link_145nj_39\" rel=\"nofollow noopener\" target=\"_blank\">Fredrik Aursnes<\/a>, som nylig ble utpekt som ny kaptein for Benfica, var ikke med i troppen p\u00e5 grunn av en skade.<\/p>\n<p class=\"_paragraph_145nj_4 _paragraph_6fko5_10 layout-component text-serif-m layout-normal layout-padded\"><strong class=\"_strong_145nj_25\">Les ogs\u00e5:<\/strong> <a href=\"https:\/\/www.vg.no\/i\/M7a325\" data-track-element-type=\"Link\" data-track-id=\"link:M7a325\" class=\"_link_145nj_39\" rel=\"nofollow noopener\" target=\"_blank\">Aursnes blir Benfica-kaptein<\/a><\/p>\n<p class=\"_paragraph_145nj_4 _paragraph_6fko5_10 layout-component text-serif-m layout-normal text-serif-m layout-padded\">Benfica startet sesongen p\u00e5 skuffende vis med 2-2 mot nyopprykkede Academico Viseu. N\u00e5 venter danske AGF, som gjester Estadio Da Luz torsdag kveld i den f\u00f8rste av to kamper i playoff-runden til Europa League. Returoppgj\u00f8ret spilles i Aarhus torsdag 27. august.<\/p>\n","protected":false},"excerpt":{"rendered":"Andreas Schjelderup og Benfica slo tilbake etter en treg seriepremiere. Mandag kveld knuste de Casa Pia hele 7-0!&hellip;\n","protected":false},"author":2,"featured_media":326027,"comment_status":"","ping_status":"","sticky":false,"template":"","format":"standard","meta":{"footnotes":"","_share_on_mastodon":"0"},"categories":[59],"tags":[4761,25700,92,4762,22244,30,28,29,6096,83,82],"class_list":["post-326026","post","type-post","status-publish","format-standard","has-post-thumbnail","category-sport","tag-andreas-schjelderup","tag-casa-pia","tag-fotball","tag-fredrik-aursnes","tag-liga-portugal","tag-no","tag-norge","tag-norway","tag-sl-benfica","tag-sport","tag-sports"],"share_on_mastodon":{"url":"https:\/\/pubeurope.com\/@no\/117113003943828877","error":""},"_links":{"self":[{"href":"https:\/\/www.europesays.com\/no\/wp-json\/wp\/v2\/posts\/326026","targetHints":{"allow":["GET"]}}],"collection":[{"href":"https:\/\/www.europesays.com\/no\/wp-json\/wp\/v2\/posts"}],"about":[{"href":"https:\/\/www.europesays.com\/no\/wp-json\/wp\/v2\/types\/post"}],"author":[{"embeddable":true,"href":"https:\/\/www.europesays.com\/no\/wp-json\/wp\/v2\/users\/2"}],"replies":[{"embeddable":true,"href":"https:\/\/www.europesays.com\/no\/wp-json\/wp\/v2\/comments?post=326026"}],"version-history":[{"count":0,"href":"https:\/\/www.europesays.com\/no\/wp-json\/wp\/v2\/posts\/326026\/revisions"}],"wp:featuredmedia":[{"embeddable":true,"href":"https:\/\/www.europesays.com\/no\/wp-json\/wp\/v2\/media\/326027"}],"wp:attachment":[{"href":"https:\/\/www.europesays.com\/no\/wp-json\/wp\/v2\/media?parent=326026"}],"wp:term":[{"taxonomy":"category","embeddable":true,"href":"https:\/\/www.europesays.com\/no\/wp-json\/wp\/v2\/categories?post=326026"},{"taxonomy":"post_tag","embeddable":true,"href":"https:\/\/www.europesays.com\/no\/wp-json\/wp\/v2\/tags?post=326026"}],"curies":[{"name":"wp","href":"https:\/\/api.w.org\/{rel}","templated":true}]}}