{"id":326076,"date":"2026-08-17T22:39:22","date_gmt":"2026-08-17T22:39:22","guid":{"rendered":"https:\/\/www.europesays.com\/no\/326076\/"},"modified":"2026-08-17T22:39:22","modified_gmt":"2026-08-17T22:39:22","slug":"cristiano-ronaldo-giftet-seg-med-georgina-rodriguez-roper-bryllupsdetaljer","status":"publish","type":"post","link":"https:\/\/www.europesays.com\/no\/326076\/","title":{"rendered":"Cristiano Ronaldo giftet seg med Georgina Rodr\u00edguez \u2013 r\u00f8per bryllupsdetaljer"},"content":{"rendered":"<p class=\"kicker \" style=\"\">Cristiano Ronaldo og Georgina Rodriguez:<\/p>\n<p class=\"subtitle \" style=\"\">Cristiano Ronaldo og Georgina Rodr\u00edguez har holdt bryllupet privat. N\u00e5 r\u00f8per stjerneparet detaljer fra den romantiske dagen.<\/p>\n<p>\n    GIFTET SEG: Cristiano Ronaldo og Georgina Rodriguez ble mann og kone tidligere i \u00e5r. Foto: Skjermdump Instagram\n  <\/p>\n<p>Tidligere denne m\u00e5neden ble det kjent at fotballegenden Cristiano Ronaldo (41) hadde giftet seg med Georgina Rodr\u00edguez (32).<\/p>\n<p>Stjerneparet kunngjorde forlovelsen i fjor sommer, og Ronaldo har tidligere uttalt at bryllupet var planlagt til etter fotball-VM. Utover det har paret holdt kortene tett til brystet.<\/p>\n<p>N\u00e5 velger imidlertid Ronaldo og Rodr\u00edguez \u00e5 lette p\u00e5 sl\u00f8ret om den romantiske dagen.<\/p>\n<p>    <a itemprop=\"url\" href=\"https:\/\/www.seher.no\/kjendis\/slik-lurte-de-hele-verden\/85006205\" rel=\"nofollow noopener\" target=\"_blank\"><\/p>\n<p>        <img loading=\"lazy\" decoding=\"async\" src=\"https:\/\/www.europesays.com\/no\/wp-content\/uploads\/2026\/08\/1787006362_725_85005899.webp\" width=\"147\" height=\"98\" alt=\"\" class=\"lazyload\" style=\"--aspect-ratio-image: 1.50; \"\/><\/p>\n<p>        Slik lurte de \u00abhele\u00bb verden<\/p>\n<p>    <\/a><\/p>\n<p>Giftet seg hjemme\t<\/p>\n<p>I et intervju med <a href=\"https:\/\/www.vogue.com\/article\/cristiano-ronaldo-and-georgina-rodriguez-wedding\" target=\"_blank\" rel=\"nofollow noopener\">Vogue <\/a>forteller paret at de valgte \u00e5 gjennomf\u00f8re vielsen i Portugal 11. august.<\/p>\n<p>&#8211; Vi valgte \u00e5 gifte oss i stua hjemme, der vi spiser frokost, lunsj og middag, og der vi lever det virkelige livet v\u00e5rt, forteller Rodr\u00edguez til Vogue.<\/p>\n<p>De hadde ogs\u00e5 alle sine fem barn til stede.<\/p>\n<p>        KLINER TIL: Denne helgen ble Kristin Gjelsvik endelig gift med sin Geir i Hemsedal. Se de r\u00f8rende \u00f8yeblikkene fra vielsen her. Foto: Tor Lindseth\/Se og H\u00f8r \/\/ Lyd: Epidemicsound<\/p>\n<p>Ronaldo er far til Cristiano Jr. (16) og tvillingene Eva Maria og Mateo (9), mens de sammen har d\u00f8trene Alana (8) og Bella (4).<\/p>\n<p> Rodr\u00edguez forteller at hun allerede tenker p\u00e5 hvordan barna vil huske \u00f8yeblikket mange \u00e5r fram i tid. <\/p>\n<p> &#8211; Om 30 \u00e5r vil jeg at barna skal tenke: \u00abNoe fantastisk skjedde ved dette bordet &#8211; foreldrene v\u00e5re ga hverandre bryllupsl\u00f8ftene sine\u00bb.<\/p>\n<p>    <a itemprop=\"url\" href=\"https:\/\/www.seher.no\/kjendis\/full-forvirring\/84989508\" rel=\"nofollow noopener\" target=\"_blank\"><\/p>\n<p>        <img loading=\"lazy\" decoding=\"async\" src=\"https:\/\/www.europesays.com\/no\/wp-content\/uploads\/2026\/08\/1787006362_891_84989552.webp\" width=\"180\" height=\"81\" alt=\"\" class=\"lazyload\" style=\"--aspect-ratio-image: 2.22; \"\/><\/p>\n<p>        Full forvirring <\/p>\n<p>    <\/a><\/p>\n<p>&#8211; Har snudd\t<\/p>\n<p>Selv om selve vielsen var liten og privat, betyr ikke det at paret har droppet den store bryllupsfesten.<\/p>\n<p>If\u00f8lge Vogue planlegger Ronaldo og Rodr\u00edguez ogs\u00e5 en st\u00f8rre feiring sammen med familie og venner p\u00e5 et seinere tidspunkt.<\/p>\n<p> Rodr\u00edguez legger ikke skjul p\u00e5 at hun tidligere har sett for seg et langt mer overd\u00e5dig bryllup.<\/p>\n<p>        \u00abTYPEN TIL\u00bb: Else K\u00e5ss Furuseth og Leo Ajkic mimrer tilbake til NRK-romansen. Video: Nora Skavhaug\/Karolina Grace\/R\u00f8d L\u00f8per, \u00abTypen til\u00bb\/NRK.<\/p>\n<p>&#8211; Da jeg var yngre dr\u00f8mte jeg om et stort slott, gigantisk vogn og en lang kjole. Men n\u00e5 har det snudd. Jeg \u00f8nsker meg noe mer intimt, med partneren min og barna v\u00e5re.\u00a0<\/p>\n<p>P\u00e5 selve dagen gikk bruden for en hvit silkekjole med matchende satengsko, mens Ronaldo hadde p\u00e5 seg en beige dress. Ogs\u00e5 barna var kledd i n\u00f8ytrale farger. Eva Maria, Alana og Bella hadde beige kjoler, mens Mateo og Cristiano Jr. stilte i hvite skjorter og beige bukser.<\/p>\n<p>        \u00abSKAL VI DANSE\u00bb: Helene Olafsen har f\u00e5tt sitt tredje barn. Dette sier \u00abSkal vi danse\u00bb-kollegaen om premieren. Video: <\/p>\n<p>Det er forel\u00f8pig ikke kjent n\u00e5r paret planlegger en st\u00f8rre feiring.<\/p>\n","protected":false},"excerpt":{"rendered":"Cristiano Ronaldo og Georgina Rodriguez: Cristiano Ronaldo og Georgina Rodr\u00edguez har holdt bryllupet privat. N\u00e5 r\u00f8per stjerneparet detaljer&hellip;\n","protected":false},"author":2,"featured_media":326077,"comment_status":"","ping_status":"","sticky":false,"template":"","format":"standard","meta":{"footnotes":"","_share_on_mastodon":"0"},"categories":[59],"tags":[183,24010,479,2543,30,28,29,83,82],"class_list":["post-326076","post","type-post","status-publish","format-standard","has-post-thumbnail","category-sport","tag-bryllup","tag-cristiano_ronaldo","tag-kjendis","tag-kjendisdesken","tag-no","tag-norge","tag-norway","tag-sport","tag-sports"],"share_on_mastodon":{"url":"https:\/\/pubeurope.com\/@no\/117113256352052333","error":""},"_links":{"self":[{"href":"https:\/\/www.europesays.com\/no\/wp-json\/wp\/v2\/posts\/326076","targetHints":{"allow":["GET"]}}],"collection":[{"href":"https:\/\/www.europesays.com\/no\/wp-json\/wp\/v2\/posts"}],"about":[{"href":"https:\/\/www.europesays.com\/no\/wp-json\/wp\/v2\/types\/post"}],"author":[{"embeddable":true,"href":"https:\/\/www.europesays.com\/no\/wp-json\/wp\/v2\/users\/2"}],"replies":[{"embeddable":true,"href":"https:\/\/www.europesays.com\/no\/wp-json\/wp\/v2\/comments?post=326076"}],"version-history":[{"count":0,"href":"https:\/\/www.europesays.com\/no\/wp-json\/wp\/v2\/posts\/326076\/revisions"}],"wp:featuredmedia":[{"embeddable":true,"href":"https:\/\/www.europesays.com\/no\/wp-json\/wp\/v2\/media\/326077"}],"wp:attachment":[{"href":"https:\/\/www.europesays.com\/no\/wp-json\/wp\/v2\/media?parent=326076"}],"wp:term":[{"taxonomy":"category","embeddable":true,"href":"https:\/\/www.europesays.com\/no\/wp-json\/wp\/v2\/categories?post=326076"},{"taxonomy":"post_tag","embeddable":true,"href":"https:\/\/www.europesays.com\/no\/wp-json\/wp\/v2\/tags?post=326076"}],"curies":[{"name":"wp","href":"https:\/\/api.w.org\/{rel}","templated":true}]}}