{"id":326338,"date":"2026-08-18T07:59:08","date_gmt":"2026-08-18T07:59:08","guid":{"rendered":"https:\/\/www.europesays.com\/no\/326338\/"},"modified":"2026-08-18T07:59:08","modified_gmt":"2026-08-18T07:59:08","slug":"youtube-stjernen-grayson-dolan-26-har-giftet-seg","status":"publish","type":"post","link":"https:\/\/www.europesays.com\/no\/326338\/","title":{"rendered":"YouTube-stjernen Grayson Dolan (26) har giftet seg"},"content":{"rendered":"\n<p class=\"_lead_145nj_2 _lead_6fko5_53 layout-component text-serif-m layout-normal text-serif-l layout-component layout-wide layout-padded _wide_17hqh_1 layout-padded\">\u2013 Gud visste at hjertet mitt trengte deg, skriver paret p\u00e5 Instagram.<\/p>\n<p><img alt=\"DOLAN TWINS: N\u00e5 er de begge gift. Grayson Dolan (t.v.) giftet seg i sommer, tvillingbroren Ethan Dolan giftet seg for to \u00e5r siden. Foto: Chris Pizzello \/ AP \/ NTB\" class=\"_image_jw3bv_65 layout-component layout-wide\" data-fullscreen- data-track-element-type=\"Article image fullscreen\" data-track-name=\"ImageFullscreen\" fetchpriority=\"high\" decoding=\"sync\" loading=\"eager\" height=\"2151\" itemprop=\"image\"  src=\"https:\/\/www.europesays.com\/no\/wp-content\/uploads\/2026\/08\/c5b51b6b-98ac-3697-a806-b9257a202812.jpeg\"  style=\"object-position:56.05% 35.26266852626686%\" width=\"3000\"\/>DOLAN TWINS: N\u00e5 er de begge gift. Grayson Dolan (t.v.) giftet seg i sommer, tvillingbroren Ethan Dolan giftet seg for to \u00e5r siden. Foto: Chris Pizzello \/ AP \/ NTB<\/p>\n<ul aria-hidden=\"true\" class=\"_images_ntbth_112\">\n<li><a class=\"_link_ntbth_117\" href=\"https:\/\/www.vg.no\/forfatter\/ida-brun\" style=\"z-index:1\" title=\"Ida Brun\" rel=\"nofollow noopener\" target=\"_blank\"><img alt=\"Bilde av Ida Brun\" class=\"_image_ntbth_93\" fetchpriority=\"low\" loading=\"lazy\" decoding=\"async\" itemprop=\"image\"  src=\"https:\/\/www.europesays.com\/no\/wp-content\/uploads\/2026\/08\/1787039948_151_78bc21fe-8bc7-43e9-80ad-fe809ccc8aac.jpeg\"  width=\"480\"\/><\/a><\/li>\n<\/ul>\n<p> Oppdatert tirsdag 18. august kl. 09:23     <\/p>\n<p class=\"_paragraph_145nj_4 _paragraph_6fko5_10 layout-component text-serif-m layout-normal text-serif-m layout-padded\">Grayson Dolan, kjent fra YouTube-duoen \u00abDolan Twins\u00bb, giftet seg med Eleni Stamoulis 24. juli i \u00e5r. Det melder <a href=\"https:\/\/people.com\/youtube-star-grayson-dolan-marries-eleni-stamoulis-in-outdoor-ceremony-12062076\" class=\"_link_145nj_39\" rel=\"nofollow noopener\" target=\"_blank\">People<\/a>.<\/p>\n<p class=\"_paragraph_145nj_4 _paragraph_6fko5_10 layout-component text-serif-m layout-normal text-serif-m layout-padded\">Nyheten ble kunngjort mandag i et felles Instagram-innlegg, der bruden ogs\u00e5 har byttet etternavn til Dolan.<\/p>\n<p class=\"_paragraph_145nj_4 _paragraph_6fko5_10 layout-component text-serif-m layout-normal text-serif-m layout-padded\">\u00abGud visste at hjertet mitt trengte deg. 07.24.2026\u00bb, skriver paret under innlegget.<\/p>\n<p class=\"_paragraph_145nj_4 _paragraph_6fko5_10 layout-component text-serif-m layout-normal text-serif-m layout-padded\">Bildene viser paret kledd i hvitt mens de kysser p\u00e5 en trapp med utsikt over vannet, omkranset av hvite blomster. Eleni bar en stroppl\u00f8s blondekjole med slep og langt sl\u00f8r.<\/p>\n<p class=\"_paragraph_145nj_4 _paragraph_6fko5_10 layout-component text-serif-m layout-normal text-serif-m layout-padded\">Bryllupet kommer bare en m\u00e5ned etter at Grayson og tvillingbroren Ethan Dolan overraskende gjorde comeback p\u00e5 YouTube etter fem \u00e5rs pause.<\/p>\n<p class=\"_paragraph_145nj_4 _paragraph_6fko5_10 layout-component text-serif-m layout-normal text-serif-m layout-padded\">Paret forlovet seg i august 2025. Da delte Eleni bilder av forlovelsesringen, en oval diamant p\u00e5 en tynn gullring med sm\u00e5 diamanter p\u00e5 hver side. Et av bildene var tatt foran en gresk-ortodoks kirke, noe som tyder p\u00e5 at frieriet skjedde i Hellas, skriver People.<\/p>\n<p class=\"_paragraph_145nj_4 _paragraph_6fko5_10 layout-component text-serif-m layout-normal text-serif-m layout-padded\">Ekteskapet kommer omtrent to \u00e5r etter at tvillingbroren Ethan giftet seg med influenceren Kristina Alice i en intim seremoni i Catskills i delstaten New York i august 2024.<\/p>\n","protected":false},"excerpt":{"rendered":"\u2013 Gud visste at hjertet mitt trengte deg, skriver paret p\u00e5 Instagram. DOLAN TWINS: N\u00e5 er de begge&hellip;\n","protected":false},"author":2,"featured_media":326339,"comment_status":"","ping_status":"","sticky":false,"template":"","format":"standard","meta":{"footnotes":"","_share_on_mastodon":"0"},"categories":[58],"tags":[183,71,30,28,29,72,46,7519],"class_list":["post-326338","post","type-post","status-publish","format-standard","has-post-thumbnail","category-underholdning","tag-bryllup","tag-entertainment","tag-no","tag-norge","tag-norway","tag-underholdning","tag-vgai","tag-you-tube"],"share_on_mastodon":{"url":"https:\/\/pubeurope.com\/@no\/117115458176863528","error":""},"_links":{"self":[{"href":"https:\/\/www.europesays.com\/no\/wp-json\/wp\/v2\/posts\/326338","targetHints":{"allow":["GET"]}}],"collection":[{"href":"https:\/\/www.europesays.com\/no\/wp-json\/wp\/v2\/posts"}],"about":[{"href":"https:\/\/www.europesays.com\/no\/wp-json\/wp\/v2\/types\/post"}],"author":[{"embeddable":true,"href":"https:\/\/www.europesays.com\/no\/wp-json\/wp\/v2\/users\/2"}],"replies":[{"embeddable":true,"href":"https:\/\/www.europesays.com\/no\/wp-json\/wp\/v2\/comments?post=326338"}],"version-history":[{"count":0,"href":"https:\/\/www.europesays.com\/no\/wp-json\/wp\/v2\/posts\/326338\/revisions"}],"wp:featuredmedia":[{"embeddable":true,"href":"https:\/\/www.europesays.com\/no\/wp-json\/wp\/v2\/media\/326339"}],"wp:attachment":[{"href":"https:\/\/www.europesays.com\/no\/wp-json\/wp\/v2\/media?parent=326338"}],"wp:term":[{"taxonomy":"category","embeddable":true,"href":"https:\/\/www.europesays.com\/no\/wp-json\/wp\/v2\/categories?post=326338"},{"taxonomy":"post_tag","embeddable":true,"href":"https:\/\/www.europesays.com\/no\/wp-json\/wp\/v2\/tags?post=326338"}],"curies":[{"name":"wp","href":"https:\/\/api.w.org\/{rel}","templated":true}]}}