{"id":326405,"date":"2026-08-18T09:05:21","date_gmt":"2026-08-18T09:05:21","guid":{"rendered":"https:\/\/www.europesays.com\/no\/326405\/"},"modified":"2026-08-18T09:05:21","modified_gmt":"2026-08-18T09:05:21","slug":"nyheter-tv-fare-for-tv-streik-fra-i-morgen-romerikes-blad","status":"publish","type":"post","link":"https:\/\/www.europesays.com\/no\/326405\/","title":{"rendered":"Nyheter, Tv | Fare for TV-streik fra i morgen &#8211; Romerikes Blad"},"content":{"rendered":"<ol>\n<li><a href=\"https:\/\/news.google.com\/rss\/articles\/CBMickFVX3lxTE5NcmtvSnBYQ3dXTW52a2V5RXhxRUZ1Yjdodm91ZWJWM0tVRzBSdkN4eVk3MkxZTHNqRjJzNkhrdTljYmx5MmpLdjNNVzVMcXZPM0h5aEJBNzBoTy1nam16ek1nVFhNblZ2ZjN4YUVBV0lyZw?oc=5\" target=\"_blank\" rel=\"nofollow noopener\">Nyheter, Tv | Fare for TV-streik fra i morgen<\/a>&nbsp;&nbsp;Romerikes Blad<\/li>\n<li><a href=\"https:\/\/news.google.com\/rss\/articles\/CBMie0FVX3lxTE1SM2V1YjJnbjVEdWJ2M0RsVjctMTBCcDY4Q3hNVXpuTGlRZzVBaXNTLURaWFVaaFFjcTB1cXRBcFIwbFNPckI2MHloa2FmTXlCS3RNMFloWDdpeE5JUExNTkZ2bExiQzhSTnlXcDQ4QUUxNE50dHB4UEtJdw?oc=5\" target=\"_blank\" rel=\"nofollow noopener\">Fare for TV-streik fra midnatt<\/a>&nbsp;&nbsp;VG<\/li>\n<li><a href=\"https:\/\/news.google.com\/rss\/articles\/CBMiqAFBVV95cUxOb3hxbXMwQmpMNV9DTGdJSzA1REV0WFoyYjRwTURwMk5vaW00VmRZbDVsbWVaWGQzSXNlclFDMEpMMXNlbXlfTkdNQ0loQVZTMW0zUFNxVUVmemI2dkoyOGdPbTRNRkg4QjRSNEJ0QTVKYXFxZ3pXSkRIeEdzSmh5WUJBUjNjQV9lRHVhUkhGYWVpUU5Bc011Qzl0LUQ3SG1iVHNla1RIanQ?oc=5\" target=\"_blank\" rel=\"nofollow noopener\">Ny melding om \u00abSkal vi danse\u00bb: \u2013 Gjenst\u00e5r fortsatt mye arbeid<\/a>&nbsp;&nbsp;Nettavisen<\/li>\n<li><a href=\"https:\/\/news.google.com\/rss\/articles\/CBMikAFBVV95cUxQN3hyRUp4dWN3VnlObmc5LU9lMmhMR1Y3MnEwN09xNTI0cHh0cEkzVnZ5dkJWV3FMTk42dVhJbXlsT09kYmJ0ZW9rRlBtR2I2R29ER0h3UDFwYTZfM3hiN1dGWmZzZk9tb19lLWFqVnY1YkRfOGRpSzNOV2ZQaGtYWXZueWxQOWVaWUFIVmF4bko?oc=5\" target=\"_blank\" rel=\"nofollow noopener\">Virke og Filmforbundet enige \u2013 streik avverget<\/a>&nbsp;&nbsp;Aftenposten<\/li>\n<li><a href=\"https:\/\/news.google.com\/rss\/articles\/CBMinAFBVV95cUxOc1ZPQ0d0LU9jMloxREVIRXAxRmt2cWJ1N0tfakdnSVZQQzJ0dlZfM1N5dXQ3WW42bmh6RzNsRjNRRkVmR2tVZzVlMUNJSlZEWk92MFZyU1NLNEhhalBxZXFaUDA1bG9nLUtfNU04cktKWkQxU0dIOUVRYnlqaHVVdkNyQ3hRaVA1b1p2QzR1bDQ0MnlIMmUwWVVmemw?oc=5\" target=\"_blank\" rel=\"nofollow noopener\">Nyheter, Farmen Kjendis | Kjendis-innspillingen p\u00e5 Odden g\u00e5rd fortsetter &#8211; streik avbl\u00e5st<\/a>&nbsp;&nbsp;Telen<\/li>\n<\/ol>\n","protected":false},"excerpt":{"rendered":"Nyheter, Tv | Fare for TV-streik fra i morgen&nbsp;&nbsp;Romerikes Blad Fare for TV-streik fra midnatt&nbsp;&nbsp;VG Ny melding om&hellip;\n","protected":false},"author":2,"featured_media":326406,"comment_status":"","ping_status":"","sticky":false,"template":"","format":"standard","meta":{"footnotes":"","_share_on_mastodon":"0"},"categories":[10],"tags":[36,20,21,24,25,15,22,23,13,30,28,29,14,16,1510,4227,26,27,207],"class_list":["post-326405","post","type-post","status-publish","format-standard","has-post-thumbnail","category-norge","tag-art","tag-breaking-news","tag-breakingnews","tag-featured-news","tag-featurednews","tag-headlines","tag-latest-news","tag-latestnews","tag-news","tag-no","tag-norge","tag-norway","tag-nyheter","tag-overskrifter","tag-story","tag-streik","tag-top-stories","tag-topstories","tag-tv"],"share_on_mastodon":{"url":"https:\/\/pubeurope.com\/@no\/117115717259363452","error":""},"_links":{"self":[{"href":"https:\/\/www.europesays.com\/no\/wp-json\/wp\/v2\/posts\/326405","targetHints":{"allow":["GET"]}}],"collection":[{"href":"https:\/\/www.europesays.com\/no\/wp-json\/wp\/v2\/posts"}],"about":[{"href":"https:\/\/www.europesays.com\/no\/wp-json\/wp\/v2\/types\/post"}],"author":[{"embeddable":true,"href":"https:\/\/www.europesays.com\/no\/wp-json\/wp\/v2\/users\/2"}],"replies":[{"embeddable":true,"href":"https:\/\/www.europesays.com\/no\/wp-json\/wp\/v2\/comments?post=326405"}],"version-history":[{"count":0,"href":"https:\/\/www.europesays.com\/no\/wp-json\/wp\/v2\/posts\/326405\/revisions"}],"wp:featuredmedia":[{"embeddable":true,"href":"https:\/\/www.europesays.com\/no\/wp-json\/wp\/v2\/media\/326406"}],"wp:attachment":[{"href":"https:\/\/www.europesays.com\/no\/wp-json\/wp\/v2\/media?parent=326405"}],"wp:term":[{"taxonomy":"category","embeddable":true,"href":"https:\/\/www.europesays.com\/no\/wp-json\/wp\/v2\/categories?post=326405"},{"taxonomy":"post_tag","embeddable":true,"href":"https:\/\/www.europesays.com\/no\/wp-json\/wp\/v2\/tags?post=326405"}],"curies":[{"name":"wp","href":"https:\/\/api.w.org\/{rel}","templated":true}]}}