{"id":326962,"date":"2026-08-18T19:34:14","date_gmt":"2026-08-18T19:34:14","guid":{"rendered":"https:\/\/www.europesays.com\/no\/326962\/"},"modified":"2026-08-18T19:34:14","modified_gmt":"2026-08-18T19:34:14","slug":"far-takkekort-fra-sveits-ordforer-e24","status":"publish","type":"post","link":"https:\/\/www.europesays.com\/no\/326962\/","title":{"rendered":"F\u00e5r takkekort fra Sveits-ordf\u00f8rer \u2013 E24"},"content":{"rendered":"\n<p class=\"_textTheme_1yhmn_1 _lead_16k26_2 _lead_3ue4t_18 layout-component layout-wide layout-padded _lead_o6m9k_5 body-large _wide_o6m9k_9\">Investor Morten Astrup mener norske politikere b\u00f8r vise takknemlighet til dem som skaper arbeidsplasser. <\/p>\n<p><img alt=\"Morten Astrup\" class=\"_image_1jxax_84 layout-component layout-wide\" data-fullscreen- data-track-element-type=\"Article image fullscreen\" data-track-name=\"ImageFullscreen\" fetchpriority=\"high\" decoding=\"sync\" loading=\"eager\" height=\"4670\" itemprop=\"image\"  src=\"https:\/\/www.europesays.com\/no\/wp-content\/uploads\/2026\/08\/5d1b60f0-f39a-39dc-afaf-e3e042b4cb32.jpeg\"  style=\"object-position:48.312778348749575% 38.07280513918629%\" width=\"5838\"\/>Morten Astrup  Foto: E24Vis mer<a class=\"_link_1lr5y_108\" href=\"https:\/\/e24.no\/forfatter\/eivind-boee\" title=\"Eivind B\u00f8e\" rel=\"nofollow noopener\" target=\"_blank\"><img alt=\"Bilde av Eivind B\u00f8e\" class=\"_image_1lr5y_85\" fetchpriority=\"low\" decoding=\"async\" itemprop=\"image\" loading=\"lazy\"  src=\"https:\/\/www.europesays.com\/no\/wp-content\/uploads\/2026\/08\/1787081654_30_d64d5127-8e92-40a6-ada1-a0726d00c5b8.jpeg\"  width=\"480\"\/><\/a>          <\/p>\n<p class=\"_textTheme_1yhmn_1 _paragraph_16k26_4 _paragraph_3ue4t_27 layout-component layout-normal layout-padded body-medium\">\u2013 Jeg tror det er vanskelig \u00e5 snu skattedebatten i Norge nok til at mange av dem som allerede har flyttet ut, skal f\u00f8le seg velkomne til \u00e5 komme tilbake, sier den Sveits-bosatte investoren Morten Astrup i en fersk episode av <a href=\"https:\/\/e24.no\/podkast\/e24\/program\/6\" class=\"_link_16k26_32\" rel=\"nofollow noopener\" target=\"_blank\">E24-podden<\/a>.<\/p>\n<p class=\"_textTheme_1yhmn_1 _paragraph_16k26_4 _paragraph_3ue4t_27 layout-component layout-normal layout-padded body-medium\">Det er andre forhold i Sveits enn i Norge, forteller han.<\/p>\n<p class=\"_textTheme_1yhmn_1 _paragraph_16k26_4 _paragraph_3ue4t_27 layout-component layout-normal layout-padded body-medium\">\u2013 Rundt jul f\u00e5r jeg for eksempel stadig takkekort fra ordf\u00f8reren \u2013 rett og slett med en takk for at jeg bidrar. Jeg har til gode \u00e5 h\u00f8re om noen som f\u00e5r noe tilsvarende i Norge. N\u00e5r du opplever den typen takknemlighet, f\u00e5r du ogs\u00e5 ekstra lyst til \u00e5 bidra til samfunnet du bor i.<\/p>\n<p> <a class=\"_link_12q07_20\" data-track-id=\"teaser:wrVpjL\" data-track-impression=\"true\" data-track-name=\"Storinvestorens r\u00e5d til norske sm\u00e5sparere\" data-track-element-size=\"small\" data-track-element-type=\"Teaser\" data-track-image-url=\"https:\/\/www.europesays.com\/no\/wp-content\/uploads\/2026\/08\/1787081654_732_ce3a2153-26b7-3c59-9901-500e5e913c58.jpeg\" data-track-layout-name=\"image:right\" data-track-position-source=\"related-article\" href=\"https:\/\/e24.no\/boers-og-finans\/i\/wrVpjL\/astrups-raad\" rel=\"nofollow noopener\" target=\"_blank\"><img decoding=\"async\" alt=\"\" class=\"_image_12q07_77\" height=\"4670\" loading=\"lazy\"  src=\"https:\/\/www.europesays.com\/no\/wp-content\/uploads\/2026\/08\/1787081654_732_ce3a2153-26b7-3c59-9901-500e5e913c58.jpeg\"  width=\"5838\"\/><\/p>\n<p class=\"label-small _kicker_12q07_98\">Les ogs\u00e5<\/p>\n<p>Storinvestorens r\u00e5d til norske sm\u00e5sparere<\/a> <\/p>\n<p class=\"_textTheme_1yhmn_1 _paragraph_16k26_4 _paragraph_3ue4t_27 layout-component layout-normal layout-padded body-medium\">Han mener at den kanskje st\u00f8rste utfordringen Norge har, er \u00e5 snu dette perspektivet. <\/p>\n<p class=\"_textTheme_1yhmn_1 _paragraph_16k26_4 _paragraph_3ue4t_27 layout-component layout-normal layout-padded body-medium\">\u2013 Sylvi Listhaug sa det vel ganske godt: Alle rodde og heiet p\u00e5 Haaland. La oss heller pr\u00f8ve \u00e5 heie p\u00e5 alle dem som jobber d\u00f8gnet rundt for \u00e5 skape arbeidsplasser.<\/p>\n<p>     \u2013 Ikke spesielt g\u00f8y \u00e5 jobbe d\u00f8gnet rundt <\/p>\n<p class=\"_textTheme_1yhmn_1 _paragraph_16k26_4 _paragraph_3ue4t_27 layout-component layout-normal layout-padded body-medium\">Han fortsetter:<\/p>\n<p class=\"_textTheme_1yhmn_1 _paragraph_16k26_4 _paragraph_3ue4t_27 layout-component layout-normal layout-padded body-medium\">\u2013 For det er ikke s\u00e5nn at det n\u00f8dvendigvis er spesielt g\u00f8y \u00e5 jobbe d\u00f8gnet rundt, for s\u00e5 \u00e5 f\u00e5 h\u00f8re at du p\u00e5 en m\u00e5te ikke bidrar. <\/p>\n<p class=\"_textTheme_1yhmn_1 _paragraph_16k26_4 _paragraph_3ue4t_27 layout-component layout-normal layout-padded body-medium\">\u2013 N\u00e5r du faktisk har skapt masse arbeidsplasser, og s\u00f8rget for at mange mennesker hver dag kan komme hjem til familien sin, spise middag og ha et godt liv, nettopp p\u00e5 grunn av arbeidsplassene du har skapt, da er det verdt \u00e5 anerkjenne. Og det er det veldig sjelden man h\u00f8rer s\u00e5 mye om.<\/p>\n<p class=\"_textTheme_1yhmn_1 _paragraph_16k26_4 _paragraph_3ue4t_27 layout-component layout-normal layout-padded body-medium\">I podkast-episoden gir storinvestoren ogs\u00e5 r\u00e5d til norske sm\u00e5sparere om hvordan de b\u00f8r navigere i et vanskelig marked. Les mer om det <a href=\"https:\/\/e24.no\/boers-og-finans\/i\/wrVpjL\/astrups-raad\" class=\"_link_16k26_32\" rel=\"nofollow noopener\" target=\"_blank\">her<\/a>.<\/p>\n<p class=\"_textTheme_1yhmn_1 _paragraph_16k26_4 _paragraph_3ue4t_27 layout-component layout-normal layout-padded body-medium\">Artikkelen er laget ved hjelp av AI-verkt\u00f8y og er kvalitetssikret av E24s journalister.<\/p>\n<p> Morten Astrup (51)<\/p>\n<ul class=\"_list_16k26_3 _list_3ue4t_26 _list_bv8db_64 _unordered_16k26_103 _textTheme_1yhmn_1 layout-component layout-normal layout-padded body-small\">\n<li class=\"_item_16k26_63\">Norsk investor bosatt i Sveits<\/li>\n<li class=\"_item_16k26_63\">Har mer enn 25 \u00e5rs erfaring fra finans og kapitalforvaltning med fokus p\u00e5 det nordiske markedet<\/li>\n<li class=\"_item_16k26_63\">Grunnla det familieeide investeringsselskapet Storm Capital Management i 2006.<\/li>\n<li class=\"_item_16k26_63\">Er arbeidende styreleder i Storm Bond Fund, der han har v\u00e6rt en av fondets st\u00f8rste investor siden oppstart.<\/li>\n<li class=\"_item_16k26_63\">Har master i \u00f8konomi og administrasjon fra BI.<\/li>\n<\/ul>\n<p>Vis mer         <\/p>\n","protected":false},"excerpt":{"rendered":"Investor Morten Astrup mener norske politikere b\u00f8r vise takknemlighet til dem som skaper arbeidsplasser. Morten Astrup Foto: E24Vis&hellip;\n","protected":false},"author":2,"featured_media":326963,"comment_status":"","ping_status":"","sticky":false,"template":"","format":"standard","meta":{"footnotes":"","_share_on_mastodon":"0"},"categories":[10],"tags":[20,21,24,25,15,22,23,13,30,28,29,14,16,209,26,27],"class_list":["post-326962","post","type-post","status-publish","format-standard","has-post-thumbnail","category-norge","tag-breaking-news","tag-breakingnews","tag-featured-news","tag-featurednews","tag-headlines","tag-latest-news","tag-latestnews","tag-news","tag-no","tag-norge","tag-norway","tag-nyheter","tag-overskrifter","tag-sveits","tag-top-stories","tag-topstories"],"share_on_mastodon":{"url":"https:\/\/pubeurope.com\/@no\/117118191499836403","error":""},"_links":{"self":[{"href":"https:\/\/www.europesays.com\/no\/wp-json\/wp\/v2\/posts\/326962","targetHints":{"allow":["GET"]}}],"collection":[{"href":"https:\/\/www.europesays.com\/no\/wp-json\/wp\/v2\/posts"}],"about":[{"href":"https:\/\/www.europesays.com\/no\/wp-json\/wp\/v2\/types\/post"}],"author":[{"embeddable":true,"href":"https:\/\/www.europesays.com\/no\/wp-json\/wp\/v2\/users\/2"}],"replies":[{"embeddable":true,"href":"https:\/\/www.europesays.com\/no\/wp-json\/wp\/v2\/comments?post=326962"}],"version-history":[{"count":0,"href":"https:\/\/www.europesays.com\/no\/wp-json\/wp\/v2\/posts\/326962\/revisions"}],"wp:featuredmedia":[{"embeddable":true,"href":"https:\/\/www.europesays.com\/no\/wp-json\/wp\/v2\/media\/326963"}],"wp:attachment":[{"href":"https:\/\/www.europesays.com\/no\/wp-json\/wp\/v2\/media?parent=326962"}],"wp:term":[{"taxonomy":"category","embeddable":true,"href":"https:\/\/www.europesays.com\/no\/wp-json\/wp\/v2\/categories?post=326962"},{"taxonomy":"post_tag","embeddable":true,"href":"https:\/\/www.europesays.com\/no\/wp-json\/wp\/v2\/tags?post=326962"}],"curies":[{"name":"wp","href":"https:\/\/api.w.org\/{rel}","templated":true}]}}