{"id":32719,"date":"2025-09-11T15:31:09","date_gmt":"2025-09-11T15:31:09","guid":{"rendered":"https:\/\/www.europesays.com\/no\/32719\/"},"modified":"2025-09-11T15:31:09","modified_gmt":"2025-09-11T15:31:09","slug":"brudd-for-nina-dobrev-og-shaun-white","status":"publish","type":"post","link":"https:\/\/www.europesays.com\/no\/32719\/","title":{"rendered":"Brudd for Nina Dobrev og Shaun White"},"content":{"rendered":"<p class=\"kicker \" style=\"\">Shaun White og Nina Dobrev:\u00a0<\/p>\n<p>  Paret skal ha g\u00e5tt fra hverandre.\u00a0<\/p>\n<p>\n    &#8211; BRUDD: Shaun White og Nina Dobrev skal ikke lenger v\u00e6re et par. Foto: Instagram @nina\n  <\/p>\n<p>If\u00f8lge kilder til <a href=\"https:\/\/people.com\/shaun-white-and-nina-dobrev-end-engagement-split-8737536\" rel=\"nofollow noopener\" target=\"_blank\">People<\/a> er det brudd mellom snowboard-kj\u00f8rer Shaun White (39) og skuespiller Nina Dobrev (36).\u00a0<\/p>\n<p>    <a itemprop=\"url\" href=\"https:\/\/www.seher.no\/kjendis\/ville-ikke-gjort-det-igjen\/83576652\" rel=\"nofollow noopener\" target=\"_blank\"><\/p>\n<p>      <img loading=\"lazy\" decoding=\"async\" src=\"https:\/\/www.europesays.com\/no\/wp-content\/uploads\/2025\/09\/83576730.webp\" width=\"980\" height=\"441\" title=\"- Ville ikke gjort det igjen\" alt=\"\" class=\"lazyload\" style=\"--aspect-ratio-image: 2.22; \"\/><\/p>\n<p>        &#8211; Ville ikke gjort det igjen<\/p>\n<p>    <\/a><\/p>\n<p>Stjernene har<a href=\"https:\/\/www.seher.no\/kjendis\/bekrefter-de-forholdet-her\/72520408\" rel=\"nofollow noopener\" target=\"_blank\"> v\u00e6rt sammen i fem \u00e5r<\/a>, og ble forlovet i fjor.\u00a0<\/p>\n<p>&#8211; Det var en felles avgj\u00f8relse. Selv om det ikke var en enkel en, s\u00e5 ble den tatt med kj\u00e6rlighet og dyp respekt for hverandre, sier kilden til People.\u00a0<\/p>\n<p>          <img loading=\"lazy\" decoding=\"async\" src=\"https:\/\/www.europesays.com\/no\/wp-content\/uploads\/2025\/09\/83580522.webp\" width=\"686\" height=\"460\" title=\"HOLLYWOOD-PAR: Nina og Shaun p\u00e5 Vanity Fairs Oscar-fest i 2024. Foto: AFP\/NTB\" alt=\"\" class=\"\" style=\"--aspect-ratio-image: 1.49; \"\/><\/p>\n<p>\n          HOLLYWOOD-PAR: Nina og Shaun p\u00e5 Vanity Fairs Oscar-fest i 2024. Foto: AFP\/NTB\n      <\/p>\n<p>Verken Shaun eller Nina har uttalt seg om det angivelige bruddet.\u00a0<\/p>\n<p>Paret ble sist fotografert sammen da de var p\u00e5 shoppingtur i Los Angeles 31. august.\u00a0<\/p>\n<p>        T\u00c5RER: Det blir en t\u00f8ff start p\u00e5 \u00ab71 grader nord kjendis\u00bb-eventyret for Ingrid Gjessing Linhave. Video: TV Norge\/ Thea Hope\/ R\u00f8d L\u00f8per<\/p>\n<p>Men uken etter gikk Nina en r\u00f8d l\u00f8per &#8211; uten forlovelsesringen sin. If\u00f8lge People fjernet ogs\u00e5 \u00abThe Vampire Diaries\u00bb-stjernen Instagram-innlegget med forlovelsesnyheten fra oktober 2024.<\/p>\n<p>    <a itemprop=\"url\" href=\"https:\/\/www.seher.no\/kjendis\/deler-oppdatering-etter-kreftbeskjeden\/83566881\" rel=\"nofollow noopener\" target=\"_blank\"><\/p>\n<p>      <img loading=\"lazy\" decoding=\"async\" src=\"https:\/\/www.europesays.com\/no\/wp-content\/uploads\/2025\/09\/83567716.webp\" width=\"980\" height=\"441\" title=\"Deler oppdatering etter sjokkdiagnose\" alt=\"\" class=\"lazyload\" style=\"--aspect-ratio-image: 2.22; \"\/><\/p>\n<p>        Deler oppdatering etter sjokkdiagnose<\/p>\n<p>    <\/a><\/p>\n<p>Frieret fant sted p\u00e5 New York-restauranten The Golden Swan.\u00a0<\/p>\n<p>\u00abRIP kj\u00e6reste, hei forlovede\u00bb, skrev Nina p\u00e5 Instagram den gang.\u00a0<\/p>\n","protected":false},"excerpt":{"rendered":"Shaun White og Nina Dobrev:\u00a0 Paret skal ha g\u00e5tt fra hverandre.\u00a0 &#8211; BRUDD: Shaun White og Nina Dobrev&hellip;\n","protected":false},"author":2,"featured_media":32720,"comment_status":"","ping_status":"","sticky":false,"template":"","format":"standard","meta":{"footnotes":""},"categories":[59],"tags":[479,2543,5214,30,28,29,5213,83,82],"class_list":{"0":"post-32719","1":"post","2":"type-post","3":"status-publish","4":"format-standard","5":"has-post-thumbnail","7":"category-sport","8":"tag-kjendis","9":"tag-kjendisdesken","10":"tag-nina-dobrev","11":"tag-no","12":"tag-norge","13":"tag-norway","14":"tag-shaun-white","15":"tag-sport","16":"tag-sports"},"share_on_mastodon":{"url":"","error":""},"_links":{"self":[{"href":"https:\/\/www.europesays.com\/no\/wp-json\/wp\/v2\/posts\/32719","targetHints":{"allow":["GET"]}}],"collection":[{"href":"https:\/\/www.europesays.com\/no\/wp-json\/wp\/v2\/posts"}],"about":[{"href":"https:\/\/www.europesays.com\/no\/wp-json\/wp\/v2\/types\/post"}],"author":[{"embeddable":true,"href":"https:\/\/www.europesays.com\/no\/wp-json\/wp\/v2\/users\/2"}],"replies":[{"embeddable":true,"href":"https:\/\/www.europesays.com\/no\/wp-json\/wp\/v2\/comments?post=32719"}],"version-history":[{"count":0,"href":"https:\/\/www.europesays.com\/no\/wp-json\/wp\/v2\/posts\/32719\/revisions"}],"wp:featuredmedia":[{"embeddable":true,"href":"https:\/\/www.europesays.com\/no\/wp-json\/wp\/v2\/media\/32720"}],"wp:attachment":[{"href":"https:\/\/www.europesays.com\/no\/wp-json\/wp\/v2\/media?parent=32719"}],"wp:term":[{"taxonomy":"category","embeddable":true,"href":"https:\/\/www.europesays.com\/no\/wp-json\/wp\/v2\/categories?post=32719"},{"taxonomy":"post_tag","embeddable":true,"href":"https:\/\/www.europesays.com\/no\/wp-json\/wp\/v2\/tags?post=32719"}],"curies":[{"name":"wp","href":"https:\/\/api.w.org\/{rel}","templated":true}]}}