{"id":327202,"date":"2026-08-19T02:55:34","date_gmt":"2026-08-19T02:55:34","guid":{"rendered":"https:\/\/www.europesays.com\/no\/327202\/"},"modified":"2026-08-19T02:55:34","modified_gmt":"2026-08-19T02:55:34","slug":"sport-fotball-delte-meninger-om-kbks-framtidsutsikter","status":"publish","type":"post","link":"https:\/\/www.europesays.com\/no\/327202\/","title":{"rendered":"Sport, Fotball | Delte meninger om KBKs framtidsutsikter"},"content":{"rendered":"\n<p>Det er med andre ord en splittet trio som prater om fotball i Rundspilt-studio denne uka.<\/p>\n<p>\u2013 Det er ikke langt opp til lagene foran, men muligens er kvalik det beste KBK kan h\u00e5pe p\u00e5. Og det er fullt mulig \u00e5 berge plassen p\u00e5 denne m\u00e5ten ogs\u00e5, sier Rune Ed\u00f8y.<\/p>\n<p>\u2013 KBK var gode i store deler av kampen mot Fredrikstad p\u00e5 s\u00f8ndag. Og de slo nylig Molde. Jeg tror dette kan g\u00e5 bra til slutt, sier Trygve Strand Joakimsen.<\/p>\n<p><b>Podkasten er laget av Eirin Liab\u00f8, Rune Ed\u00f8y og Trygve Strand Joakimsen<\/b><\/p>\n<p>Hos Eirin Liab\u00f8 har derimot pipa en annen lyd.<\/p>\n<p> \u2013 Jeg tror de rykker ned. Det er greit at de slo Molde, men det har v\u00e6rt s\u00e5 mange d\u00e5rlige kamper n\u00e5 at jeg ikke tror dette g\u00e5r bra, sier programlederen i Tidens Kravs fotballpodkast.<\/p>\n<p><b>H\u00f8r episoden her: <\/b><\/p>\n<p>  <a href=\"https:\/\/www.tk.no\/80-51-859\" class=\"related-teaser has-image article--c-MkAkR\" rel=\"nofollow noopener\" target=\"_blank\"><\/p>\n<p>    <img decoding=\"async\" width=\"155\"  loading=\"lazy\"  src=\"https:\/\/www.europesays.com\/no\/wp-content\/uploads\/2026\/08\/1787108134_74_foland.jpg\" alt=\"\" class=\"brick-c-cFOWSL\" style=\"\"\/><\/p>\n<p>\n            Les ogs\u00e5<\/p>\n<p>            Jobber for fullt for \u00e5 styrke stallen\n        <\/p>\n<p>  <\/a><br \/>\n  Cup er neste<\/p>\n<p>Alle er enig i at det spillemessig var mye bra mot Fredrikstad, men det hjelper selvsagt lite s\u00e5 lenge det blir tap.\u00a0<\/p>\n<p>Eliteserien tar n\u00e5 en pause p\u00e5 grunn av cup kommende helg. Kristiansund reiser til Melhus og m\u00f8ter Tr\u00f8nder-Lyn i f\u00f8rste runde av NM.<\/p>\n<p>\u2013 Sist sesong ble det semifinale. Du verden s\u00e5 moro det hadde v\u00e6rt med et nytt cupeventyr, sier Ed\u00f8y.<\/p>\n<p>Han f\u00f8ler seg rimelig trygg p\u00e5 at KBK i hvert fall vinner den f\u00f8rste kampen. Tr\u00f8nder-Lyn er per i dag ikke bedre enn nummer 9 i 4. divisjon Tr\u00f8ndelag. Det vil v\u00e6re en av de st\u00f8rste bombene i norsk cuphistorie hvis Kristiansund ikke reiser hjem fra S\u00f8r\u00f8ya kunstgressbane med seier.<\/p>\n<p>Cupen blir avviklet over to kalender\u00e5r. De tre f\u00f8rste rundene spilles i h\u00f8st. Resten avvikles neste \u00e5r. Cupfinalen spilles i mai 2027.<\/p>\n<p>            Gjenst\u00e5ende kamper KBK<\/p>\n<p>HamKam-KBK<\/p>\n<p>KBK-Troms\u00f8<\/p>\n<p>Viking-KBK<\/p>\n<p>KBK-Rosenborg<\/p>\n<p>Bod\u00f8\/Glimt-KBK<\/p>\n<p>KBK-Aalesund<\/p>\n<p>KBK-KFUM Oslo<\/p>\n<p>Sarpsborg 08-KBK<\/p>\n<p>KBK-V\u00e5lerenga<\/p>\n<p>KBK-Sandefjord<\/p>\n<p>Brann-KBK<\/p>\n<p>KBK-Lillestr\u00f8m<\/p>\n<p>Start-KBK<\/p>\n<p>    Blir flere salg<\/p>\n<p>Det er ventet at KBK vil stille med et tiln\u00e6rmet toppet mannskap mot Tr\u00f8nder-Lyn selv om motstanderlaget alts\u00e5 spiller p\u00e5 niv\u00e5 fem. \u00c5rsaken er f\u00f8rst og fremst at bredden i stallen er syltynn.<\/p>\n<p>\u2013 Nye spillere vil helt sikkert komme inn f\u00f8r overgangsvinduet stenger, men det er nok heller ikke slutt p\u00e5 \u00e5 selge spillere, sier Ed\u00f8y.<\/p>\n<p>Han tror b\u00e5de Sander Kilen og Wilfred George snart vil v\u00e6re tapt for KBK. Begge \u00f8nsker seg bort. Kristiansund er ogs\u00e5 i en situasjon hvor de er n\u00f8dt \u00e5 selge flere spillere for \u00e5 unng\u00e5 r\u00f8de tall p\u00e5 bunnlinja ved \u00e5rets slutt.<\/p>\n<p>\u2013 Det skal selges spillere for 22 millioner netto i \u00e5r. Fortsatt mangler det nok 7-10 millioner f\u00f8r dette m\u00e5let er n\u00e5dd. Da sier det seg selv at flere m\u00e5 selges, sier Ed\u00f8y.<\/p>\n<p>\u2013 Det ideelle n\u00e5 hadde v\u00e6rt og solgt Kilen, men beholdt George. Zymer Bytyqi har kommet inn i samme posisjon som Kilen. Han viste mye bra den halvtimen han spilte mot Fredrikstad. Jeg tror det blir vanskeligere \u00e5 erstatte George, sier Strand Joakimsen.<\/p>\n<p><b><a href=\"https:\/\/www.direktesport.no\/sport\/fotball\/fotball-nm-menn-zgcc89hf\/troender-lyn-kristiansund-vv3bge6j\" rel=\"Follow nofollow noopener\" target=\"_blank\">KBKs cupkamp mot Tr\u00f8nder-Lyn sendes direkte p\u00e5 tk.no og starter 16.00 l\u00f8rdag.<\/a><\/b><\/p>\n<p>            Slik lytter du til v\u00e5re podkaster<\/p>\n<p>Den enkleste m\u00e5ten \u00e5 lytte til Tidens Kravs podkaster p\u00e5, er \u00e5 gj\u00f8re det gjennom en av de mange podkast-appene.<\/p>\n<p><b>Har du +Alt abonnement s\u00e5 anbefaler vi <a rel=\"Follow nofollow noopener\" target=\"_self\" href=\"https:\/\/untold.app\/\">Untold<\/a>. <\/b>Her finner du b\u00e5de Klokere Klokest og Rundspilt samt en rekke eksklusive podkaster kun for abonnenter.<\/p>\n<p><b>Bruker du allerede en str\u00f8mmetjeneste finner du ogs\u00e5 v\u00e5re podkaster p\u00e5: <\/b><\/p>\n<p>Husk \u00e5 <b>f\u00f8lg <\/b>podkastene der du lytter for \u00e5 enkelt f\u00e5 med deg de nyeste episodene!\u00a0<\/p>\n<p>F\u00f8lg oss ogs\u00e5 Tidens Krav p\u00e5 <b><a rel=\"Follow nofollow noopener\" target=\"_self\" href=\"https:\/\/www.instagram.com\/tidenskrav\/\">Instagram <\/a><\/b>\u2013 her poster vi morsomme klipp fra podkastene.<\/p>\n<p><script async src=\"\/\/www.instagram.com\/embed.js\"><\/script><\/p>\n","protected":false},"excerpt":{"rendered":"Det er med andre ord en splittet trio som prater om fotball i Rundspilt-studio denne uka. \u2013 Det&hellip;\n","protected":false},"author":2,"featured_media":327203,"comment_status":"","ping_status":"","sticky":false,"template":"","format":"standard","meta":{"footnotes":"","_share_on_mastodon":"0"},"categories":[59],"tags":[36,92,3219,298,30,28,29,1270,2358,83,82,1510],"class_list":["post-327202","post","type-post","status-publish","format-standard","has-post-thumbnail","category-sport","tag-art","tag-fotball","tag-kbk","tag-kristiansund","tag-no","tag-norge","tag-norway","tag-podkast","tag-rundspilt","tag-sport","tag-sports","tag-story"],"share_on_mastodon":{"url":"https:\/\/pubeurope.com\/@no\/117119925124319421","error":""},"_links":{"self":[{"href":"https:\/\/www.europesays.com\/no\/wp-json\/wp\/v2\/posts\/327202","targetHints":{"allow":["GET"]}}],"collection":[{"href":"https:\/\/www.europesays.com\/no\/wp-json\/wp\/v2\/posts"}],"about":[{"href":"https:\/\/www.europesays.com\/no\/wp-json\/wp\/v2\/types\/post"}],"author":[{"embeddable":true,"href":"https:\/\/www.europesays.com\/no\/wp-json\/wp\/v2\/users\/2"}],"replies":[{"embeddable":true,"href":"https:\/\/www.europesays.com\/no\/wp-json\/wp\/v2\/comments?post=327202"}],"version-history":[{"count":0,"href":"https:\/\/www.europesays.com\/no\/wp-json\/wp\/v2\/posts\/327202\/revisions"}],"wp:featuredmedia":[{"embeddable":true,"href":"https:\/\/www.europesays.com\/no\/wp-json\/wp\/v2\/media\/327203"}],"wp:attachment":[{"href":"https:\/\/www.europesays.com\/no\/wp-json\/wp\/v2\/media?parent=327202"}],"wp:term":[{"taxonomy":"category","embeddable":true,"href":"https:\/\/www.europesays.com\/no\/wp-json\/wp\/v2\/categories?post=327202"},{"taxonomy":"post_tag","embeddable":true,"href":"https:\/\/www.europesays.com\/no\/wp-json\/wp\/v2\/tags?post=327202"}],"curies":[{"name":"wp","href":"https:\/\/api.w.org\/{rel}","templated":true}]}}