{"id":32727,"date":"2025-09-11T15:46:08","date_gmt":"2025-09-11T15:46:08","guid":{"rendered":"https:\/\/www.europesays.com\/no\/32727\/"},"modified":"2025-09-11T15:46:08","modified_gmt":"2025-09-11T15:46:08","slug":"studentbuss-veltet-flere-skadd","status":"publish","type":"post","link":"https:\/\/www.europesays.com\/no\/32727\/","title":{"rendered":"Studentbuss veltet &#8211; flere skadd"},"content":{"rendered":"<p class=\"kicker \" style=\"\">Sverige:<\/p>\n<p>  En buss med om lag 60 personer havnet i gr\u00f8fta p\u00e5 E4 ved\u00a0Link\u00f6ping.<\/p>\n<p>\n    BUSSULYKKE: En buss med studenter veltet og havnet i gr\u00f8fta p\u00e5 E4 ved Link\u00f6ping torsdag ettermiddag. Foto. Google Maps\n  <\/p>\n<p>En buss veltet p\u00e5 E4, ved Link\u00f6ping i Sverige, torsdag ettermiddag. Det melder flere svenske medier.<\/p>\n<p class=\"font-weight-bold m-font-weight-bold\" data-lab-font_weight=\"font-weight-bold\">Omtrent 60 passasjerer skal ha v\u00e6rt om bord da ulykken skjedde, if\u00f8lge redningstjenesten.<\/p>\n<p>&#8211; Det er en buss som har havnet i gr\u00f8fta og ligger p\u00e5 siden. Vi har flere enheter p\u00e5 stedet, sier politiets pressetalsperson, Olle \u00c4lveroth, til <a href=\"https:\/\/www.expressen.se\/nyheter\/sverige\/bussolycka-pa-e4-i-linkoping-flera-personer-drabbade\/\" rel=\"nofollow noopener\" target=\"_blank\">Expressen<\/a>.<\/p>\n<p>If\u00f8lge <a href=\"https:\/\/www.aftonbladet.se\/nyheter\/a\/Ey6qn5\/studentbuss-som-tillhor-linkoping-universitet-har-valt-pa-e4\" rel=\"nofollow noopener\" target=\"_blank\">Aftonbladet<\/a>, som henviser til politiet, er minst 11 personer skadd. Tre av dem alvorlig skadd.<\/p>\n<p class=\"font-weight-bold m-font-weight-bold\" data-lab-font_weight=\"font-weight-bold\">Avisa skriver at bussen tilh\u00f8rer Link\u00f6pings universitet, og brukes til \u00e5 frakte studenter mellom Link\u00f6ping og Norrk\u00f6ping.<\/p>\n<p>&#8211; V\u00e5r ledelse sitter i krisem\u00f8te akkurat n\u00e5, opplyser Karin S\u00f6derlund Leifler, talsperson ved Link\u00f6pings universitet.<\/p>\n<p>E4 er stengt i s\u00f8rg\u00e5ende retning som f\u00f8lge av ulykken. \u00c5rsaken til at bussen havnet i gr\u00f8fta er ikke kjent, men if\u00f8lge Expressen er det trolig snakk om en singelulykke.\u00a0<\/p>\n","protected":false},"excerpt":{"rendered":"Sverige: En buss med om lag 60 personer havnet i gr\u00f8fta p\u00e5 E4 ved\u00a0Link\u00f6ping. BUSSULYKKE: En buss med&hellip;\n","protected":false},"author":2,"featured_media":32728,"comment_status":"","ping_status":"","sticky":false,"template":"","format":"standard","meta":{"footnotes":""},"categories":[12],"tags":[20,21,24,25,15,22,23,13,30,28,29,14,16,1359,26,27,412,42,43,44,45],"class_list":{"0":"post-32727","1":"post","2":"type-post","3":"status-publish","4":"format-standard","5":"has-post-thumbnail","7":"category-verden","8":"tag-breaking-news","9":"tag-breakingnews","10":"tag-featured-news","11":"tag-featurednews","12":"tag-headlines","13":"tag-latest-news","14":"tag-latestnews","15":"tag-news","16":"tag-no","17":"tag-norge","18":"tag-norway","19":"tag-nyheter","20":"tag-overskrifter","21":"tag-sverige","22":"tag-top-stories","23":"tag-topstories","24":"tag-utenriks","25":"tag-verden","26":"tag-world","27":"tag-world-news","28":"tag-worldnews"},"share_on_mastodon":{"url":"","error":""},"_links":{"self":[{"href":"https:\/\/www.europesays.com\/no\/wp-json\/wp\/v2\/posts\/32727","targetHints":{"allow":["GET"]}}],"collection":[{"href":"https:\/\/www.europesays.com\/no\/wp-json\/wp\/v2\/posts"}],"about":[{"href":"https:\/\/www.europesays.com\/no\/wp-json\/wp\/v2\/types\/post"}],"author":[{"embeddable":true,"href":"https:\/\/www.europesays.com\/no\/wp-json\/wp\/v2\/users\/2"}],"replies":[{"embeddable":true,"href":"https:\/\/www.europesays.com\/no\/wp-json\/wp\/v2\/comments?post=32727"}],"version-history":[{"count":0,"href":"https:\/\/www.europesays.com\/no\/wp-json\/wp\/v2\/posts\/32727\/revisions"}],"wp:featuredmedia":[{"embeddable":true,"href":"https:\/\/www.europesays.com\/no\/wp-json\/wp\/v2\/media\/32728"}],"wp:attachment":[{"href":"https:\/\/www.europesays.com\/no\/wp-json\/wp\/v2\/media?parent=32727"}],"wp:term":[{"taxonomy":"category","embeddable":true,"href":"https:\/\/www.europesays.com\/no\/wp-json\/wp\/v2\/categories?post=32727"},{"taxonomy":"post_tag","embeddable":true,"href":"https:\/\/www.europesays.com\/no\/wp-json\/wp\/v2\/tags?post=32727"}],"curies":[{"name":"wp","href":"https:\/\/api.w.org\/{rel}","templated":true}]}}