{"id":327316,"date":"2026-08-19T06:23:16","date_gmt":"2026-08-19T06:23:16","guid":{"rendered":"https:\/\/www.europesays.com\/no\/327316\/"},"modified":"2026-08-19T06:23:16","modified_gmt":"2026-08-19T06:23:16","slug":"dronning-camilla-jeg-lengtet-etter-a-slippe-det-ut","status":"publish","type":"post","link":"https:\/\/www.europesays.com\/no\/327316\/","title":{"rendered":"Dronning Camilla: \u2013 Jeg lengtet etter \u00e5 slippe det ut"},"content":{"rendered":"\n<p class=\"_lead_145nj_2 _lead_6fko5_53 layout-component text-serif-m layout-normal text-serif-l layout-component layout-wide layout-padded _wide_17hqh_1 layout-padded\">Slet med \u00e5 holde kong Charles&#8217; kreftdiagnose hemmelig.<\/p>\n<p><img alt=\"Den britiske dronningen er fotografert p\u00e5 tenniskamp i juli. Foto: GEPA pictures\/ Alan Grieves \/ Bildbyr\u00e5n\" class=\"_image_jw3bv_65 layout-component layout-wide\" data-fullscreen- data-track-element-type=\"Article image fullscreen\" data-track-name=\"ImageFullscreen\" fetchpriority=\"high\" decoding=\"sync\" loading=\"eager\" height=\"1813\" itemprop=\"image\"  src=\"https:\/\/www.europesays.com\/no\/wp-content\/uploads\/2026\/08\/3a16c337-0b15-361e-89c2-edd9ffde1165.jpeg\"  style=\"object-position:0% 0%\" width=\"2417\"\/>Den britiske dronningen er fotografert p\u00e5 tenniskamp i juli. Foto: GEPA pictures\/ Alan Grieves \/ Bildbyr\u00e5n<\/p>\n<ul aria-hidden=\"true\" class=\"_images_ntbth_112\">\n<li><a class=\"_link_ntbth_117\" href=\"https:\/\/www.vg.no\/forfatter\/hanne-kretuz-hansen\" style=\"z-index:1\" title=\"Hanne Kreutz-Hansen\" rel=\"nofollow noopener\" target=\"_blank\"><img alt=\"Bilde av Hanne Kreutz-Hansen\" class=\"_image_ntbth_93\" fetchpriority=\"low\" loading=\"lazy\" decoding=\"async\" itemprop=\"image\"  src=\"https:\/\/www.europesays.com\/no\/wp-content\/uploads\/2026\/08\/1787120594_114_91499188-43f5-43fa-b038-5716eac94ffb.jpeg\"  width=\"480\"\/><\/a><\/li>\n<\/ul>\n<p> Oppdatert onsdag 19. august kl. 07:58    <\/p>\n<ul class=\"_list_145nj_3 _list_64s2r_85 _unordered_145nj_106 text-sans-m\">\n<li class=\"_item_145nj_30\">Dronning Camilla forteller \u00e5pent om vanskeligheten med \u00e5 skjule kong Charles\u2019 kreftdiagnose.<\/li>\n<li class=\"_item_145nj_30\">Camilla beskriver lettelet ved \u00e5 ikke kunne dele nyheten f\u00f8r den ble offentliggjort.<\/li>\n<li class=\"_item_145nj_30\">Kong Charles fikk diagnosen i februar 2024 og returnerte til offentlige oppdrag i april.<\/li>\n<li class=\"_item_145nj_30\">Filmen markerer 30-\u00e5rsjubileet til kreftorganisasjonen Maggie\u2019s.<\/li>\n<\/ul>\n<p>Vis mer <\/p>\n<p class=\"_paragraph_145nj_4 _paragraph_6fko5_10 layout-component text-serif-m layout-normal text-serif-m layout-padded\">For f\u00f8rste gang forteller <a href=\"https:\/\/www.vg.no\/tag\/dronning-camilla?utm_source=vg-article&amp;utm_medium=auto-tagger&amp;utm_campaign=9pxwyr\" class=\"_link_145nj_39\" rel=\"nofollow noopener\" target=\"_blank\">dronning Camilla<\/a> \u00e5pent om hvor tungt det var \u00e5 b\u00e6re p\u00e5 hemmeligheten om ektemannens kreftsykdom, f\u00f8r den ble offentliggjort.<\/p>\n<p class=\"_paragraph_145nj_4 _paragraph_6fko5_10 layout-component text-serif-m layout-normal text-serif-m layout-padded\">\u2013 Jeg lengtet bare etter \u00e5 slippe det ut, men jeg kunne \u00e5penbart ikke, sier hun i en kortfilm publisert p\u00e5 YouTube-kanalene til kongefamilien og kreftorganisasjonen Maggie\u2019s onsdag, if\u00f8lge <a href=\"https:\/\/www.theguardian.com\/uk-news\/2026\/aug\/19\/queen-camilla-difficult-king-charles-cancer-diagnosis-private\" class=\"_link_145nj_39\" rel=\"nofollow noopener\" target=\"_blank\">The Guardian<\/a>.<\/p>\n<p class=\"_paragraph_145nj_4 _paragraph_6fko5_10 layout-component text-serif-m layout-normal text-serif-m layout-padded\">Filmen markerer 30-\u00e5rsjubileet til Maggie\u2019s, der Camilla er president. Organisasjonen driver 27 sentre over hele Storbritannia som tilbyr gratis st\u00f8tte til kreftpasienter og deres p\u00e5r\u00f8rende.<\/p>\n<p><img alt=\"Kong Charles og dronning Camilla under \u00e5pningen av Commonwealth Games in Glasgow tidligere i sommer.  Foto: Andrew Milligan \/ Pa Photos \/ NTB\" class=\"_image_jw3bv_65 layout-component layout-normal\" data-fullscreen- data-track-element-type=\"Article image fullscreen\" data-track-name=\"ImageFullscreen\" decoding=\"async\" loading=\"lazy\" height=\"3726\" itemprop=\"image\"  src=\"https:\/\/www.europesays.com\/no\/wp-content\/uploads\/2026\/08\/d91b4b13-7c8d-3b22-bd14-7982c21c3174.jpeg\"  style=\"object-position:0% 0%\" width=\"5532\"\/>Kong Charles og dronning Camilla under \u00e5pningen av Commonwealth Games in Glasgow tidligere i sommer.  Foto: Andrew Milligan \/ Pa Photos \/ NTB<\/p>\n<p class=\"_paragraph_145nj_4 _paragraph_6fko5_10 layout-component text-serif-m layout-normal text-serif-m layout-padded\"><a href=\"http:\/\/www.vg.no\/nyheter\/i\/BWgvXE\/kong-charles-har-faatt-kreft-melder-bbc#:~:text=Kreftdiagnosen%20fremkommer%20i%20en%20uttalelse,er%20vanlig%20hos%20eldre%20menn%20.\" data-track-element-type=\"Link\" data-track-id=\"link:BWgvXE\" class=\"_link_145nj_39\" rel=\"nofollow noopener\" target=\"_blank\">I februar i 2024<\/a>\u00a0fikk kong Charles kreftdiagnosen. <\/p>\n<p class=\"_paragraph_145nj_4 _paragraph_6fko5_10 layout-component text-serif-m layout-normal text-serif-m layout-padded\">Hvilken form for kreft det er snakk om, har han aldri opplyst om, men legene oppdaget kreften da kong Charles var p\u00e5 sykehus for \u00e5 behandle prostata prostataProstata: En kjertel hos menn som ligger under bl\u00e6ren og produserer en del av s\u00e6dv\u00e6sken.<\/p>\n<p class=\"_paragraph_145nj_4 _paragraph_6fko5_10 layout-component text-serif-m layout-normal text-serif-m layout-padded\"><strong class=\"_strong_145nj_25\">Men under oppholdet gjorde legene et annet funn som skapte bekymring.<\/strong><\/p>\n<p class=\"_paragraph_145nj_4 _paragraph_6fko5_10 layout-component text-serif-m layout-normal text-serif-m layout-padded\">P\u00e5 samme tid, den 31. januar 2024, \u00e5pnet Camilla et nytt Maggie\u2019s-senter ved Royal Free Hospital i London. <\/p>\n<p class=\"_paragraph_145nj_4 _paragraph_6fko5_10 layout-component text-serif-m layout-normal text-serif-m layout-padded\">Det hun ikke kunne fortelle noen, var at kong Charles allerede hadde f\u00e5tt kreftdiagnosen. Buckingham PalaceBuckingham PalaceBuckingham Palace: Den offisielle residensen til den britiske monarken i London offentliggjorde nyheten fem dager senere.<\/p>\n<p><img alt=\"Dronning Camilla bes\u00f8ker kreftsenteret Maggie\u2019s Royal Free 31. januar. Hjemme har hun akkurat f\u00e5tt en d\u00e5rlig nyhet.  Foto: POOL \/ Reuters \/ NTB\" class=\"_image_jw3bv_65 layout-component layout-normal\" data-fullscreen- data-track-element-type=\"Article image fullscreen\" data-track-name=\"ImageFullscreen\" decoding=\"async\" loading=\"lazy\" height=\"3935\" itemprop=\"image\"  src=\"https:\/\/www.europesays.com\/no\/wp-content\/uploads\/2026\/08\/faf6d302-da34-38b1-8e34-b55b3f7c7af8.jpeg\"  style=\"object-position:0% 0%\" width=\"5621\"\/>Dronning Camilla bes\u00f8ker kreftsenteret Maggie\u2019s Royal Free 31. januar. Hjemme har hun akkurat f\u00e5tt en d\u00e5rlig nyhet.  Foto: POOL \/ Reuters \/ NTB<\/p>\n<p class=\"_paragraph_145nj_4 _paragraph_6fko5_10 layout-component text-serif-m layout-normal text-serif-m layout-padded\">\u2013 Jeg husker jeg bes\u00f8kte et Maggie\u2019s rett etter at kongen ble diagnostisert. Ingen kunne si noe p\u00e5 det tidspunktet. Det var ganske vanskelig, sier Camilla til Maggie\u2019s-sjef Laura Lee i filmen.<\/p>\n<p class=\"_paragraph_145nj_4 _paragraph_6fko5_10 layout-component text-serif-m layout-normal text-serif-m layout-padded\">Dronningen forteller ogs\u00e5 om ektemannens innstilling til sykdommen. Charles vendte tilbake til offentlige oppdrag i april 2024, mindre enn tre m\u00e5neder etter behandlingsstart.<\/p>\n<p class=\"_paragraph_145nj_4 _paragraph_6fko5_10 layout-component text-serif-m layout-normal text-serif-m layout-padded\">\u2013 Se p\u00e5 mannen min. Ingenting stoppet ham. Han sa bare: \u00abDette er min m\u00e5te. Jeg skal takle det\u00bb, gjenforteller Camilla if\u00f8lge The Guardian.<\/p>\n<p><img alt=\"Kong Charles III inspiserer Balaklava Company, 5. bataljon i The Royal Regiment of Scotland, ved portene til Balmoral idet han tar fatt p\u00e5 sommeroppholdet p\u00e5 slottet. Bildet er tatt tirsdag 18. august 2026.  Foto: Jane Barlow \/ Pa Photos \/ NTB\" class=\"_image_jw3bv_65 layout-component layout-normal\" data-fullscreen- data-track-element-type=\"Article image fullscreen\" data-track-name=\"ImageFullscreen\" decoding=\"async\" loading=\"lazy\" height=\"3296\" itemprop=\"image\"  src=\"https:\/\/www.europesays.com\/no\/wp-content\/uploads\/2026\/08\/98e50881-24ec-3623-82bd-b203ad3fc686.jpeg\"  style=\"object-position:0% 0%\" width=\"4944\"\/>Kong Charles III inspiserer Balaklava Company, 5. bataljon i The Royal Regiment of Scotland, ved portene til Balmoral idet han tar fatt p\u00e5 sommeroppholdet p\u00e5 slottet. Bildet er tatt tirsdag 18. august 2026.  Foto: Jane Barlow \/ Pa Photos \/ NTB<\/p>\n<p class=\"_paragraph_145nj_4 _paragraph_6fko5_10 layout-component text-serif-m layout-normal text-serif-m layout-padded\">Senere har ogs\u00e5 kong Charles <a href=\"https:\/\/www.vg.no\/rampelys\/i\/5Eq19W\/kong-charles-om-kreften-skremmende\" data-track-element-type=\"Link\" data-track-id=\"link:5Eq19W\" class=\"_link_145nj_39\" rel=\"nofollow noopener\" target=\"_blank\">\u00e5pnet opp<\/a> om hvordan det er \u00e5 bli en del av \u00abkreftstatistikken\u00bb.<\/p>\n<p class=\"_paragraph_145nj_4 _paragraph_6fko5_10 layout-component text-serif-m layout-normal text-serif-m layout-padded\">\u2013 Selv om hver pasients reise kan v\u00e6re forskjellig, s\u00f8rger dere sammen for at en kreftdiagnose aldri trenger \u00e5 bety at man m\u00f8ter fremtiden uten h\u00e5p og st\u00f8tte, sa kongen da en rekke\u00a0kreftorganisasjoner var invitert til Buckingham Palace i fjor.<\/p>\n<p class=\"_paragraph_145nj_4 _paragraph_6fko5_10 layout-component text-serif-m layout-normal text-serif-m layout-padded\">F\u00f8r jul i fjor fortlate kongen til Channel 4 at kreftbehandlingen har v\u00e6rt vellykket og vil trappes ned over nytt\u00e5r. Kongen beskriver det som gode nyheter, og mener at det skyldes en tidlig diagnose, effektiv behandling og at han har fulgt legenes r\u00e5d.<\/p>\n","protected":false},"excerpt":{"rendered":"Slet med \u00e5 holde kong Charles&#8217; kreftdiagnose hemmelig. Den britiske dronningen er fotografert p\u00e5 tenniskamp i juli. Foto:&hellip;\n","protected":false},"author":2,"featured_media":327317,"comment_status":"","ping_status":"","sticky":false,"template":"","format":"standard","meta":{"footnotes":"","_share_on_mastodon":"0"},"categories":[58],"tags":[3868,71,3994,1401,30,28,29,72,46],"class_list":["post-327316","post","type-post","status-publish","format-standard","has-post-thumbnail","category-underholdning","tag-dronning-camilla","tag-entertainment","tag-kong-charles","tag-kreft","tag-no","tag-norge","tag-norway","tag-underholdning","tag-vgai"],"share_on_mastodon":{"url":"https:\/\/pubeurope.com\/@no\/117120743286968558","error":""},"_links":{"self":[{"href":"https:\/\/www.europesays.com\/no\/wp-json\/wp\/v2\/posts\/327316","targetHints":{"allow":["GET"]}}],"collection":[{"href":"https:\/\/www.europesays.com\/no\/wp-json\/wp\/v2\/posts"}],"about":[{"href":"https:\/\/www.europesays.com\/no\/wp-json\/wp\/v2\/types\/post"}],"author":[{"embeddable":true,"href":"https:\/\/www.europesays.com\/no\/wp-json\/wp\/v2\/users\/2"}],"replies":[{"embeddable":true,"href":"https:\/\/www.europesays.com\/no\/wp-json\/wp\/v2\/comments?post=327316"}],"version-history":[{"count":0,"href":"https:\/\/www.europesays.com\/no\/wp-json\/wp\/v2\/posts\/327316\/revisions"}],"wp:featuredmedia":[{"embeddable":true,"href":"https:\/\/www.europesays.com\/no\/wp-json\/wp\/v2\/media\/327317"}],"wp:attachment":[{"href":"https:\/\/www.europesays.com\/no\/wp-json\/wp\/v2\/media?parent=327316"}],"wp:term":[{"taxonomy":"category","embeddable":true,"href":"https:\/\/www.europesays.com\/no\/wp-json\/wp\/v2\/categories?post=327316"},{"taxonomy":"post_tag","embeddable":true,"href":"https:\/\/www.europesays.com\/no\/wp-json\/wp\/v2\/tags?post=327316"}],"curies":[{"name":"wp","href":"https:\/\/api.w.org\/{rel}","templated":true}]}}