{"id":32738,"date":"2025-09-11T16:02:13","date_gmt":"2025-09-11T16:02:13","guid":{"rendered":"https:\/\/www.europesays.com\/no\/32738\/"},"modified":"2025-09-11T16:02:13","modified_gmt":"2025-09-11T16:02:13","slug":"vemodig-at-erna-solbergs-tid-kan-vaere-over","status":"publish","type":"post","link":"https:\/\/www.europesays.com\/no\/32738\/","title":{"rendered":"\u2013 Vemodig at Erna Solbergs tid kan v\u00e6re over"},"content":{"rendered":"\n<ul class=\"_list_ew2ao_3 _list_64s2r_85 _unordered_ew2ao_99 text-sans-m\">\n<li class=\"_item_ew2ao_30\">Sylvi Listhaug og Frp vant valget, men tapte regjeringsmakten i Norge.<\/li>\n<li class=\"_item_ew2ao_30\">Listhaug erkjenner f\u00e5 feil og mener det var et jevnt valg.<\/li>\n<li class=\"_item_ew2ao_30\">Frp fikk 23,9 prosent, det beste resultatet i partiets historie.<\/li>\n<li class=\"_item_ew2ao_30\">Neste m\u00e5l: \u00e5 f\u00e5 Ap ut av regjeringskontorene i 2029.<\/li>\n<\/ul>\n<p>Vis mer <\/p>\n<p class=\"_paragraph_ew2ao_4 _paragraph_xtcu6_10 layout-component text-serif-m layout-normal text-serif-m layout-padded\">Sylvi Listhaug og Frp vant valget, men<a href=\"https:\/\/www.vg.no\/nyheter\/i\/8qn9jA\/stoere-vil-starte-med-senterpartiet\" data-track-element-type=\"Link\" data-track-id=\"link:8qn9jA\" class=\"_link_ew2ao_39\" rel=\"nofollow noopener\" target=\"_blank\"> tapte regjeringsmakten <\/a>i Norge de neste fire \u00e5rene.<\/p>\n<p class=\"_paragraph_ew2ao_4 _paragraph_xtcu6_10 layout-component text-serif-m layout-normal text-serif-m layout-padded\">I h\u00f8stsolen, med r\u00f8d genser og bl\u00e5 vest, erkjenner hun knapt noen feil, selv om det uttalte m\u00e5let var \u00e5 vippe Jonas Gahr St\u00f8re og hans gjeng med statsr\u00e5der ut av regjeringskontorene.<\/p>\n<p class=\"_paragraph_ew2ao_4 _paragraph_xtcu6_10 layout-component text-serif-m layout-normal text-serif-m layout-padded\">Og selv om hun endte i <a href=\"https:\/\/www.vg.no\/nyheter\/i\/XjrOxg\/listhaug-ber-solberg-slutte-med-kranglingen-vaer-saa-snill\" data-track-element-type=\"Link\" data-track-id=\"link:XjrOxg\" class=\"_link_ew2ao_39\" rel=\"nofollow noopener\" target=\"_blank\">full strid<\/a> med H\u00f8yre-leder Erna Solberg, skryter hun uhemmet av H\u00f8yre-lederen.<\/p>\n<p><img alt=\"\" class=\"_image_qp4xg_65 layout-component layout-left\" data-fullscreen- data-track-element-type=\"Article image fullscreen\" data-track-name=\"ImageFullscreen\" decoding=\"async\" loading=\"lazy\" height=\"5504\" itemprop=\"image\"  src=\"https:\/\/www.europesays.com\/no\/wp-content\/uploads\/2025\/09\/5b4efd88-9809-4f59-88e5-a20a03dce964\"  style=\"object-position:0% 0%\" width=\"8256\"\/><img alt=\"\" class=\"_image_qp4xg_65 layout-component layout-right\" data-fullscreen- data-track-element-type=\"Article image fullscreen\" data-track-name=\"ImageFullscreen\" decoding=\"async\" loading=\"lazy\" height=\"5504\" itemprop=\"image\"  src=\"https:\/\/www.europesays.com\/no\/wp-content\/uploads\/2025\/09\/58f35450-0495-4e0b-9323-9ccdf09bfb10\"  style=\"object-position:0% 0%\" width=\"8256\"\/><img alt=\"Foto: Helge Mikalsen \/ VG\" class=\"_image_qp4xg_65 layout-component layout-left\" data-fullscreen- data-track-element-type=\"Article image fullscreen\" data-track-name=\"ImageFullscreen\" decoding=\"async\" loading=\"lazy\" height=\"5504\" itemprop=\"image\"  src=\"https:\/\/www.europesays.com\/no\/wp-content\/uploads\/2025\/09\/f79981c7-d7ce-4ab5-a7f5-a5b226aa60f4\"  style=\"object-position:0% 0%\" width=\"8256\"\/>Foto: Helge Mikalsen \/ VG<\/p>\n<p class=\"_paragraph_ew2ao_4 _paragraph_xtcu6_10 layout-component text-serif-m layout-normal text-serif-m layout-padded\">\u2013 Jeg synes det er vemodigvemodigTrist at hennes tid som toppolitiker kan v\u00e6re over, sier Listhaug.<\/p>\n<p class=\"_paragraph_ew2ao_4 _paragraph_xtcu6_10 layout-component text-serif-m layout-normal text-serif-m layout-padded\"><a href=\"https:\/\/www.vg.no\/valg\/norge\/2025\/resultater\/st\" class=\"_link_ew2ao_39\" rel=\"nofollow noopener\" target=\"_blank\">88\u201381<\/a>. Det er de magiske tallene som gj\u00f8r at St\u00f8re kunne juble og fortsette som statsminister. Det er det r\u00f8dgr\u00f8nne flertalletr\u00f8dgr\u00f8nne flertalletAp, Sp, MDG, SV og R\u00f8dt. mot de borgerlige borgerligeFrp, H\u00f8yre, Krf og Venstre..<\/p>\n<p class=\"_paragraph_ew2ao_4 _paragraph_xtcu6_10 layout-component text-serif-m layout-normal text-serif-m layout-padded\">\u2013 Jeg ser det er mye fokus p\u00e5 at de vant klart, men det skulle alts\u00e5 bare fire mandater fire mandater Det betyr at det kunne vippet fire plasser fra r\u00f8dgr\u00f8nn side til borgerlig og gitt borgerlig flertall.til, for \u00e5 sikre ikke sosialistisk flertall. Det kunne alts\u00e5 holdt at Venstre fikk fire prosent, i stedet for <a href=\"https:\/\/www.vg.no\/valg\/norge\/2025\/resultater\/st\" class=\"_link_ew2ao_39\" rel=\"nofollow noopener\" target=\"_blank\">3,7 <\/a>og vi litt opp. Da hadde vi vunnet 85\u201384. Det betyr egentlig at det var jevnt og at vi var veldig n\u00e6re ikke-sosialistisk flertall, sier Frp-lederen.<\/p>\n<p><img alt=\"Hun har klare m\u00e5l om \u00e5 sl\u00e5 rekordresultatet 23,8 om fire \u00e5r.  Foto: Helge Mikalsen \/ VG\" class=\"_image_qp4xg_65 layout-component layout-fullscreen\" data-fullscreen- data-track-element-type=\"Article image fullscreen\" data-track-name=\"ImageFullscreen\" decoding=\"async\" loading=\"lazy\" height=\"5504\" itemprop=\"image\"  src=\"https:\/\/www.europesays.com\/no\/wp-content\/uploads\/2025\/09\/8eb6d8d8-78e5-467e-8055-5dd96250035d\"  style=\"object-position:54.45736434108527% 74.93640988372093%\" width=\"8256\"\/>Hun har klare m\u00e5l om \u00e5 sl\u00e5 rekordresultatet 23,8 om fire \u00e5r.  Foto: Helge Mikalsen \/ VG<\/p>\n<p class=\"_paragraph_ew2ao_4 _paragraph_xtcu6_10 layout-component text-serif-m layout-normal text-serif-m layout-padded\">Frp fikk 23,9 prosent av stemmene, opp 12,3 prosentpoeng, som ga 47 mandater mot H\u00f8yres 24, KrFs syv og Venstres tre.<\/p>\n<p class=\"_paragraph_ew2ao_4 _paragraph_xtcu6_10 layout-component text-serif-m layout-normal text-serif-m layout-padded\">Hun mener det er fullt mulig \u00e5 vokse videre etter deres beste valgresultat i historien.<\/p>\n<p class=\"_paragraph_ew2ao_4 _paragraph_xtcu6_10 layout-component text-serif-m layout-normal text-serif-m layout-padded\">\u2013 Absolutt, m\u00e5let er det. Hovedm\u00e5let for 2029 er \u00e5 f\u00e5 Ap ut av regjeringskontorene. Vi st\u00e5r foran fire t\u00f8ffe \u00e5r i Norge, med Ap som er avhengige av denne tuttifrutti-gjengentuttifrutti-gjengenNytt slangord p\u00e5 Sp, De gr\u00f8nne, SV og R\u00f8dt..<\/p>\n<p class=\"_paragraph_ew2ao_4 _paragraph_xtcu6_10 layout-component text-serif-m layout-normal text-serif-m layout-padded\">\u2013 Du skal innta en rolle du elsker: \u00c5 sitte p\u00e5 utsiden og hugge l\u00f8s p\u00e5 St\u00f8re og de farlige tuttifrutti-vennene hans?<\/p>\n<p class=\"_paragraph_ew2ao_4 _paragraph_xtcu6_10 layout-component text-serif-m layout-normal text-serif-m layout-padded\">\u2013 Vi skal innta rollen som det ledende opposisjonspartiet i Norge de neste fire \u00e5rene. Og det skal de r\u00f8dgr\u00f8nne f\u00e5 merke.<\/p>\n<p class=\"_paragraph_ew2ao_4 _paragraph_xtcu6_10 layout-component text-serif-m layout-normal text-serif-m layout-padded\">\u2013 Risikerer dere ikke \u00e5 bli isolert der ute p\u00e5 h\u00f8yrefl\u00f8yen, hvor St\u00f8re-regjeringen, hvis han trenger flertall inn mot sentrum og h\u00f8yresiden, eventuelt kan sikre seg flertall fra de tre andre borgerlige partiene?<\/p>\n<p class=\"_paragraph_ew2ao_4 _paragraph_xtcu6_10 layout-component text-serif-m layout-normal text-serif-m layout-padded\">\u2013 Det skal legges frem mange saker de neste \u00e5rene, s\u00e5 vi f\u00e5r se. Vi vil ha en policy \u00e5 stemme for det vi er for, og mot det vi er imot:<\/p>\n<p><img alt=\"Foto: Helge Mikalsen \/ VG\" class=\"_image_qp4xg_65 layout-component layout-normal\" data-fullscreen- data-track-element-type=\"Article image fullscreen\" data-track-name=\"ImageFullscreen\" decoding=\"async\" loading=\"lazy\" height=\"5282\" itemprop=\"image\"  src=\"https:\/\/www.europesays.com\/no\/wp-content\/uploads\/2025\/09\/de467346-46f1-4dc9-b7a4-292d768ebac1\"  style=\"object-position:0% 0%\" width=\"7547\"\/>Foto: Helge Mikalsen \/ VG<\/p>\n<p class=\"_paragraph_ew2ao_4 _paragraph_xtcu6_10 layout-component text-serif-m layout-normal text-serif-m layout-padded\">\u2013 Vi skal v\u00e6re et t\u00f8ft og konstruktivt opposisjonsparti og gj\u00f8re det vi kan for \u00e5 dra politikken i v\u00e5r retning. <\/p>\n<p class=\"_paragraph_ew2ao_4 _paragraph_xtcu6_10 layout-component text-serif-m layout-normal text-serif-m layout-padded\">\u2013 Hvorfor lyktes dere i \u00e5rets valg?<\/p>\n<p class=\"_paragraph_ew2ao_4 _paragraph_xtcu6_10 layout-component text-serif-m layout-normal text-serif-m layout-padded\">\u2013 Det har med politikk \u00e5 gj\u00f8re. Mange er bekymret for at vi styrer Norge for d\u00e5rlig og bruker veldig mange penger. Og at vi har altfor h\u00f8ye skatter.<\/p>\n<p class=\"_paragraph_ew2ao_4 _paragraph_xtcu6_10 layout-component text-serif-m layout-normal text-serif-m layout-padded\">\u2013 Ikke mye h\u00f8yere samlet sett enn andre skandinaviske og vestlige land?<\/p>\n<p class=\"_paragraph_ew2ao_4 _paragraph_xtcu6_10 layout-component text-serif-m layout-normal text-serif-m layout-padded\">\u2013 Vi har et betydelig h\u00f8yere skattetrykk enn sv\u00e6rt mange sammenlignbare land. S\u00e5 er det slik at vi har noe de ikke har, store oljeinntekter, og mange f\u00f8ler at de ikke f\u00e5r nok igjen for alle de milliardene vi bruker i et land som er veldig rikt:<\/p>\n<p class=\"_paragraph_ew2ao_4 _paragraph_xtcu6_10 layout-component text-serif-m layout-normal text-serif-m layout-padded\">\u2013 Folk ser nedslitte skoler, sykehjemsplasser som legges ned, veier som er hullete; alt forfaller.<\/p>\n<p class=\"_paragraph_ew2ao_4 _paragraph_xtcu6_10 layout-component text-serif-m layout-normal text-serif-m layout-padded\">\u2013 Alt forfaller i Norge? N\u00e5 overdriver du?<\/p>\n<p><img alt=\"Foto: Helge Mikalsen \/ VG\" class=\"_image_qp4xg_65 layout-component layout-normal\" data-fullscreen- data-track-element-type=\"Article image fullscreen\" data-track-name=\"ImageFullscreen\" decoding=\"async\" loading=\"lazy\" height=\"5504\" itemprop=\"image\"  src=\"https:\/\/www.europesays.com\/no\/wp-content\/uploads\/2025\/09\/483b1543-acd0-4f8a-8005-83ee0099b529\"  style=\"object-position:0% 0%\" width=\"8256\"\/>Foto: Helge Mikalsen \/ VG<\/p>\n<p class=\"_paragraph_ew2ao_4 _paragraph_xtcu6_10 layout-component text-serif-m layout-normal text-serif-m layout-padded\">\u2013 Nei, men mye forfaller og folk tenker at vi ikke f\u00e5r nok igjen for pengene.<\/p>\n<p class=\"_paragraph_ew2ao_4 _paragraph_xtcu6_10 layout-component text-serif-m layout-normal text-serif-m layout-padded\">Hun nevner en sak til som du kan lese mer om her:<\/p>\n<p class=\"_paragraph_ew2ao_4 _paragraph_xtcu6_10 _paragraph_16v91_10 layout-component text-serif-m layout-normal text-sans-m layout-padded\">\u2013 Klimapolitikken. Folk ser at det brukes milliarder p\u00e5 prestisjeprosjekt som i liten grad f\u00e5r ned verdens utslipp.<\/p>\n<p class=\"_paragraph_ew2ao_4 _paragraph_xtcu6_10 _paragraph_16v91_10 layout-component text-serif-m layout-normal text-sans-m layout-padded\">\u2013 Det er disse prosjektene vi er avhengig av \u00e5 f\u00e5 opp og st\u00e5, for \u00e5 f\u00e5 n\u00e5 <a href=\"https:\/\/www.regjeringen.no\/no\/aktuelt\/norge-skal-na-klimamalene\/id2996215\/\" class=\"_link_ew2ao_39\" rel=\"nofollow noopener\" target=\"_blank\">klimam\u00e5lene<\/a> i Norge?<\/p>\n<p class=\"_paragraph_ew2ao_4 _paragraph_xtcu6_10 _paragraph_16v91_10 layout-component text-serif-m layout-normal text-sans-m layout-padded\">\u2013 Jeg tror de fleste ser at de store landene kj\u00f8rer p\u00e5 og \u00f8ker utslippene med mer enn vi slipper ut totalt. Folk med sunt bondevett ser at vi drar Norge i feil retning med den klimapolitikken som f\u00f8res. Det er avgifter, skatter, p\u00e5bud og reguleringer som gj\u00f8r det dyrere og vanskeligere for folk.<\/p>\n<p class=\"_paragraph_ew2ao_4 _paragraph_xtcu6_10 _paragraph_16v91_10 layout-component text-serif-m layout-normal text-sans-m layout-padded\">\u2013 Hvordan skal du n\u00e5 klimam\u00e5lene?<\/p>\n<p class=\"_paragraph_ew2ao_4 _paragraph_xtcu6_10 _paragraph_16v91_10 layout-component text-serif-m layout-normal text-sans-m layout-padded\">\u2013 Vi m\u00e5 i mye st\u00f8rre grad ta kuttene ute, ved \u00e5 kj\u00f8pe kvoter, ta de billige kuttene f\u00f8rst og sette ned skatter og avgifter slik at bedriftene f\u00e5r st\u00f8rre \u00f8konomisk handlefrihet til selv \u00e5 investere i ny teknologi og morgendagens l\u00f8sninger.<\/p>\n<p class=\"_paragraph_ew2ao_4 _paragraph_xtcu6_10 _paragraph_16v91_10 layout-component text-serif-m layout-normal text-sans-m layout-padded\">\u2013 Det har industri og n\u00e6ringsliv i Norge sagt vil kutte utslippene til utenlandske selskaper som skal utvikle klimavennlige l\u00f8sninger, i stedet for at norske selskaper gj\u00f8r det, ved at de f\u00e5r de subsidiene du er s\u00e5 kritisk til?<\/p>\n<p class=\"_paragraph_ew2ao_4 _paragraph_xtcu6_10 _paragraph_16v91_10 layout-component text-serif-m layout-normal text-sans-m layout-padded\">\u2013 Det vi ser i Europa er at mange selskaper flagger ut, blant annet tysk industri fordi rammevilk\u00e5rene er bedre andre steder. Det samme kan skje i Norge om rammevilk\u00e5rene blir svekket. Det er bare sp\u00f8rsm\u00e5l om tid f\u00f8r vi m\u00e5 bli mer realitetsorientert. Europa taper konkurransekraft.<\/p>\n<p class=\"_paragraph_ew2ao_4 _paragraph_xtcu6_10 _paragraph_16v91_10 layout-component text-serif-m layout-normal text-sans-m layout-padded\">\u2013 Du bekymrer deg ikke over at temperaturene stiger og stiger?<\/p>\n<p class=\"_paragraph_ew2ao_4 _paragraph_xtcu6_10 _paragraph_16v91_10 layout-component text-serif-m layout-normal text-sans-m layout-padded\">\u2013 Hele poenget er at man i stedet m\u00e5 f\u00f8re en politikk som kutter og ikke flytter utslippene, slik som altfor stor grad er tilfellet i dag.<\/p>\n<p class=\"_paragraph_ew2ao_4 _paragraph_xtcu6_10 _paragraph_16v91_10 layout-component text-serif-m layout-normal text-sans-m layout-padded\">\u2013 En rik vestlig oljenasjon b\u00f8r ta st\u00f8rre ansvar enn andre?<\/p>\n<p class=\"_paragraph_ew2ao_4 _paragraph_xtcu6_10 _paragraph_16v91_10 layout-component text-serif-m layout-normal text-sans-m layout-padded\">\u2013 Nei, det vi m\u00e5 ta et st\u00f8rre ansvar for er \u00e5 produsere mer olje og gass, fordi det bare er tre store demokratiske land som produserer det. USA, Canada og Norge.<\/p>\n<p class=\"_paragraph_ew2ao_4 _paragraph_xtcu6_10 _paragraph_16v91_10 layout-component text-serif-m layout-normal text-sans-m layout-padded\">\u2013 Vi b\u00f8r ha l\u00e6rt at vi ikke kan bli avhengige av de autorit\u00e6re landene. Det er en sikkerhetsrisiko.<\/p>\n<p>Vis mer<img alt=\"Det ble Sognsvann denne gangen. Hun sier at vanlig turm\u00e5l for henne og familien er Tryvannstua litt lenger vest i Oslo-Marka.  Foto: Helge Mikalsen \/ VG\" class=\"_image_qp4xg_65 layout-component layout-normal\" data-fullscreen- data-track-element-type=\"Article image fullscreen\" data-track-name=\"ImageFullscreen\" decoding=\"async\" loading=\"lazy\" height=\"5504\" itemprop=\"image\"  src=\"https:\/\/www.europesays.com\/no\/wp-content\/uploads\/2025\/09\/7b541415-d0a5-4fb5-a1d0-49a7c562eb6d\"  style=\"object-position:0% 0%\" width=\"8256\"\/>Det ble Sognsvann denne gangen. Hun sier at vanlig turm\u00e5l for henne og familien er Tryvannstua litt lenger vest i Oslo-Marka.  Foto: Helge Mikalsen \/ VG\u2013 Vemodig<\/p>\n<p class=\"_paragraph_ew2ao_4 _paragraph_xtcu6_10 layout-component text-serif-m layout-normal text-serif-m layout-padded\">Det er oppgj\u00f8rets time i H\u00f8yre etter krisevalget, hvor flere H\u00f8yre-profiler mener at Erna Solberg <a href=\"https:\/\/www.vg.no\/nyheter\/i\/Jbjpj6\/opplysninger-til-vg-ventes-at-erna-solberg-vil-svare-paa-exit-kravene-fredag\" data-track-element-type=\"Link\" data-track-id=\"link:Jbjpj6\" class=\"_link_ew2ao_39\" rel=\"nofollow noopener\" target=\"_blank\">m\u00e5 g\u00e5 av.<\/a><\/p>\n<p class=\"_paragraph_ew2ao_4 _paragraph_xtcu6_10 layout-component text-serif-m layout-normal text-serif-m layout-padded\">Listhaug sier at det er veldig trist og vemodig, etter s\u00e5 mange \u00e5r.<\/p>\n<p class=\"_paragraph_ew2ao_4 _paragraph_xtcu6_10 layout-component text-serif-m layout-normal text-serif-m layout-padded\"><strong class=\"_strong_ew2ao_25\">\u2013 Ja, det er veldig vemodig. Jeg har stor respekt for Erna Solberg som politiker og var skikkelig imponert over henne i \u00e5rets valgkamp. Hun sto p\u00e5 n\u00e6rmest p\u00e5 natt og dag, for \u00e5 forbedre resultatet.<\/strong><\/p>\n<p class=\"_paragraph_ew2ao_4 _paragraph_xtcu6_10 layout-component text-serif-m layout-normal text-serif-m layout-padded\">Hun legger til:<\/p>\n<p class=\"_paragraph_ew2ao_4 _paragraph_xtcu6_10 layout-component text-serif-m layout-normal text-serif-m layout-padded\">\u2013 Jeg vet hvor vanskelig det er \u00e5 drive en valgkamp der det meste butter imot. Hun har lang erfaring og jeg har jobbet godt sammen med henne.<\/p>\n<p class=\"_paragraph_ew2ao_4 _paragraph_xtcu6_10 layout-component text-serif-m layout-normal text-serif-m layout-padded\">\u2013 Men dere gjorde jo ikke det i slutten av valgkampen. Samarbeidet mellom dere, eller mer korrekt manglende samarbeid ble veldig synliggjort da dere <a href=\"https:\/\/www.vg.no\/nyheter\/i\/XjrOxg\/listhaug-ber-solberg-slutte-med-kranglingen-vaer-saa-snill\" data-track-element-type=\"Link\" data-track-id=\"link:XjrOxg\" class=\"_link_ew2ao_39\" rel=\"nofollow noopener\" target=\"_blank\">smalt sammen i en statsminister-debatt<\/a> som gjorde at opposisjonen kunne vise til borgerlig kaos?<\/p>\n<p class=\"_paragraph_ew2ao_4 _paragraph_xtcu6_10 layout-component text-serif-m layout-normal text-serif-m layout-padded\">\u2013 Det er et tilbakelagt kapittel. Vi svarte ut da det kom fra Erna. S\u00e5 tenker jeg at n\u00e5 har vi fasiten; vil klarte ikke \u00e5 f\u00e5 nok velgere samlet over blokken til \u00e5 sikre oss ikke-sosialistisk flertall.<\/p>\n<p class=\"_paragraph_ew2ao_4 _paragraph_xtcu6_10 layout-component text-serif-m layout-normal text-serif-m layout-padded\">\u2013 Tar dere l\u00e6rdom av det; m\u00e5let var jo borgerlig seier?<\/p>\n<p class=\"_paragraph_ew2ao_4 _paragraph_xtcu6_10 layout-component text-serif-m layout-normal text-serif-m layout-padded\">\u2013 Absolutt, fokus m\u00e5 v\u00e6re politisk, ikke posisjoner. Men jeg vil legge til at Erna har gjort en fantastisk jobb over mange \u00e5r. <\/p>\n<p class=\"_paragraph_ew2ao_4 _paragraph_xtcu6_10 layout-component text-serif-m layout-normal text-serif-m layout-padded\">\u2013 Hvem har st\u00f8rst ansvar p\u00e5 borgerlig side for at det ikke ble borgerlig flertall \u2013 du eller Erna Solberg?<\/p>\n<p class=\"_paragraph_ew2ao_4 _paragraph_xtcu6_10 layout-component text-serif-m layout-normal text-serif-m layout-padded\">\u2013 Ansvaret ligger p\u00e5 alle de ikke-sosialistiske partiene. Jeg mener vi leverte varene, som v\u00e5r oppslutning viser. Vi hentet mange velgere ogs\u00e5 fra den andre siden, b\u00e5de fra Ap og Sp.<\/p>\n<p><img alt=\"Foto: Helge Mikalsen \/ VG\" class=\"_image_qp4xg_65 layout-component layout-normal\" data-fullscreen- data-track-element-type=\"Article image fullscreen\" data-track-name=\"ImageFullscreen\" decoding=\"async\" loading=\"lazy\" height=\"5225\" itemprop=\"image\"  src=\"https:\/\/www.europesays.com\/no\/wp-content\/uploads\/2025\/09\/67cdf9ff-25bd-4a35-807a-1c3afa351de3\"  style=\"object-position:0% 0%\" width=\"7148\"\/>Foto: Helge Mikalsen \/ VG<\/p>\n<p class=\"_paragraph_ew2ao_4 _paragraph_xtcu6_10 layout-component text-serif-m layout-normal text-serif-m layout-padded\">\u2013 Dere fikk ikke flertall fordi det ikke var borgerlig samhold og enighet i denne valgkampen, hvor det var dere som tjente p\u00e5 uenigheten?<\/p>\n<p class=\"_paragraph_ew2ao_4 _paragraph_xtcu6_10 layout-component text-serif-m layout-normal text-serif-m layout-padded\">\u2013 Absolutt ikke. Vi sa helt tydelig hele veien at vi var garantisten for at vi skulle f\u00e5 til et skifte. Vi la v\u00e5r strategi for halvannet \u00e5r siden og den har ligget fast hele veien. Vi var opptatt av politikk. Andre var opptatt av posisjoner. <\/p>\n<p class=\"_paragraph_ew2ao_4 _paragraph_xtcu6_10 layout-component text-serif-m layout-normal text-serif-m layout-padded\">\u2013 Det har v\u00e6rt vanlig p\u00e5 borgerlig side at partiene har pratet sammen og blitt enige om noen sentrale omr\u00e5der man st\u00e5r samlet om og som man kan vise frem i valgkampen?<\/p>\n<p class=\"_paragraph_ew2ao_4 _paragraph_xtcu6_10 layout-component text-serif-m layout-normal text-serif-m layout-padded\">\u2013 Jeg s\u00e5 heller ikke noe slikt p\u00e5 venstresiden, med Ap, Sp, R\u00f8dt, SV og MDG. Utgangspunktet var \u00e5 vise frem v\u00e5re saker. Det gjaldt begge sider. <\/p>\n<p class=\"_paragraph_ew2ao_4 _paragraph_xtcu6_10 layout-component text-serif-m layout-normal text-serif-m layout-padded\">\u2013 N\u00e5r du ser tilbake, er det noe du angrer p\u00e5?<\/p>\n<p class=\"_paragraph_ew2ao_4 _paragraph_xtcu6_10 layout-component text-serif-m layout-normal text-serif-m layout-padded\">\u2013 Jeg synes vi leverte en god valgkamp, men det er sikkert noe vi kunne gjort bedre.<\/p>\n<p><img alt=\"Foto: Helge Mikalsen \/ VG\" class=\"_image_qp4xg_65 layout-component layout-normal\" data-fullscreen- data-track-element-type=\"Article image fullscreen\" data-track-name=\"ImageFullscreen\" decoding=\"async\" loading=\"lazy\" height=\"5445\" itemprop=\"image\"  src=\"https:\/\/www.europesays.com\/no\/wp-content\/uploads\/2025\/09\/3de63453-dbd3-4bf1-87b6-8cc993ac7543\"  style=\"object-position:0% 0%\" width=\"8168\"\/>Foto: Helge Mikalsen \/ VG<\/p>\n<p class=\"_paragraph_ew2ao_4 _paragraph_xtcu6_10 layout-component text-serif-m layout-normal text-serif-m layout-padded\">\u2013 Det er de som vil hevde at Frp kj\u00f8rte et for egoistisk l\u00f8p som sterkt bidro til r\u00f8dgr\u00f8nt flertall?<\/p>\n<p class=\"_paragraph_ew2ao_4 _paragraph_xtcu6_10 layout-component text-serif-m layout-normal text-serif-m layout-padded\">\u2013 Nei, vet du hva, sier hun:<\/p>\n<p class=\"_paragraph_ew2ao_4 _paragraph_xtcu6_10 layout-component text-serif-m layout-normal text-serif-m layout-padded\">\u2013 Vi bidro til \u00e5 flytte masse velgere over blokken og til tidenes valgresultat for partiet v\u00e5rt. <\/p>\n<p class=\"_paragraph_ew2ao_4 _paragraph_xtcu6_10 layout-component text-serif-m layout-normal text-serif-m layout-padded\">\u2013 Jeg sp\u00f8r fordi dere bidro til \u00e5 svekke H\u00f8yres oppslutning?<\/p>\n<p class=\"_paragraph_ew2ao_4 _paragraph_xtcu6_10 layout-component text-serif-m layout-normal text-serif-m layout-padded\">\u2013 N\u00e5 skal de gj\u00f8re sin evaluering, men hovedgrunnen til at vi \u00f8kte s\u00e5 kraftig var politikk; klimapolitikk, skattepolitikk og at vi har v\u00e6rt tydeligere i en rekke saker. Det var ogs\u00e5 tilbakemeldingene fra velgerne. <\/p>\n<p class=\"_paragraph_ew2ao_4 _paragraph_xtcu6_10 layout-component text-serif-m layout-normal text-serif-m layout-padded\">\u2013 Egentlig storkoste du deg gjennom hele valgkampen da du ble pekt ut av St\u00f8re og Ap som h\u00f8yresidens statsminister; som bidro til \u00e5 sette Erna Solberg og H\u00f8yre i skyggen?<\/p>\n<p class=\"_paragraph_ew2ao_4 _paragraph_xtcu6_10 layout-component text-serif-m layout-normal text-serif-m layout-padded\">\u2013 Jeg synes vi gjennomf\u00f8rte en god valgkamp. N\u00e5r det gjelder hovedmotstander pekte vi ut Ap som det allerede p\u00e5 v\u00e5rparten og Ap gjorde det samme. Det var ikke unaturlig da vi var det st\u00f8rste ikke-sosialistiske partiet. Og vi ble det ogs\u00e5 ved valget.<\/p>\n<p class=\"_paragraph_ew2ao_4 _paragraph_xtcu6_10 layout-component text-serif-m layout-normal text-serif-m layout-padded\">\u2013 Vi har fanget opp at det har v\u00e6rt \u00f8nske og initiativ fra H\u00f8yre til samtaler mellom dere?<\/p>\n<p class=\"_paragraph_ew2ao_4 _paragraph_xtcu6_10 layout-component text-serif-m layout-normal text-serif-m layout-padded\">\u2013 Vi fikk vite at det var noe i forbindelse med Arendalsuka, men det passet ikke for oss. <\/p>\n<p><img alt=\"P\u00e5 Sognsvann er endene n\u00e6r.  Foto: Helge Mikalsen \/ VG\" class=\"_image_qp4xg_65 layout-component layout-normal\" data-fullscreen- data-track-element-type=\"Article image fullscreen\" data-track-name=\"ImageFullscreen\" decoding=\"async\" loading=\"lazy\" height=\"5504\" itemprop=\"image\"  src=\"https:\/\/www.europesays.com\/no\/wp-content\/uploads\/2025\/09\/a7a0b1e4-adbc-4fe7-a5b2-ee1f819ff552\"  style=\"object-position:0% 0%\" width=\"8256\"\/>P\u00e5 Sognsvann er endene n\u00e6r.  Foto: Helge Mikalsen \/ VG<\/p>\n<p class=\"_paragraph_ew2ao_4 _paragraph_xtcu6_10 layout-component text-serif-m layout-normal text-serif-m layout-padded\">\u2013 N\u00e5 er dere dobbelt s\u00e5 store som de tre andre borgerlige partiene. Tenker du at du som leder i det desidert st\u00f8rste partiet b\u00f8r ta ansvar for bedre dialog for \u00e5 f\u00e5 til borgerlig samling til neste korsvei?<\/p>\n<p class=\"_paragraph_ew2ao_4 _paragraph_xtcu6_10 layout-component text-serif-m layout-normal text-serif-m layout-padded\">\u2013 Ja, men f\u00f8rst skal vi diskutere strategien for Frp fremover. Men vi skal som st\u00f8rste opposisjonsparti ta ansvar og lede an p\u00e5 ikke-sosialistisk side, som gj\u00f8r at vi kan sikre ikke-sosialistisk flertall om fire \u00e5r. <\/p>\n<p class=\"_paragraph_ew2ao_4 _paragraph_xtcu6_10 layout-component text-serif-m layout-normal text-serif-m layout-padded\">\u2013 Dere har aldri hatt flere plasser p\u00e5 Stortinget \u2013 47. F\u00e5r dere inn noen som prater rett fra levra rett fra levra Veldig \u00e6rlig.f\u00f8r de tenker seg om?<\/p>\n<p class=\"_paragraph_ew2ao_4 _paragraph_xtcu6_10 layout-component text-serif-m layout-normal text-serif-m layout-padded\">\u2013 Vi f\u00e5r inn en masse fantastiske politikere med forskjellig bakgrunn, som st\u00e5r for den samme politikken og vil bidra til \u00e5 gi folk mer frihet og \u00f8kt trygghet.<\/p>\n<p class=\"_paragraph_ew2ao_4 _paragraph_xtcu6_10 layout-component text-serif-m layout-normal text-serif-m layout-padded\">\u2013 Du h\u00e5per i hvert fall p\u00e5 at de nye bidrar til det?<\/p>\n<p class=\"_paragraph_ew2ao_4 _paragraph_xtcu6_10 layout-component text-serif-m layout-normal text-serif-m layout-padded\">\u2013 Ja, ja, det gj\u00f8r jeg. Vi f\u00e5r inn mange unge og sultne folk blandet med mer erfarne. Dette blir moro!<\/p>\n<p><img alt=\"Foto: Helge Mikalsen \/ VG\" class=\"_image_qp4xg_65 layout-component layout-normal\" data-fullscreen- data-track-element-type=\"Article image fullscreen\" data-track-name=\"ImageFullscreen\" decoding=\"async\" loading=\"lazy\" height=\"5504\" itemprop=\"image\"  src=\"https:\/\/www.europesays.com\/no\/wp-content\/uploads\/2025\/09\/99aaf81f-4fc4-4b89-ace6-7f324fd9c8ef\"  style=\"object-position:0% 0%\" width=\"8256\"\/>Foto: Helge Mikalsen \/ VG<\/p>\n<p class=\"_paragraph_ew2ao_4 _paragraph_xtcu6_10 layout-component text-serif-m layout-normal text-serif-m layout-padded\">\u2013 Har det blitt noe champagne for \u00e5 feire rekordresultatet?<\/p>\n<p class=\"_paragraph_ew2ao_4 _paragraph_xtcu6_10 layout-component text-serif-m layout-normal text-serif-m layout-padded\">\u2013 Nei, det ble et par glass hvitvin valgkvelden. Men jeg skal love deg at vi skal feire: Det blir stor fest.<\/p>\n","protected":false},"excerpt":{"rendered":"Sylvi Listhaug og Frp vant valget, men tapte regjeringsmakten i Norge. Listhaug erkjenner f\u00e5 feil og mener det&hellip;\n","protected":false},"author":2,"featured_media":32739,"comment_status":"","ping_status":"","sticky":false,"template":"","format":"standard","meta":{"footnotes":""},"categories":[10],"tags":[20,21,24,25,5219,15,22,23,13,30,28,29,14,16,199,200,26,27,205],"class_list":{"0":"post-32738","1":"post","2":"type-post","3":"status-publish","4":"format-standard","5":"has-post-thumbnail","7":"category-norge","8":"tag-breaking-news","9":"tag-breakingnews","10":"tag-featured-news","11":"tag-featurednews","12":"tag-framskrittspartiet-frp","13":"tag-headlines","14":"tag-latest-news","15":"tag-latestnews","16":"tag-news","17":"tag-no","18":"tag-norge","19":"tag-norway","20":"tag-nyheter","21":"tag-overskrifter","22":"tag-stortingsvalg","23":"tag-sylvi-listhaug","24":"tag-top-stories","25":"tag-topstories","26":"tag-vgsamfunn"},"share_on_mastodon":{"url":"","error":""},"_links":{"self":[{"href":"https:\/\/www.europesays.com\/no\/wp-json\/wp\/v2\/posts\/32738","targetHints":{"allow":["GET"]}}],"collection":[{"href":"https:\/\/www.europesays.com\/no\/wp-json\/wp\/v2\/posts"}],"about":[{"href":"https:\/\/www.europesays.com\/no\/wp-json\/wp\/v2\/types\/post"}],"author":[{"embeddable":true,"href":"https:\/\/www.europesays.com\/no\/wp-json\/wp\/v2\/users\/2"}],"replies":[{"embeddable":true,"href":"https:\/\/www.europesays.com\/no\/wp-json\/wp\/v2\/comments?post=32738"}],"version-history":[{"count":0,"href":"https:\/\/www.europesays.com\/no\/wp-json\/wp\/v2\/posts\/32738\/revisions"}],"wp:featuredmedia":[{"embeddable":true,"href":"https:\/\/www.europesays.com\/no\/wp-json\/wp\/v2\/media\/32739"}],"wp:attachment":[{"href":"https:\/\/www.europesays.com\/no\/wp-json\/wp\/v2\/media?parent=32738"}],"wp:term":[{"taxonomy":"category","embeddable":true,"href":"https:\/\/www.europesays.com\/no\/wp-json\/wp\/v2\/categories?post=32738"},{"taxonomy":"post_tag","embeddable":true,"href":"https:\/\/www.europesays.com\/no\/wp-json\/wp\/v2\/tags?post=32738"}],"curies":[{"name":"wp","href":"https:\/\/api.w.org\/{rel}","templated":true}]}}