{"id":32743,"date":"2025-09-11T16:09:10","date_gmt":"2025-09-11T16:09:10","guid":{"rendered":"https:\/\/www.europesays.com\/no\/32743\/"},"modified":"2025-09-11T16:09:10","modified_gmt":"2025-09-11T16:09:10","slug":"vaer-vestoppland-sender-ut-farevarsel-om-flom","status":"publish","type":"post","link":"https:\/\/www.europesays.com\/no\/32743\/","title":{"rendered":"V\u00e6r, Vestoppland | Sender ut farevarsel om flom"},"content":{"rendered":"\n<p>Det er meldt kraftig nedb\u00f8r i deler Innlandet og Buskerud i dag, og Meteorologisk institutt har sendt ut gult farevarsel om styrtregn.<\/p>\n<p>Enkelte steder er det varslet regnbyger p\u00e5 opp mot 20 millimeter nedb\u00f8r i timen, f\u00f8r de beveger seg nordover.<\/p>\n<p>Lyn og torden kan ogs\u00e5 forekomme, <a rel=\"noopener nofollow\" href=\"https:\/\/twitter.com\/Meteorologene\/status\/1966048837895610727\" target=\"_blank\">opplyser <\/a>meteorologene torsdag formiddag.<\/p>\n<p>\u2013 Det er store lokale variasjoner i intensitet og mengde, st\u00e5r det i <a rel=\"noopener nofollow\" href=\"https:\/\/www.yr.no\/nb\/farevarsler\" target=\"_blank\">farevarselet<\/a>.<\/p>\n<p>Torsdag ettermiddag har meteorologene ogs\u00e5 sendt ut gult farevarsel om flom. <\/p>\n<p>Vannf\u00f8ringen er h\u00f8y i sm\u00e5 og middelsstore elver i varslingsomr\u00e5det. <\/p>\n<p>\u2013 \u00c5rsaken er at det lokalt er kommet kraftige regnbyger og styrtregn natt til torsdag. Det er ventet lokalt mye regn utover ettermiddagen og kvelden som kan forsterke flomfaren der de kraftige bygene treffer og vannf\u00f8ringen kan \u00f8ke raskt. Dette kan f\u00f8re til lokale oversv\u00f8mmelser og erosjonsskader, st\u00e5r det i varselet.<\/p>\n<p>Styrtregnet avtar utover kvelden, mens varselet for flom varer til fredag. <\/p>\n<p>Les mer om: artikkelemnene<\/p>\n<p>    <script async src=\"https:\/\/platform.twitter.com\/widgets.js\" charset=\"utf-8\"><\/script><\/p>\n","protected":false},"excerpt":{"rendered":"Det er meldt kraftig nedb\u00f8r i deler Innlandet og Buskerud i dag, og Meteorologisk institutt har sendt ut&hellip;\n","protected":false},"author":2,"featured_media":32744,"comment_status":"","ping_status":"","sticky":false,"template":"","format":"standard","meta":{"footnotes":""},"categories":[10],"tags":[36,20,21,24,25,15,22,23,1202,13,30,28,29,14,16,1510,26,27,1646,553,5220],"class_list":{"0":"post-32743","1":"post","2":"type-post","3":"status-publish","4":"format-standard","5":"has-post-thumbnail","7":"category-norge","8":"tag-art","9":"tag-breaking-news","10":"tag-breakingnews","11":"tag-featured-news","12":"tag-featurednews","13":"tag-headlines","14":"tag-latest-news","15":"tag-latestnews","16":"tag-meteorologisk-institutt","17":"tag-news","18":"tag-no","19":"tag-norge","20":"tag-norway","21":"tag-nyheter","22":"tag-overskrifter","23":"tag-story","24":"tag-top-stories","25":"tag-topstories","26":"tag-valdres","27":"tag-vaer","28":"tag-vestoppland"},"share_on_mastodon":{"url":"","error":""},"_links":{"self":[{"href":"https:\/\/www.europesays.com\/no\/wp-json\/wp\/v2\/posts\/32743","targetHints":{"allow":["GET"]}}],"collection":[{"href":"https:\/\/www.europesays.com\/no\/wp-json\/wp\/v2\/posts"}],"about":[{"href":"https:\/\/www.europesays.com\/no\/wp-json\/wp\/v2\/types\/post"}],"author":[{"embeddable":true,"href":"https:\/\/www.europesays.com\/no\/wp-json\/wp\/v2\/users\/2"}],"replies":[{"embeddable":true,"href":"https:\/\/www.europesays.com\/no\/wp-json\/wp\/v2\/comments?post=32743"}],"version-history":[{"count":0,"href":"https:\/\/www.europesays.com\/no\/wp-json\/wp\/v2\/posts\/32743\/revisions"}],"wp:featuredmedia":[{"embeddable":true,"href":"https:\/\/www.europesays.com\/no\/wp-json\/wp\/v2\/media\/32744"}],"wp:attachment":[{"href":"https:\/\/www.europesays.com\/no\/wp-json\/wp\/v2\/media?parent=32743"}],"wp:term":[{"taxonomy":"category","embeddable":true,"href":"https:\/\/www.europesays.com\/no\/wp-json\/wp\/v2\/categories?post=32743"},{"taxonomy":"post_tag","embeddable":true,"href":"https:\/\/www.europesays.com\/no\/wp-json\/wp\/v2\/tags?post=32743"}],"curies":[{"name":"wp","href":"https:\/\/api.w.org\/{rel}","templated":true}]}}