{"id":32751,"date":"2025-09-11T16:19:10","date_gmt":"2025-09-11T16:19:10","guid":{"rendered":"https:\/\/www.europesays.com\/no\/32751\/"},"modified":"2025-09-11T16:19:10","modified_gmt":"2025-09-11T16:19:10","slug":"karsten-warholms-vm-prepping-som-et-samuraisverd","status":"publish","type":"post","link":"https:\/\/www.europesays.com\/no\/32751\/","title":{"rendered":"Karsten Warholms VM-prepping: \u2013 Som et samuraisverd"},"content":{"rendered":"\n<ul class=\"_list_ew2ao_3 _list_64s2r_85 _unordered_ew2ao_99 text-sans-m\">\n<li class=\"_item_ew2ao_30\">Karsten Warholm er klar for friidretts-VM i Tokyo, som starter 13. september.<\/li>\n<li class=\"_item_ew2ao_30\">Treningene har g\u00e5tt bra, og formen er p\u00e5 topp etter seirer i Silesia og Z\u00fcrich.<\/li>\n<li class=\"_item_ew2ao_30\">Hovedfokuset n\u00e5 er \u00e5 unng\u00e5 sykdom f\u00f8r konkurransene.<\/li>\n<li class=\"_item_ew2ao_30\">Warholm etterlyser TV-tips mens han f\u00e5r timene til \u00e5 g\u00e5 <\/li>\n<\/ul>\n<p>Vis mer <\/p>\n<p class=\"_paragraph_ew2ao_4 _paragraph_xtcu6_10 layout-component text-serif-m layout-normal text-serif-m layout-padded\">Formen er Warholm og trener Leif Olav Alnes trygg p\u00e5 etter de r\u00e5sterke seirene p\u00e5<strong class=\"_strong_ew2ao_25\"> 46,28<\/strong> i polske Silesia 16. august og <strong class=\"_strong_ew2ao_25\">46,70<\/strong> i sveitsiske Z\u00fcrich 28. august. <\/p>\n<p class=\"_paragraph_ew2ao_4 _paragraph_xtcu6_10 layout-component text-serif-m layout-normal text-serif-m layout-padded\">Siden har treningen g\u00e5tt som smurt p\u00e5 precamp i Fukuoka. Onsdag tok de tok ekspresstoget Shinkansen inn til Tokyo. Den japanske hovedstaden arrangerer friidretts-VM 13\u201321. september.<\/p>\n<p class=\"_paragraph_ew2ao_4 _paragraph_xtcu6_10 layout-component text-serif-m layout-normal text-serif-m layout-padded\">\u2013 Hva f\u00e5r dere gjort p\u00e5 trening n\u00e5 i siste liten?<\/p>\n<p class=\"_paragraph_ew2ao_4 _paragraph_xtcu6_10 layout-component text-serif-m layout-normal text-serif-m layout-padded\"><strong class=\"_strong_ew2ao_25\">\u2013 Du kommer som et samuraisverd som er skarpt. N\u00e5r du slipper det ned og ser at silken splittes, er det egentlig ikke s\u00e5 mye mer du skal gj\u00f8re. Du skal bare passe p\u00e5 at det ikke ruster, sier Alnes.<\/strong><\/p>\n<p class=\"_paragraph_ew2ao_4 _paragraph_xtcu6_10 layout-component text-serif-m layout-normal text-serif-m layout-padded\">\u2013 Foredling. Det er foredling av resultat n\u00e5, sier Warholm.<\/p>\n<p><img alt=\"Leif Olav Alnes og Karsten Warholm er sv\u00e6rt interessert i skoteknologi.   Foto: Bj\u00f8rn S. Delebekk \/ VG\" class=\"_image_qp4xg_65 layout-component layout-normal\" data-fullscreen- data-track-element-type=\"Article image fullscreen\" data-track-name=\"ImageFullscreen\" decoding=\"async\" loading=\"lazy\" height=\"5504\" itemprop=\"image\"  src=\"https:\/\/www.europesays.com\/no\/wp-content\/uploads\/2025\/09\/44101cbd-ce62-445a-839a-b8b8299e12c1\"  style=\"object-position:0% 0%\" width=\"8256\"\/>Leif Olav Alnes og Karsten Warholm er sv\u00e6rt interessert i skoteknologi.   Foto: Bj\u00f8rn S. Delebekk \/ VG<\/p>\n<ul class=\"_list_ew2ao_3 _list_xtcu6_9 _unordered_ew2ao_99 layout-component text-serif-m layout-normal text-serif-m layout-padded\">\n<li class=\"_item_ew2ao_30\"><a href=\"https:\/\/www.vg.no\/sport\/i\/OoVk13\/friidretts-vm-2025-i-japan-sendeskjema-og-alt-du-trenger-aa-vite\" data-track-element-type=\"Link\" data-track-id=\"link:OoVk13\" class=\"_link_ew2ao_39\" rel=\"nofollow noopener\" target=\"_blank\">Se hele VM-programmet her \u2013 og n\u00e5r Warholm l\u00f8per 400 meter hekk<\/a><\/li>\n<\/ul>\n<p class=\"_paragraph_ew2ao_4 _paragraph_xtcu6_10 layout-component text-serif-m layout-normal text-serif-m layout-padded\">VG fikk henge p\u00e5 da duoen var p\u00e5 et sko-show i Shibuya, et av de travleste omr\u00e5dene i Tokyos sentrum, i regi av sponsoren Puma torsdag. <\/p>\n<p class=\"_paragraph_ew2ao_4 _paragraph_xtcu6_10 layout-component text-serif-m layout-normal text-serif-m layout-padded\">\u2013 Hvordan merker man at det n\u00e6rmer seg VM?<\/p>\n<p class=\"_paragraph_ew2ao_4 _paragraph_xtcu6_10 layout-component text-serif-m layout-normal text-serif-m layout-padded\">\u2013 Med s\u00e5nne arrangementer som det her. Og ikke minst n\u00e5r du kommer inn p\u00e5 et ut\u00f8verhotell, svarer Warholm, la oss si &#8230; med en \u00f8rliten klump i magen.<\/p>\n<p class=\"_paragraph_ew2ao_4 _paragraph_xtcu6_10 layout-component text-serif-m layout-normal text-serif-m layout-padded\">Giganthotellet Shinagawa Prince HotelGiganthotellet Shinagawa Prince HotelHotellet best\u00e5r av fire t\u00e5rn. Det h\u00f8yeste er 40 etasjer.  er stedet de omtrent 2200 ut\u00f8verne fra nesten 200 nasjoner bor. I tillegg til hundrevis i st\u00f8tteapparatet. <\/p>\n<p><img alt=\"Leif Olav Alnes og Karsten Warholm p\u00e5 ut\u00f8verhotellet.   Foto: Heiko Junge \/ NTB\" class=\"_image_qp4xg_65 layout-component layout-normal\" data-fullscreen- data-track-element-type=\"Article image fullscreen\" data-track-name=\"ImageFullscreen\" decoding=\"async\" loading=\"lazy\" height=\"5760\" itemprop=\"image\"  src=\"https:\/\/www.europesays.com\/no\/wp-content\/uploads\/2025\/09\/a130024d-906a-46ce-860a-67e42f0940c1\"  style=\"object-position:0% 0%\" width=\"8640\"\/>Leif Olav Alnes og Karsten Warholm p\u00e5 ut\u00f8verhotellet.   Foto: Heiko Junge \/ NTBKarsten Warholm<\/p>\n<p class=\"_paragraph_ew2ao_4 _paragraph_xtcu6_10 _paragraph_16v91_10 layout-component text-serif-m layout-normal text-sans-m layout-padded\">*Aktuell: P\u00e5 plass i Tokyo til VM i friidrett. I 2021 satte han verdensrekord og tok OL-gull med 45,94 <\/p>\n<p class=\"_paragraph_ew2ao_4 _paragraph_xtcu6_10 _paragraph_16v91_10 layout-component text-serif-m layout-normal text-sans-m layout-padded\">* Alder: 29 \u00e5r (f\u00f8dt 28. februar 1996 i Ulsteinvik)<\/p>\n<p class=\"_paragraph_ew2ao_4 _paragraph_xtcu6_10 _paragraph_16v91_10 layout-component text-serif-m layout-normal text-sans-m layout-padded\">* Favoritt\u00f8velse: 400 meter hekk<\/p>\n<p class=\"_paragraph_ew2ao_4 _paragraph_xtcu6_10 _paragraph_16v91_10 layout-component text-serif-m layout-normal text-sans-m layout-padded\">* H\u00f8yde: 1,87 m<\/p>\n<p class=\"_paragraph_ew2ao_4 _paragraph_xtcu6_10 _paragraph_16v91_10 layout-component text-serif-m layout-normal text-sans-m layout-padded\">* Klubb: Dimna<\/p>\n<p class=\"_paragraph_ew2ao_4 _paragraph_xtcu6_10 _paragraph_16v91_10 layout-component text-serif-m layout-normal text-sans-m layout-padded\">* Trener: Leif Olav Alnes<\/p>\n<p class=\"_paragraph_ew2ao_4 _paragraph_xtcu6_10 _paragraph_16v91_10 layout-component text-serif-m layout-normal text-sans-m layout-padded\">* Meritter p\u00e5 400 m hekk utend\u00f8rs:<\/p>\n<p class=\"_paragraph_ew2ao_4 _paragraph_xtcu6_10 _paragraph_16v91_10 layout-component text-serif-m layout-normal text-sans-m layout-padded\">* OL: Ett gull (2021), ett s\u00f8lv (2024)<\/p>\n<p class=\"_paragraph_ew2ao_4 _paragraph_xtcu6_10 _paragraph_16v91_10 layout-component text-serif-m layout-normal text-sans-m layout-padded\">* VM: Tre gull (2017, 2019, 2023)<\/p>\n<p class=\"_paragraph_ew2ao_4 _paragraph_xtcu6_10 _paragraph_16v91_10 layout-component text-serif-m layout-normal text-sans-m layout-padded\">* EM: Tre gull (2018, 2022, 2024)<\/p>\n<p class=\"_paragraph_ew2ao_4 _paragraph_xtcu6_10 _paragraph_16v91_10 layout-component text-serif-m layout-normal text-sans-m layout-padded\">* Diamond League: Tre sammenlagttitler (2019, 2021 og 2025)<\/p>\n<p>Vis mer<\/p>\n<p class=\"_paragraph_ew2ao_4 _paragraph_xtcu6_10 layout-component text-serif-m layout-normal text-serif-m layout-padded\"><strong class=\"_strong_ew2ao_25\">Dermed er hovedoppgaven til Warholm f\u00f8r fors\u00f8ket mandag, semifinale onsdag og finale neste fredag enkel: Unng\u00e5 sykdom. <\/strong><\/p>\n<p class=\"_paragraph_ew2ao_4 _paragraph_xtcu6_10 layout-component text-serif-m layout-normal text-serif-m layout-padded\">\u2013 Plutselig er det helt kaos, alle landene g\u00e5r der, trange matsaler og fulle heiser. Da vet du at det begynner \u00e5 n\u00e6rme seg mesterskapet, ler Warholm. <\/p>\n<p class=\"_paragraph_ew2ao_4 _paragraph_xtcu6_10 layout-component text-serif-m layout-normal text-serif-m layout-padded\">\u2013 F\u00e5r dere panikk, eller er dere rolige?<\/p>\n<p class=\"_paragraph_ew2ao_4 _paragraph_xtcu6_10 layout-component text-serif-m layout-normal text-serif-m layout-padded\">\u2013 Vi er ganske rolig. Vi er heldig. Vi har litt erfaring. Men man merker at det n\u00e6rmer seg, og da er det ogs\u00e5 da man ikke kan gj\u00f8re noe feil, p\u00e5peker Alnes. <\/p>\n<p class=\"_paragraph_ew2ao_4 _paragraph_xtcu6_10 layout-component text-serif-m layout-normal text-serif-m layout-padded\">\u2013 Vi pr\u00f8ver \u00e5 minske risikoen for \u00e5 bli d\u00e5rlig n\u00e5r det er veldig, veldig mange samlet. N\u00e5r det er mye heistrafikk og slik, er det litt overlatt til flaks ogs\u00e5, men vi har noen tiltak som vi pr\u00f8ver p\u00e5, sier Alnes. <\/p>\n<p>De heldige inviterte spisset \u00f8rene da Karsten Warholm pratet om sko for sponsoren sin.  Foto: Bj\u00f8rn S. Delebekk \/ VG<\/p>\n<p class=\"_paragraph_ew2ao_4 _paragraph_xtcu6_10 layout-component text-serif-m layout-normal text-serif-m layout-padded\">Han legger til at de i praksis er \u00abferdig trent\u00bb.<\/p>\n<p class=\"_paragraph_ew2ao_4 _paragraph_xtcu6_10 layout-component text-serif-m layout-normal text-serif-m layout-padded\">\u2013 S\u00e5 det er ikke s\u00e5 mye hokus fokus. Vi har v\u00e6rt gjennom dette noen ganger. Og n\u00e5r det pirrer litt, er det jo litt g\u00f8y ogs\u00e5. Det er derfor vi holder p\u00e5. <\/p>\n<p class=\"_paragraph_ew2ao_4 _paragraph_xtcu6_10 layout-component text-serif-m layout-normal text-serif-m layout-padded\">Temperaturen og fuktigheten i Tokyo er en annen stor snakkis rett f\u00f8r VM-start. Varmen har gjort at landeveis-\u00f8velsene (maraton og kappgang) vil starte en halvtime tidligere om morgenen, 7.30 lokal tid (0.30 norsk tid).   <\/p>\n<p><img alt=\"Karsten Warholm skal snart dra frem samuraisverdet sitt i Tokyo.   Foto: Bj\u00f8rn S. Delebekk \/ VG\" class=\"_image_qp4xg_65 layout-component layout-normal\" data-fullscreen- data-track-element-type=\"Article image fullscreen\" data-track-name=\"ImageFullscreen\" decoding=\"async\" loading=\"lazy\" height=\"4768\" itemprop=\"image\"  src=\"https:\/\/www.europesays.com\/no\/wp-content\/uploads\/2025\/09\/d7e18322-e03d-4029-aee9-9a8b8e636eae\"  style=\"object-position:0% 0%\" width=\"3508\"\/>Karsten Warholm skal snart dra frem samuraisverdet sitt i Tokyo.   Foto: Bj\u00f8rn S. Delebekk \/ VG<\/p>\n<p class=\"_paragraph_ew2ao_4 _paragraph_xtcu6_10 layout-component text-serif-m layout-normal text-serif-m layout-padded\">Enkelte dager er det meldt opp mot 34 grader, som blir ekstremt hett i en storby. Men det er ogs\u00e5 varslet en del regn under VM. <\/p>\n<p class=\"_paragraph_ew2ao_4 _paragraph_xtcu6_10 layout-component text-serif-m layout-normal text-serif-m layout-padded\">Torsdag h\u00f8ljet regnet ned, i tillegg til lyn og torden som braket langt kraftigere enn hva som er normalt i Norge. <\/p>\n<p>Amalie Iuel og Hanne Andersen Maridal i en taxi i h\u00f8ljregnet i Tokyo. Foto: Heiko Junge \/ NTB<\/p>\n<p class=\"_paragraph_ew2ao_4 _paragraph_xtcu6_10 layout-component text-serif-m layout-normal text-serif-m layout-padded\"><strong class=\"_strong_ew2ao_25\">Alnes<\/strong>: \u2013\u2060\u00a0Det er jo veldig godt innev\u00e6r. Vi har jo med oss projektor og den st\u00f8rste tv-en p\u00e5 hotellet. S\u00e5 den dekker hele veggen, sier Alnes. <\/p>\n<p class=\"_paragraph_ew2ao_4 _paragraph_xtcu6_10 layout-component text-serif-m layout-normal text-serif-m layout-padded\"><strong class=\"_strong_ew2ao_25\">Warholm<\/strong>: \u2013\u2060\u00a0Det er ikke noe fare for oss. Men det er litt kjipere hvis det blir s\u00e5nn n\u00e5r vi skal konkurrere, men vi skal takle det ogs\u00e5.<\/p>\n<p class=\"_paragraph_ew2ao_4 _paragraph_xtcu6_10 layout-component text-serif-m layout-normal text-serif-m layout-padded\"><strong class=\"_strong_ew2ao_25\">Alnes<\/strong>: \u2013\u2060\u00a0Det blir kjipere for de andre hvis det blir s\u00e5nn v\u00e6r.<\/p>\n<p class=\"_paragraph_ew2ao_4 _paragraph_xtcu6_10 layout-component text-serif-m layout-normal text-serif-m layout-padded\"><strong class=\"_strong_ew2ao_25\">Warholm<\/strong>: \u2013\u2060\u00a0Ja, det er helt riktig, men s\u00e5nn som i dag tror jeg det hadde blitt avlyst. Haha.<\/p>\n<p><img alt=\"Sist Karsten Warholm var i Tokyo, satt han den elleville verdensrekorden p\u00e5 45,94 i OL-finalen.   Foto: Bj\u00f8rn S. Delebekk \/ VG\" class=\"_image_qp4xg_65 layout-component layout-normal\" data-fullscreen- data-track-element-type=\"Article image fullscreen\" data-track-name=\"ImageFullscreen\" decoding=\"async\" loading=\"lazy\" height=\"3192\" itemprop=\"image\"  src=\"https:\/\/www.europesays.com\/no\/wp-content\/uploads\/2025\/09\/13d3870b-6ed5-4fa0-a66b-4cc1fa6d0010\"  style=\"object-position:0% 0%\" width=\"4686\"\/>Sist Karsten Warholm var i Tokyo, satt han den elleville verdensrekorden p\u00e5 45,94 i OL-finalen.   Foto: Bj\u00f8rn S. Delebekk \/ VG<\/p>\n<p class=\"_paragraph_ew2ao_4 _paragraph_xtcu6_10 layout-component text-serif-m layout-normal text-serif-m layout-padded\"><strong class=\"_strong_ew2ao_25\">VG<\/strong>: \u2013\u2060\u00a0Hva spiller dere av p\u00e5 projektoren for \u00e5 koble av? <\/p>\n<p class=\"_paragraph_ew2ao_4 _paragraph_xtcu6_10 layout-component text-serif-m layout-normal text-serif-m layout-padded\"><strong class=\"_strong_ew2ao_25\">Warholm<\/strong>: \u2013\u2060\u00a0Fargo ser vi n\u00e5. Men Leif er blitt s\u00e5 s\u00f8vnig, s\u00e5 han sovner etter hver episode er ferdig.<\/p>\n<p class=\"_paragraph_ew2ao_4 _paragraph_xtcu6_10 layout-component text-serif-m layout-normal text-serif-m layout-padded\"><strong class=\"_strong_ew2ao_25\">VG<\/strong>: \u2013\u2060\u00a0Det er ikke viking-serie, s\u00e5 det blir ikke spennende nok for deg, Alnes?<\/p>\n<p class=\"_paragraph_ew2ao_4 _paragraph_xtcu6_10 layout-component text-serif-m layout-normal text-serif-m layout-padded\"><strong class=\"_strong_ew2ao_25\">Alnes<\/strong>: \u2013\u2060\u00a0Haha, det kan v\u00e6re det er det. Vi har jo sett alt av viking-serier! <\/p>\n<p class=\"_paragraph_ew2ao_4 _paragraph_xtcu6_10 layout-component text-serif-m layout-normal text-serif-m layout-padded\"><strong class=\"_strong_ew2ao_25\">Warholm<\/strong>: \u2013\u2060\u00a0Vi har sett alle! Hvis noen har noen viking-serier, m\u00e5 de gjerne komme med tips, for vi tror vi har sett alt.<\/p>\n<p>ChatGPT kom med disse forslageneKlassiske storserier<\/p>\n<ul class=\"_list_ew2ao_3 _list_xtcu6_9 _list_16v91_9 _unordered_ew2ao_99 layout-component text-serif-m layout-normal text-sans-m layout-padded\">\n<li class=\"_item_ew2ao_30\"><strong class=\"_strong_ew2ao_25\">Vikings (2013\u20132020)<\/strong> \u2013 Den mest kjente vikingserien, f\u00f8lger Ragnar Lothbrok og hans etterkommere.<\/li>\n<li class=\"_item_ew2ao_30\"><strong class=\"_strong_ew2ao_25\">Vikings: Valhalla (2022 \u2013)<\/strong> \u2013 Spin-off fra Vikings, lagt til 100 \u00e5r senere, med Leif Erikson og Harald Hardr\u00e5de i sentrum.<\/li>\n<\/ul>\n<p>Fantasy med viking- og norr\u00f8n inspirasjon<\/p>\n<ul class=\"_list_ew2ao_3 _list_xtcu6_9 _list_16v91_9 _unordered_ew2ao_99 layout-component text-serif-m layout-normal text-sans-m layout-padded\">\n<li class=\"_item_ew2ao_30\"><strong class=\"_strong_ew2ao_25\">The Last Kingdom (2015\u20132022)<\/strong> \u2013 Historisk drama basert p\u00e5 Bernard Cornwells b\u00f8ker om Uhtred av Bebbanburg, med fokus p\u00e5 vikingenes erobring av England.<\/li>\n<li class=\"_item_ew2ao_30\"><strong class=\"_strong_ew2ao_25\">Norsemen \/ Vikingane (2016\u20132020)<\/strong> \u2013 Norsk komedieparodi p\u00e5 vikingtid, tilgjengelig b\u00e5de p\u00e5 norsk og engelsk.<\/li>\n<li class=\"_item_ew2ao_30\"><strong class=\"_strong_ew2ao_25\">American Gods (2017\u20132021)<\/strong> \u2013 Neil Gaiman-adaptasjon, med Odin og norr\u00f8ne myter som en viktig del av handlingen.<\/li>\n<li class=\"_item_ew2ao_30\"><strong class=\"_strong_ew2ao_25\">Ragnarok (2020\u20132023)<\/strong> \u2013 Norsk serie p\u00e5 Netflix, der norr\u00f8ne guder og jotner dukker opp i en moderne setting.<\/li>\n<\/ul>\n<p>Mindre kjente \/ internasjonale serier<\/p>\n<ul class=\"_list_ew2ao_3 _list_xtcu6_9 _list_16v91_9 _unordered_ew2ao_99 layout-component text-serif-m layout-normal text-sans-m layout-padded\">\n<li class=\"_item_ew2ao_30\"><strong class=\"_strong_ew2ao_25\">Beowulf: Return to the Shieldlands (2016)<\/strong> \u2013 Inspirert av det gammelengelske heltediktet Beowulf.<\/li>\n<li class=\"_item_ew2ao_30\"><strong class=\"_strong_ew2ao_25\">Britannia (2018\u20132021)<\/strong> \u2013 Handler om romernes erobring av Britannia, men har ogs\u00e5 mye keltisk og norr\u00f8n-inspirert mystikk.<\/li>\n<li class=\"_item_ew2ao_30\"><strong class=\"_strong_ew2ao_25\">Barbarians (2020 \u2013)<\/strong> \u2013 Tysk serie p\u00e5 Netflix, om germanernes kamp mot Romerriket (ikke vikinger, men n\u00e6rt i tema og stil).<\/li>\n<\/ul>\n<p>Dokumentarer og historiske serier<\/p>\n<ul class=\"_list_ew2ao_3 _list_xtcu6_9 _list_16v91_9 _unordered_ew2ao_99 layout-component text-serif-m layout-normal text-sans-m layout-padded\">\n<li class=\"_item_ew2ao_30\"><strong class=\"_strong_ew2ao_25\">Vikings Unearthed (2016)<\/strong> \u2013 BBC-dokumentar om Leif Erikson og mulige nye arkeologiske funn i Nord-Amerika.<\/li>\n<li class=\"_item_ew2ao_30\"><strong class=\"_strong_ew2ao_25\">Secrets of the Viking Stone (2020)<\/strong> \u2013 Dokumentarserie om mysteriet rundt Kensington Runestone i Minnesota.<\/li>\n<li class=\"_item_ew2ao_30\"><strong class=\"_strong_ew2ao_25\">The Real Vikings (2016)<\/strong> \u2013 History Channel-dokumentar med skuespillere fra Vikings som reiser til ekte vikingsteder.<\/li>\n<\/ul>\n<p>Vis mer<\/p>\n<p class=\"_paragraph_ew2ao_4 _paragraph_xtcu6_10 layout-component text-serif-m layout-normal text-serif-m layout-padded\"><strong class=\"_strong_ew2ao_25\">Bruk kommentarfeltet om du kan hjelpe Warholm og Alnes med tips til viking-inspirasjon, deres felles favorittema innenfor underholdning, i gulljakten. <\/strong><\/p>\n","protected":false},"excerpt":{"rendered":"Karsten Warholm er klar for friidretts-VM i Tokyo, som starter 13. september. Treningene har g\u00e5tt bra, og formen&hellip;\n","protected":false},"author":2,"featured_media":32752,"comment_status":"","ping_status":"","sticky":false,"template":"","format":"standard","meta":{"footnotes":""},"categories":[59],"tags":[423,1245,2196,2197,30,28,29,83,82],"class_list":{"0":"post-32751","1":"post","2":"type-post","3":"status-publish","4":"format-standard","5":"has-post-thumbnail","7":"category-sport","8":"tag-friidrett","9":"tag-friidretts-vm","10":"tag-karsten-warholm","11":"tag-leif-olav-alnes","12":"tag-no","13":"tag-norge","14":"tag-norway","15":"tag-sport","16":"tag-sports"},"share_on_mastodon":{"url":"","error":""},"_links":{"self":[{"href":"https:\/\/www.europesays.com\/no\/wp-json\/wp\/v2\/posts\/32751","targetHints":{"allow":["GET"]}}],"collection":[{"href":"https:\/\/www.europesays.com\/no\/wp-json\/wp\/v2\/posts"}],"about":[{"href":"https:\/\/www.europesays.com\/no\/wp-json\/wp\/v2\/types\/post"}],"author":[{"embeddable":true,"href":"https:\/\/www.europesays.com\/no\/wp-json\/wp\/v2\/users\/2"}],"replies":[{"embeddable":true,"href":"https:\/\/www.europesays.com\/no\/wp-json\/wp\/v2\/comments?post=32751"}],"version-history":[{"count":0,"href":"https:\/\/www.europesays.com\/no\/wp-json\/wp\/v2\/posts\/32751\/revisions"}],"wp:featuredmedia":[{"embeddable":true,"href":"https:\/\/www.europesays.com\/no\/wp-json\/wp\/v2\/media\/32752"}],"wp:attachment":[{"href":"https:\/\/www.europesays.com\/no\/wp-json\/wp\/v2\/media?parent=32751"}],"wp:term":[{"taxonomy":"category","embeddable":true,"href":"https:\/\/www.europesays.com\/no\/wp-json\/wp\/v2\/categories?post=32751"},{"taxonomy":"post_tag","embeddable":true,"href":"https:\/\/www.europesays.com\/no\/wp-json\/wp\/v2\/tags?post=32751"}],"curies":[{"name":"wp","href":"https:\/\/api.w.org\/{rel}","templated":true}]}}