{"id":32757,"date":"2025-09-11T16:29:15","date_gmt":"2025-09-11T16:29:15","guid":{"rendered":"https:\/\/www.europesays.com\/no\/32757\/"},"modified":"2025-09-11T16:29:15","modified_gmt":"2025-09-11T16:29:15","slug":"sport-naeringsliv-vesterals-bedrift-gir-flere-millioner-til-glimt-stadion","status":"publish","type":"post","link":"https:\/\/www.europesays.com\/no\/32757\/","title":{"rendered":"Sport, N\u00e6ringsliv | Vester\u00e5ls-bedrift gir flere millioner til Glimt-stadion"},"content":{"rendered":"\n<p>Oppdrettsfirmaet Nordlaks har funnet rom i budsjettet for et ikke ubetydelig innskudd i sportsverden. Torsdag melder Bod\u00f8\/Glimt at Nordlaks g\u00e5r inn med 10 millioner kroner i den nye stadion som skal bygges.<\/p>\n<p>\u2013 Bod\u00f8\/Glimt er beviset p\u00e5 at det er mulig \u00e5 f\u00e5 til store ting ute i verden ved \u00e5 jobbe systematisk over tid for \u00e5 bygge et godt lag. De er et av v\u00e5re fremste symboler p\u00e5 at det er mulig \u00e5 f\u00e5 til store ting fra Nord-Norge, sier Eirik Welde, konsernsjef i Nordlaks i pressemeldingen.<\/p>\n<p>Nordlaks har samarbeidet med Glimt opp igjennom \u00e5rene.<\/p>\n<p>\u2013 Vi er stolte over \u00e5 ha Nordlaks med p\u00e5 laget. De viser daglig hva det vil si \u00e5 bygge langsiktig, ta samfunnsansvar og skape arbeidsplasser i nord. N\u00e5r de n\u00e5 ogs\u00e5 bidrar til v\u00e5r nye arena, er det en sterk bekreftelse p\u00e5 kraften vi har n\u00e5r n\u00e6ringsliv og fotball g\u00e5r sammen om \u00e5 utvikle landsdelen, sier Frode Thomassen, daglig leder i Glimt.<\/p>\n<p>  <a href=\"https:\/\/www.blv.no\/5-9-876961\" class=\"related-teaser has-image default-story-teaser article--c-eRUmMG article--c-eRUmMG-jKCPdD-design-default\" rel=\"nofollow noopener\" target=\"_blank\"><\/p>\n<p>    <img decoding=\"async\" loading=\"lazy\"  src=\"https:\/\/www.europesays.com\/no\/wp-content\/uploads\/2025\/09\/n9LQ2P6UMIe0ZafqOXrjB8jxf2Q.jpg\" alt=\"\" class=\"brick-c-cFOWSL\" style=\"\"\/><\/p>\n<p>\n            Les ogs\u00e5<\/p>\n<p>              Morild-legenden Truls (38) tilbake: \u2013 Bedre \u00e5 bidra her enn \u00e5 sitte p\u00e5 benken\n        <\/p>\n<p>  <\/a><\/p>\n<p>  <a href=\"https:\/\/www.blv.no\/5-9-876778\" class=\"related-teaser has-image default-story-teaser article--c-eRUmMG article--c-eRUmMG-jKCPdD-design-default\" rel=\"nofollow noopener\" target=\"_blank\"><\/p>\n<p>    <img decoding=\"async\" loading=\"lazy\"  src=\"https:\/\/www.europesays.com\/no\/wp-content\/uploads\/2025\/09\/1757608155_502_IMG_8129.jpg\" alt=\"\" class=\"brick-c-cFOWSL\" style=\"\"\/><\/p>\n<p>\n            Les ogs\u00e5<\/p>\n<p>              Hj\u00f8rnesteinsbedriften st\u00f8tter ny Glimt-stadion med betydelig sum: \u2013 Handler om mer enn fotball\n        <\/p>\n<p>  <\/a><\/p>\n<p>Les mer om: artikkelemnene<\/p>\n","protected":false},"excerpt":{"rendered":"Oppdrettsfirmaet Nordlaks har funnet rom i budsjettet for et ikke ubetydelig innskudd i sportsverden. Torsdag melder Bod\u00f8\/Glimt at&hellip;\n","protected":false},"author":2,"featured_media":32758,"comment_status":"","ping_status":"","sticky":false,"template":"","format":"standard","meta":{"footnotes":""},"categories":[59],"tags":[36,4491,1107,62,30,28,29,14,83,82,1510],"class_list":{"0":"post-32757","1":"post","2":"type-post","3":"status-publish","4":"format-standard","5":"has-post-thumbnail","7":"category-sport","8":"tag-art","9":"tag-fk-bodo-glimt","10":"tag-hadsel","11":"tag-naeringsliv","12":"tag-no","13":"tag-norge","14":"tag-norway","15":"tag-nyheter","16":"tag-sport","17":"tag-sports","18":"tag-story"},"share_on_mastodon":{"url":"","error":""},"_links":{"self":[{"href":"https:\/\/www.europesays.com\/no\/wp-json\/wp\/v2\/posts\/32757","targetHints":{"allow":["GET"]}}],"collection":[{"href":"https:\/\/www.europesays.com\/no\/wp-json\/wp\/v2\/posts"}],"about":[{"href":"https:\/\/www.europesays.com\/no\/wp-json\/wp\/v2\/types\/post"}],"author":[{"embeddable":true,"href":"https:\/\/www.europesays.com\/no\/wp-json\/wp\/v2\/users\/2"}],"replies":[{"embeddable":true,"href":"https:\/\/www.europesays.com\/no\/wp-json\/wp\/v2\/comments?post=32757"}],"version-history":[{"count":0,"href":"https:\/\/www.europesays.com\/no\/wp-json\/wp\/v2\/posts\/32757\/revisions"}],"wp:featuredmedia":[{"embeddable":true,"href":"https:\/\/www.europesays.com\/no\/wp-json\/wp\/v2\/media\/32758"}],"wp:attachment":[{"href":"https:\/\/www.europesays.com\/no\/wp-json\/wp\/v2\/media?parent=32757"}],"wp:term":[{"taxonomy":"category","embeddable":true,"href":"https:\/\/www.europesays.com\/no\/wp-json\/wp\/v2\/categories?post=32757"},{"taxonomy":"post_tag","embeddable":true,"href":"https:\/\/www.europesays.com\/no\/wp-json\/wp\/v2\/tags?post=32757"}],"curies":[{"name":"wp","href":"https:\/\/api.w.org\/{rel}","templated":true}]}}